{"id":166386,"date":"2014-03-11T21:35:57","date_gmt":"2014-03-12T03:35:57","guid":{"rendered":"http:\/\/www.diarioimagen.net\/?p=166386"},"modified":"2014-03-12T03:21:44","modified_gmt":"2014-03-12T09:21:44","slug":"ricky-martin-graba-en-brasil-tema-del-mundial-2014","status":"publish","type":"post","link":"https:\/\/www.diarioimagen.net\/?p=166386","title":{"rendered":"Ricky Martin graba en Brasil tema del Mundial 2014"},"content":{"rendered":"<ul>\n<li><i>\u00a0<strong>Filma en R\u00edo de janeiro filma el video del tema <\/strong><\/i><strong>Vida<i>, canci\u00f3n triunfadora de \u201csuper song\u201d, el concurso global de m\u00fasica para la Copa Mundial FIFA 2014.<\/i><\/strong><\/li>\n<\/ul>\n<p><i>\u00a0<\/i><\/p>\n<div id=\"attachment_166387\" style=\"width: 250px\" class=\"wp-caption alignleft\"><img loading=\"lazy\" decoding=\"async\" aria-describedby=\"caption-attachment-166387\" class=\"size-medium wp-image-166387\" alt=\"Sony Music comparti\u00f3 con los medios las fotos del video que grab\u00f3 en Brasil Ricky Martin.\" src=\"http:\/\/www.diarioimagen.net\/wp-content\/uploads\/2014\/03\/ricky-martin-portal-240x135.jpg\" width=\"240\" height=\"135\" srcset=\"https:\/\/www.diarioimagen.net\/wp-content\/uploads\/2014\/03\/ricky-martin-portal-240x135.jpg 240w, https:\/\/www.diarioimagen.net\/wp-content\/uploads\/2014\/03\/ricky-martin-portal-420x236.jpg 420w, https:\/\/www.diarioimagen.net\/wp-content\/uploads\/2014\/03\/ricky-martin-portal-235x132.jpg 235w, https:\/\/www.diarioimagen.net\/wp-content\/uploads\/2014\/03\/ricky-martin-portal-202x114.jpg 202w, https:\/\/www.diarioimagen.net\/wp-content\/uploads\/2014\/03\/ricky-martin-portal-350x196.jpg 350w, https:\/\/www.diarioimagen.net\/wp-content\/uploads\/2014\/03\/ricky-martin-portal-220x123.jpg 220w, https:\/\/www.diarioimagen.net\/wp-content\/uploads\/2014\/03\/ricky-martin-portal-237x132.jpg 237w, https:\/\/www.diarioimagen.net\/wp-content\/uploads\/2014\/03\/ricky-martin-portal.jpg 480w\" sizes=\"auto, (max-width: 240px) 100vw, 240px\" \/><p id=\"caption-attachment-166387\" class=\"wp-caption-text\">Sony Music comparti\u00f3 con los medios las fotos del video que grab\u00f3 en Brasil Ricky Martin.<\/p><\/div>\n<p><i><\/i>Ricky Martin visit\u00f3 la ciudad de R\u00edo de Janeiro para grabar el video del tema del Mundial 2014, &#8216;Vida&#8217;.<\/p>\n<p>El cantante comparti\u00f3 parte de la locaci\u00f3n con una serie de fotos en las redes sociales y al parecer estar\u00e1 acompa\u00f1ado de varias personas en las im\u00e1genes del clip.<\/p>\n<p>El puertorrique\u00f1o arrib\u00f3 el domingo 9 de marzo a Brasil para grabar el video que ser\u00e1 el himno de la Copa del Mundo 2014.<\/p>\n<p>La canci\u00f3n result\u00f3 de un concurso que Martin promovi\u00f3. Anteriormente se hab\u00eda dado a conocer que Ricky desea trabajar en m\u00fasica dedicada al p\u00fablico infantil.<\/p>\n<p>&nbsp;<\/p>\n","protected":false},"excerpt":{"rendered":"<p>Ricky Martin visit\u00f3 la ciudad de R\u00edo de Janeiro para grabar el video del tema del Mundial 2014, &#8216;Vida&#8217;.<\/p>\n","protected":false},"author":5,"featured_media":166387,"comment_status":"open","ping_status":"open","sticky":false,"template":"","format":"standard","meta":{"_monsterinsights_skip_tracking":false,"_monsterinsights_sitenote_active":false,"_monsterinsights_sitenote_note":"","_monsterinsights_sitenote_category":0,"footnotes":""},"categories":[17,12],"tags":[4728,31139,998],"class_list":["post-166386","post","type-post","status-publish","format-standard","has-post-thumbnail","hentry","category-especiales","category-espectaculos","tag-brasil","tag-mundial-2014","tag-ricky-martin"],"_links":{"self":[{"href":"https:\/\/www.diarioimagen.net\/index.php?rest_route=\/wp\/v2\/posts\/166386","targetHints":{"allow":["GET"]}}],"collection":[{"href":"https:\/\/www.diarioimagen.net\/index.php?rest_route=\/wp\/v2\/posts"}],"about":[{"href":"https:\/\/www.diarioimagen.net\/index.php?rest_route=\/wp\/v2\/types\/post"}],"author":[{"embeddable":true,"href":"https:\/\/www.diarioimagen.net\/index.php?rest_route=\/wp\/v2\/users\/5"}],"replies":[{"embeddable":true,"href":"https:\/\/www.diarioimagen.net\/index.php?rest_route=%2Fwp%2Fv2%2Fcomments&post=166386"}],"version-history":[{"count":0,"href":"https:\/\/www.diarioimagen.net\/index.php?rest_route=\/wp\/v2\/posts\/166386\/revisions"}],"wp:featuredmedia":[{"embeddable":true,"href":"https:\/\/www.diarioimagen.net\/index.php?rest_route=\/wp\/v2\/media\/166387"}],"wp:attachment":[{"href":"https:\/\/www.diarioimagen.net\/index.php?rest_route=%2Fwp%2Fv2%2Fmedia&parent=166386"}],"wp:term":[{"taxonomy":"category","embeddable":true,"href":"https:\/\/www.diarioimagen.net\/index.php?rest_route=%2Fwp%2Fv2%2Fcategories&post=166386"},{"taxonomy":"post_tag","embeddable":true,"href":"https:\/\/www.diarioimagen.net\/index.php?rest_route=%2Fwp%2Fv2%2Ftags&post=166386"}],"curies":[{"name":"wp","href":"https:\/\/api.w.org\/{rel}","templated":true}]}}