{"id":166431,"date":"2014-03-12T00:07:55","date_gmt":"2014-03-12T06:07:55","guid":{"rendered":"http:\/\/www.diarioimagen.net\/?p=166431"},"modified":"2014-03-13T02:52:39","modified_gmt":"2014-03-13T08:52:39","slug":"reguladas-por-la-ley-medidas-aplicadas-por-ift-pena-nieto","status":"publish","type":"post","link":"https:\/\/www.diarioimagen.net\/?p=166431","title":{"rendered":"Reguladas por la ley, medidas aplicadas por IFT: Pe\u00f1a Nieto"},"content":{"rendered":"<ul>\n<li><strong><em>Tras asistir a la toma de posesi\u00f3n de la presidenta Michelle Bachelet, dijo que est\u00e1 en tiempo para presentar las leyes secundarias<\/em><\/strong><\/li>\n<\/ul>\n<h6>Jos\u00e9 Luis Monta\u00f1ez<\/h6>\n<p>&nbsp;<\/p>\n<div id=\"attachment_166467\" style=\"width: 250px\" class=\"wp-caption alignleft\"><a href=\"http:\/\/www.diarioimagen.net\/wp-content\/uploads\/2014\/03\/epn-2311.jpg\"><img loading=\"lazy\" decoding=\"async\" aria-describedby=\"caption-attachment-166467\" class=\"size-medium wp-image-166467\" alt=\"El presidente de M\u00e9xico, Enrique Pe\u00f1a Nieto, se reuni\u00f3 con Michelle Bachelet, luego de la ceremonia de toma de posesi\u00f3n de la nueva mandataria de ese pa\u00eds\u00ad sudamericano.\" src=\"http:\/\/www.diarioimagen.net\/wp-content\/uploads\/2014\/03\/epn-2311-240x214.jpg\" width=\"240\" height=\"214\" srcset=\"https:\/\/www.diarioimagen.net\/wp-content\/uploads\/2014\/03\/epn-2311-240x214.jpg 240w, https:\/\/www.diarioimagen.net\/wp-content\/uploads\/2014\/03\/epn-2311-420x375.jpg 420w, https:\/\/www.diarioimagen.net\/wp-content\/uploads\/2014\/03\/epn-2311.jpg 700w\" sizes=\"auto, (max-width: 240px) 100vw, 240px\" \/><\/a><p id=\"caption-attachment-166467\" class=\"wp-caption-text\">El presidente de M\u00e9xico, Enrique Pe\u00f1a Nieto, se reuni\u00f3 con Michelle Bachelet, luego de la ceremonia de toma de posesi\u00f3n de la nueva mandataria de ese pa\u00eds\u00ad sudamericano.<\/p><\/div>\n<p><strong>Valparaiso, Chile<\/strong>.- Las medidas aplicadas por el Instituto Federal de Telecomunicaciones (IFT) son \u201cun tema eminentemente regulado en la ley\u201d, se\u00f1al\u00f3 el presidente Enrique Pe\u00f1a Nieto.<\/p>\n<p>Asegur\u00f3 tambi\u00e9n que el gobierno de la Rep\u00fablica est\u00e1 \u201cen tiempo\u201d para presentar las iniciativas de leyes secundarias en materia energ\u00e9tica y de telecomunicaciones, que cuidar\u00e1n y mantendr\u00e1n el esp\u00edritu de las reformas que se hicieron a la Constituci\u00f3n.<\/p>\n<p>Luego de acudir a la toma de protesta de Michelle Bachelet como presidenta de Chile, el mandatario mexicano reiter\u00f3 que en poco tiempo se presentar\u00e1n las iniciativas para cumplir lo que mandata la propia Carta Magna.<\/p>\n<p>\u201cEspero que en breve estemos enviando la iniciativa\u201d sobre telecomunicaciones, \u201clo mismo que en materia energ\u00e9tica, para cumplir lo que ordena la propia Constituci\u00f3n\u201d.<\/p>\n<p>El objetivo es que \u201ccuidando y manteniendo el esp\u00edritu de las reformas que se hicieron a la Constituci\u00f3n, ahora se puedan aterrizar a la legislaci\u00f3n secundaria\u201d, abund\u00f3.<\/p>\n<p>Al profundizar en la reforma en materia de telecomunicaciones, particularmente sobre la competencia para crear dos nuevos canales de televisi\u00f3n abierta, Pe\u00f1a Nieto indic\u00f3 que es un tema \u201ceminentemente regulado en la ley, es parte de la nueva legislaci\u00f3n y la reforma que se hizo en materia de telecomunicaciones\u201d.<\/p>\n<p align=\"center\"><b>Encuentro con Michelle Bachelet<\/b><\/p>\n<p>Luego de un encuentro con la nueva presidenta de Chile, Michelle Bachelet, el mandatario mexicano concluy\u00f3 su visita a este pa\u00eds.<\/p>\n<p>En una estancia de menos de 24 horas, el mandatario mexicano y su esposa, Ang\u00e9lica Rivera de Pe\u00f1a, as\u00ed como funcionarios de su gabinete que lo acompa\u00f1an, abordaron el avi\u00f3n TP01 a las 18:44 horas tiempo local, para iniciar el viaje de regreso a la ciudad de M\u00e9xico.<\/p>\n<p>Durante su visita en esta ciudad, el presidente Pe\u00f1a Nieto asisti\u00f3 a la ceremonia oficial de transmisi\u00f3n de poderes de ese pa\u00eds.<\/p>\n<p>La llegada del Presidente se realiz\u00f3 para dar continuidad al di\u00e1logo pol\u00edtico del m\u00e1s alto nivel y profundizar la relaci\u00f3n bilateral con la nueva administraci\u00f3n chilena.<\/p>\n<p>De esta manera, el jefe del Ejecutivo mexicano culmin\u00f3 su gira de trabajo de dos d\u00edas por Ecuador y Chile, por lo que arribar\u00e1 a M\u00e9xico, tras un vuelo de m\u00e1s de ocho horas.<\/p>\n<p>Anteriormente, en un mensaje a los medios de comunicaci\u00f3n, Pe\u00f1a Nieto destac\u00f3 que su presencia \u201ccumple con el prop\u00f3sito especial y sentido que M\u00e9xico tiene de profundizar su relaci\u00f3n con Am\u00e9rica Latina, de ahondar en la relaci\u00f3n con los pa\u00edses hermanos de esta regi\u00f3n, con quienes, tenemos una gran identidad cultural\u201d.<\/p>\n<p>\u201cEsto viene a reafirmar esta vocaci\u00f3n e invariable voluntad que el gobierno de la Rep\u00fablica Mexicana tiene para reafirmar su identidad latinoamericana y seguir trabajando de manera coordinada con los pa\u00edses de esta regi\u00f3n para un mayor desarrollo y progreso de los pa\u00edses latinoamericanos\u201d, mencion\u00f3.<\/p>\n<p>En el caso de esta naci\u00f3n, Pe\u00f1a Nieto expres\u00f3: \u201cvale la pena destacar que Chile es para M\u00e9xico un importante, no s\u00f3lo amigo y aliado, sino socio estrat\u00e9gico en materia comercial\u201d.<\/p>\n<p>Ratific\u00f3 adem\u00e1s la voluntad firme y decidida que tiene su gobierno \u201cde seguir trabajando en esta estrecha relaci\u00f3n que hemos construido y que queremos seguir ampliando y fortaleciendo entre M\u00e9xico y Chile\u201d.<\/p>\n<p>Al respecto, mencion\u00f3 que \u201cnuestras exportaciones son relevantes y la plataforma que ahora estamos consolidando, a trav\u00e9s de la Alianza del Pac\u00edfico, estoy convencido de que es una plataforma que detonar\u00e1 el intercambio comercial entre los dos pa\u00edses, y entre los cuatro pa\u00edses que formamos esta Alianza del Pac\u00edfico, adem\u00e1s de Chile y M\u00e9xico, Per\u00fa y Colombia\u201d.<\/p>\n<p>Por ello, reiter\u00f3 que \u201cM\u00e9xico est\u00e1 volteando hacia sus hermanos de Am\u00e9rica Latina. Significa que queremos, insisto, profundizar nuestra relaci\u00f3n con los pa\u00edses hermanos de esta regi\u00f3n y\u00a0 establecer diversos mecanismos para una mayor relaci\u00f3n en distintos \u00e1mbitos, para una mayor cooperaci\u00f3n,\u00a0 como lo hemos venido destacando\u201d.<\/p>\n<p>Y\u00a0 ahora, agreg\u00f3, \u201ca trav\u00e9s de distintos espacios y mecanismos de integraci\u00f3n venimos fortaleciendo esta relaci\u00f3n de M\u00e9xico con los pa\u00edses latinoamericanos\u201d.<\/p>\n<p>El primer mandatario mexicano dijo que esta visita a Chile tiene el prop\u00f3sito acompa\u00f1ar el relevo que se da en el gobierno, a la presidenta Bachelet, \u201ca quien le deseamos el mayor de los \u00e9xitos en su gesti\u00f3n\u201d.<\/p>\n<p>Record\u00f3 que ambos pa\u00edses son socios fundadores de la Alianza del Pac\u00edfico, tienen un acuerdo de libre comercio, y que son miembros de la negociaci\u00f3n que se viene haciendo del Acuerdo de Asociaci\u00f3n Transpac\u00edfico.<\/p>\n<p>\u201cTodos estos son mecanismos que, sin duda, nos acercan mucho a este pa\u00eds hermano\u201d, concluy\u00f3.<\/p>\n<p>&nbsp;<\/p>\n","protected":false},"excerpt":{"rendered":"<p><span style=\"color: #005497;\"><strong>Jos\u00e9 Luis Monta\u00f1ez<\/strong><\/span><br \/>\n<br \/>\nLas medidas aplicadas por el Instituto Federal de Telecomunicaciones (IFT) son \u201cun tema eminentemente regulado en la ley\u201d, se\u00f1al\u00f3 el presidente Enrique Pe\u00f1a Nieto. Asegur\u00f3 tambi\u00e9n que el gobierno de la Rep\u00fablica est\u00e1 \u201cen tiempo\u201d para presentar las iniciativas de leyes secundarias en materia energ\u00e9tica y de telecomunicaciones, que cuidar\u00e1n y mantendr\u00e1n el esp\u00edritu de las reformas que se hicieron a la Constituci\u00f3n.<\/p>\n","protected":false},"author":3,"featured_media":166468,"comment_status":"open","ping_status":"open","sticky":false,"template":"","format":"standard","meta":{"_monsterinsights_skip_tracking":false,"_monsterinsights_sitenote_active":false,"_monsterinsights_sitenote_note":"","_monsterinsights_sitenote_category":0,"footnotes":""},"categories":[17,3],"tags":[122,18,26863,44,3043,43673,3096],"class_list":["post-166431","post","type-post","status-publish","format-standard","has-post-thumbnail","hentry","category-especiales","category-nacional","tag-chile","tag-enrique-pena-nieto","tag-instituto-federal-de-telecomunicaciones","tag-mexico","tag-michelle-bachelet","tag-nacional","tag-valparaiso"],"_links":{"self":[{"href":"https:\/\/www.diarioimagen.net\/index.php?rest_route=\/wp\/v2\/posts\/166431","targetHints":{"allow":["GET"]}}],"collection":[{"href":"https:\/\/www.diarioimagen.net\/index.php?rest_route=\/wp\/v2\/posts"}],"about":[{"href":"https:\/\/www.diarioimagen.net\/index.php?rest_route=\/wp\/v2\/types\/post"}],"author":[{"embeddable":true,"href":"https:\/\/www.diarioimagen.net\/index.php?rest_route=\/wp\/v2\/users\/3"}],"replies":[{"embeddable":true,"href":"https:\/\/www.diarioimagen.net\/index.php?rest_route=%2Fwp%2Fv2%2Fcomments&post=166431"}],"version-history":[{"count":0,"href":"https:\/\/www.diarioimagen.net\/index.php?rest_route=\/wp\/v2\/posts\/166431\/revisions"}],"wp:featuredmedia":[{"embeddable":true,"href":"https:\/\/www.diarioimagen.net\/index.php?rest_route=\/wp\/v2\/media\/166468"}],"wp:attachment":[{"href":"https:\/\/www.diarioimagen.net\/index.php?rest_route=%2Fwp%2Fv2%2Fmedia&parent=166431"}],"wp:term":[{"taxonomy":"category","embeddable":true,"href":"https:\/\/www.diarioimagen.net\/index.php?rest_route=%2Fwp%2Fv2%2Fcategories&post=166431"},{"taxonomy":"post_tag","embeddable":true,"href":"https:\/\/www.diarioimagen.net\/index.php?rest_route=%2Fwp%2Fv2%2Ftags&post=166431"}],"curies":[{"name":"wp","href":"https:\/\/api.w.org\/{rel}","templated":true}]}}