{"id":166541,"date":"2014-03-13T00:01:04","date_gmt":"2014-03-13T06:01:04","guid":{"rendered":"http:\/\/www.diarioimagen.net\/?p=166541"},"modified":"2014-03-14T03:06:45","modified_gmt":"2014-03-14T09:06:45","slug":"basta-de-mano-negra-en-las-elecciones-de-la-anda-ernesto-gomez-cruz","status":"publish","type":"post","link":"https:\/\/www.diarioimagen.net\/?p=166541","title":{"rendered":"Basta de \u201cmano negra\u201d en las elecciones de la ANDA: Ernesto G\u00f3mez Cruz"},"content":{"rendered":"<ul>\n<li><strong>Promete que de lograr la Secretar\u00eda General, pondr\u00e1 de inmediato manos a la obra porque necesita salvar el gremio antes que ocurra algo m\u00e1s tr\u00e1gico<\/strong><\/li>\n<\/ul>\n<div id=\"attachment_166542\" style=\"width: 182px\" class=\"wp-caption alignleft\"><img loading=\"lazy\" decoding=\"async\" aria-describedby=\"caption-attachment-166542\" class=\"size-medium wp-image-166542 \" alt=\"El actor Ernesto G\u00f3mez Cruz se compromete a que, de llegar a dirigir los destinos de la ANDA, actuar\u00e1 con transparencia y la sacar\u00e1 del bache econ\u00f3mico en que se encuentra.\" src=\"http:\/\/www.diarioimagen.net\/wp-content\/uploads\/2014\/03\/ernesto-gomez-cruz-PORTAL-172x240.jpg\" width=\"172\" height=\"240\" srcset=\"https:\/\/www.diarioimagen.net\/wp-content\/uploads\/2014\/03\/ernesto-gomez-cruz-PORTAL-172x240.jpg 172w, https:\/\/www.diarioimagen.net\/wp-content\/uploads\/2014\/03\/ernesto-gomez-cruz-PORTAL-301x420.jpg 301w, https:\/\/www.diarioimagen.net\/wp-content\/uploads\/2014\/03\/ernesto-gomez-cruz-PORTAL.jpg 700w\" sizes=\"auto, (max-width: 172px) 100vw, 172px\" \/><p id=\"caption-attachment-166542\" class=\"wp-caption-text\">El actor Ernesto G\u00f3mez Cruz se compromete a que, de llegar a dirigir los destinos de la ANDA, actuar\u00e1 con transparencia y la sacar\u00e1 del bache econ\u00f3mico en que se encuentra.<\/p><\/div>\n<p>El primer actor, Ernesto G\u00f3mez Cruz, lucha incansablemente por llegar a la Secretar\u00eda General de la Asociaci\u00f3n Nacional de Actores (ANDA) para ayudar a sus compa\u00f1eros, principalmente a los que menos tienen, pero pide que ning\u00fan ex secretario meta \u201cmano negra\u201d por alg\u00fan candidato.<\/p>\n<p>\u201cQuiero que los compa\u00f1eros voten por quien realmente vele por sus intereses, no se vale que haya mano negra, favoritismos, \u00a0influencias, porque por eso no avanza la ANDA\u201d.<\/p>\n<p>El primer actor, conocido por su personaje de <i>El Padre Gallo<\/i> considera que es la mejor opci\u00f3n porque siempre se ha mostrado honestidad y deseos de mejorar su gremio que est\u00e1 tan sangrado.<\/p>\n<p>Ernesto aduce que cuando \u00e9l compet\u00eda contra Silvia Pinal para dirigir la ANDA, \u00e9l llevaba la delantera y extra\u00f1amente \u201cperdi\u00f3\u201d por 43 votos.<\/p>\n<p>\u201cNunca entend\u00ed. Todos mis compa\u00f1eros me dec\u00edan que iba bien, que me apoyaban, como ahora siento que se me apoya y les gusta mis deseos de mejorar. Ojal\u00e1 ahora no haya esa mano negra. Yo compito derecho\u201d.<\/p>\n<p>Promete que de lograr la Secretar\u00eda General de la ANDA, pondr\u00e1 de inmediato manos a la obra porque necesita salvar el gremio antes que ocurra algo m\u00e1s tr\u00e1gico.<\/p>\n<p>\u201cLe tengo gran amor a la ANDA, ser\u00eda injusto que se perdiera. Siento que es una de las causas por las que los j\u00f3venes no se quieren incorporar. Yo quiero hacer valer derechos y garant\u00edas, que todos gocen los beneficios\u201d.<\/p>\n<p>Espera que le favorezcan los votos y ahora s\u00ed se convierta en el l\u00edder nacional de actores.<\/p>\n","protected":false},"excerpt":{"rendered":"<p>El primer actor, Ernesto G\u00f3mez Cruz, lucha incansablemente por llegar a la Secretar\u00eda General de la Asociaci\u00f3n Nacional de Actores (ANDA) para ayudar a sus compa\u00f1eros, principalmente a los que menos tienen, pero pide que ning\u00fan ex secretario meta \u201cmano negra\u201d por alg\u00fan candidato.<\/p>\n","protected":false},"author":5,"featured_media":166542,"comment_status":"open","ping_status":"open","sticky":false,"template":"","format":"standard","meta":{"_monsterinsights_skip_tracking":false,"_monsterinsights_sitenote_active":false,"_monsterinsights_sitenote_note":"","_monsterinsights_sitenote_category":0,"footnotes":""},"categories":[17,12],"tags":[7926,7925,2067,43682],"class_list":["post-166541","post","type-post","status-publish","format-standard","has-post-thumbnail","hentry","category-especiales","category-espectaculos","tag-anda","tag-asociacion-nacional-de-actores","tag-ernesto-gomez-cruz","tag-espectaculos"],"_links":{"self":[{"href":"https:\/\/www.diarioimagen.net\/index.php?rest_route=\/wp\/v2\/posts\/166541","targetHints":{"allow":["GET"]}}],"collection":[{"href":"https:\/\/www.diarioimagen.net\/index.php?rest_route=\/wp\/v2\/posts"}],"about":[{"href":"https:\/\/www.diarioimagen.net\/index.php?rest_route=\/wp\/v2\/types\/post"}],"author":[{"embeddable":true,"href":"https:\/\/www.diarioimagen.net\/index.php?rest_route=\/wp\/v2\/users\/5"}],"replies":[{"embeddable":true,"href":"https:\/\/www.diarioimagen.net\/index.php?rest_route=%2Fwp%2Fv2%2Fcomments&post=166541"}],"version-history":[{"count":0,"href":"https:\/\/www.diarioimagen.net\/index.php?rest_route=\/wp\/v2\/posts\/166541\/revisions"}],"wp:featuredmedia":[{"embeddable":true,"href":"https:\/\/www.diarioimagen.net\/index.php?rest_route=\/wp\/v2\/media\/166542"}],"wp:attachment":[{"href":"https:\/\/www.diarioimagen.net\/index.php?rest_route=%2Fwp%2Fv2%2Fmedia&parent=166541"}],"wp:term":[{"taxonomy":"category","embeddable":true,"href":"https:\/\/www.diarioimagen.net\/index.php?rest_route=%2Fwp%2Fv2%2Fcategories&post=166541"},{"taxonomy":"post_tag","embeddable":true,"href":"https:\/\/www.diarioimagen.net\/index.php?rest_route=%2Fwp%2Fv2%2Ftags&post=166541"}],"curies":[{"name":"wp","href":"https:\/\/api.w.org\/{rel}","templated":true}]}}