{"id":166553,"date":"2014-03-12T21:11:50","date_gmt":"2014-03-13T03:11:50","guid":{"rendered":"http:\/\/www.diarioimagen.net\/?p=166553"},"modified":"2014-03-13T02:53:43","modified_gmt":"2014-03-13T08:53:43","slug":"turandot-y-la-boheme-de-bellas-artes-al-auditorio-nacional","status":"publish","type":"post","link":"https:\/\/www.diarioimagen.net\/?p=166553","title":{"rendered":"Turandot y La Boh\u00e8me de Bellas Artes al Auditorio Nacional"},"content":{"rendered":"<ul>\n<li><strong><i>Tras 10 a\u00f1os de ausencia, la \u00f3pera del INBA regresa al Coloso de Reforma\u00a0<\/i><\/strong><\/li>\n<\/ul>\n<p><b>\u00a0<\/b><b>Texto y foto: Arturo Arellano<\/b><\/p>\n<div id=\"attachment_166554\" style=\"width: 170px\" class=\"wp-caption alignleft\"><img loading=\"lazy\" decoding=\"async\" aria-describedby=\"caption-attachment-166554\" class=\"size-medium wp-image-166554\" alt=\"La \u00d3pera de Bellas Artes se presentar\u00e1 en vivo en el Auditorio Nacional con dos obras emblem\u00e1ticas de Puccini: Turandot y La Boh\u00e8me, esteralizadas con elencos nacionales y extranjeros.  Para la lente de DIARIO IMAGEN posan la soprano Olivia Gorra y el director de escena Luis Miguel Lombana.         \" src=\"http:\/\/www.diarioimagen.net\/wp-content\/uploads\/2014\/03\/opera-POORTAL-160x240.jpg\" width=\"160\" height=\"240\" srcset=\"https:\/\/www.diarioimagen.net\/wp-content\/uploads\/2014\/03\/opera-POORTAL-160x240.jpg 160w, https:\/\/www.diarioimagen.net\/wp-content\/uploads\/2014\/03\/opera-POORTAL-281x420.jpg 281w, https:\/\/www.diarioimagen.net\/wp-content\/uploads\/2014\/03\/opera-POORTAL.jpg 700w\" sizes=\"auto, (max-width: 160px) 100vw, 160px\" \/><p id=\"caption-attachment-166554\" class=\"wp-caption-text\">La \u00d3pera de Bellas Artes se presentar\u00e1 en vivo en el Auditorio Nacional con dos obras emblem\u00e1ticas de Puccini: Turandot y La Boh\u00e8me, esteralizadas con elencos nacionales y extranjeros. Para la lente de DIARIO IMAGEN posan la soprano Olivia Gorra y el director de escena Luis Miguel Lombana.<\/p><\/div>\n<p><span style=\"line-height: 1.5em;\">Ser\u00e1 con dos obras de Giacomo Puccini que la \u00f3pera de Bellas Artes regresa a uno de los recintos m\u00e1s importantes del pa\u00eds, el Auditorio Nacional, para presentar en primera instancia <\/span><i style=\"line-height: 1.5em;\">Turandot<\/i><span style=\"line-height: 1.5em;\"> los d\u00edas 9 y 11 de mayo y posteriormente <\/span><i style=\"line-height: 1.5em;\">La Boh\u00e8me<\/i><span style=\"line-height: 1.5em;\"> para el 11, 12 y 13 de julio, brindando la oportunidad a una mayor cantidad de p\u00fablico de presenciar \u00f3pera en vivo, tomando en cuenta que en el Palacio de Bellas Artes las localidades son muy limitadas<\/span><\/p>\n<p>&nbsp;<\/p>\n<p>En conferencia de prensa se dieron a conocer los detalles de esta corta temporada. <i>Turandot <\/i>ser\u00e1 estelarizada por la soprano Siciliana Tiziana Caruso en el rol protag\u00f3nico, el tenor italiano Rubens Pelizzari como <i>Calaf <\/i>y los artistas mexicanos Olivia Gorra como <i>Li\u00fa <\/i>y Rosendo Flores como <i>Timur<\/i>, \u201ctengo que agradecer porque me tomaron en cuenta, sobre todo en el papel de <i>Li\u00fa <\/i>que me trae tan lindos recuerdos ya que le di vida en la Metropolitan Opera de Nueva York, recibiendo una aceptaci\u00f3n grandiosa, puedo recordar que tras mi participaci\u00f3n la gente aplaudi\u00f3 de una manera muy fuerte, incluso al terminar la \u00f3pera me dijeron que hab\u00eda llevado porra de M\u00e9xico\u201d, se\u00f1alo Olivia Gorra.<\/p>\n<p>Por su parte Luis Miguel Lombana, director de escena de ambas producciones, habl\u00f3 de las necesidades t\u00e9cnicas al llevar este espect\u00e1culo de Bellas Artes al Auditorio Nacional, \u201ccelebro poder traer estas dos producciones a un recinto tan importante como lo es el Auditorio Nacional y hablando de necesidades t\u00e9cnicas puedo decir que ambas \u00f3peras estar\u00e1n muy c\u00f3modas y completas, ya que cuando sacamos estas propuestas al interior de la Rep\u00fablica Mexicana o en el mismo Palacio de Bellas Artes se deben sacrificar algunos elementos esc\u00e9nicos y t\u00e9cnicos por cuesti\u00f3n de espacio, no cabemos, pero no ser\u00e1 el caso del Auditorio, tenemos la suficiente amplitud y anchura para llegar completos\u201d, acot\u00f3.<\/p>\n<p>Pese a esto se\u00f1al\u00f3 tambi\u00e9n el espacio como el primer reto a enfrentar, \u201cel reto inicial es adaptarse al espacio, no quedarnos cortos, despu\u00e9s el dise\u00f1o de iluminaci\u00f3n que debe estar listo, en seguida la cuesti\u00f3n de producci\u00f3n en cuanto al maquillaje, pues \u00e9ste cambia por las luces, por supuesto el audio es primordial, la sincronizaci\u00f3n de coristas, solistas y orquesta, que el sonido no se pierda en su transmisi\u00f3n.<\/p>\n<p>Me siento muy afortunado de poder enfrentar este reto, dos propuestas, ante un p\u00fablico tan amplio\u201d, coment\u00f3, a lo que el Tenor mexicano Ram\u00f3n Vargas agreg\u00f3, \u201cllegar a este recinto significa que mayor cantidad de gente tendr\u00e1 acceso al arte, los precios son muy variados al alcance de muchos bolsillos, pero lo m\u00e1s importante es que las dos \u00f3peras que se eligieron son bastante digeribles, los personajes son muy humanos y cualquiera se identificar\u00e1 con ellos, eso servir\u00e1 para capturar la atenci\u00f3n de j\u00f3venes y p\u00fablico nuevo que nunca ha estado en una \u00f3pera\u201d, concluy\u00f3.<\/p>\n","protected":false},"excerpt":{"rendered":"<p>Ser\u00e1 con dos obras de Giacomo Puccini que la \u00f3pera de Bellas Artes regresa a uno de los recintos m\u00e1s importantes del pa\u00eds, el Auditorio Nacional, para presentar en primera instancia Turandot los d\u00edas 9 y 11 de mayo y posteriormente La Boh\u00e8me para el 11, 12 y 13 de julio, brindando la oportunidad a una mayor cantidad de p\u00fablico de presenciar \u00f3pera en vivo, tomando en cuenta que en el Palacio de Bellas Artes las localidades son muy limitadas<\/p>\n","protected":false},"author":5,"featured_media":166555,"comment_status":"open","ping_status":"open","sticky":false,"template":"","format":"standard","meta":{"_monsterinsights_skip_tracking":false,"_monsterinsights_sitenote_active":false,"_monsterinsights_sitenote_note":"","_monsterinsights_sitenote_category":0,"footnotes":""},"categories":[17,12],"tags":[471,17340],"class_list":["post-166553","post","type-post","status-publish","format-standard","has-post-thumbnail","hentry","category-especiales","category-espectaculos","tag-auditorio-nacional","tag-bellas-artes"],"_links":{"self":[{"href":"https:\/\/www.diarioimagen.net\/index.php?rest_route=\/wp\/v2\/posts\/166553","targetHints":{"allow":["GET"]}}],"collection":[{"href":"https:\/\/www.diarioimagen.net\/index.php?rest_route=\/wp\/v2\/posts"}],"about":[{"href":"https:\/\/www.diarioimagen.net\/index.php?rest_route=\/wp\/v2\/types\/post"}],"author":[{"embeddable":true,"href":"https:\/\/www.diarioimagen.net\/index.php?rest_route=\/wp\/v2\/users\/5"}],"replies":[{"embeddable":true,"href":"https:\/\/www.diarioimagen.net\/index.php?rest_route=%2Fwp%2Fv2%2Fcomments&post=166553"}],"version-history":[{"count":0,"href":"https:\/\/www.diarioimagen.net\/index.php?rest_route=\/wp\/v2\/posts\/166553\/revisions"}],"wp:featuredmedia":[{"embeddable":true,"href":"https:\/\/www.diarioimagen.net\/index.php?rest_route=\/wp\/v2\/media\/166555"}],"wp:attachment":[{"href":"https:\/\/www.diarioimagen.net\/index.php?rest_route=%2Fwp%2Fv2%2Fmedia&parent=166553"}],"wp:term":[{"taxonomy":"category","embeddable":true,"href":"https:\/\/www.diarioimagen.net\/index.php?rest_route=%2Fwp%2Fv2%2Fcategories&post=166553"},{"taxonomy":"post_tag","embeddable":true,"href":"https:\/\/www.diarioimagen.net\/index.php?rest_route=%2Fwp%2Fv2%2Ftags&post=166553"}],"curies":[{"name":"wp","href":"https:\/\/api.w.org\/{rel}","templated":true}]}}