{"id":166696,"date":"2014-03-14T00:03:22","date_gmt":"2014-03-14T06:03:22","guid":{"rendered":"http:\/\/www.diarioimagen.net\/?p=166696"},"modified":"2014-03-15T03:36:17","modified_gmt":"2014-03-15T09:36:17","slug":"morena-sera-partido-a-fines-de-mayo-amlo","status":"publish","type":"post","link":"https:\/\/www.diarioimagen.net\/?p=166696","title":{"rendered":"Morena ser\u00e1 partido a fines de mayo: AMLO"},"content":{"rendered":"<ul>\n<li><em><strong>Realiz\u00f3 30 asambleas estatales y present\u00f3 un padr\u00f3n de m\u00e1s de 600 mil militantes<\/strong><\/em><\/li>\n<\/ul>\n<div id=\"attachment_166697\" style=\"width: 250px\" class=\"wp-caption alignleft\"><img loading=\"lazy\" decoding=\"async\" aria-describedby=\"caption-attachment-166697\" class=\"size-medium wp-image-166697 \" alt=\"Mientras, agreg\u00f3, Morena se prepara ya para participar en el pr\u00f3ximo proceso electoral del 2015 en los diversos estados que renovar\u00e1n gubernaturas, diputaciones locales y alcald\u00edas, adem\u00e1s de la elecci\u00f3n de diputados federales.\" src=\"http:\/\/www.diarioimagen.net\/wp-content\/uploads\/2014\/03\/amlo-portal-240x135.jpg\" width=\"240\" height=\"135\" srcset=\"https:\/\/www.diarioimagen.net\/wp-content\/uploads\/2014\/03\/amlo-portal-240x135.jpg 240w, https:\/\/www.diarioimagen.net\/wp-content\/uploads\/2014\/03\/amlo-portal-420x236.jpg 420w, https:\/\/www.diarioimagen.net\/wp-content\/uploads\/2014\/03\/amlo-portal-235x132.jpg 235w, https:\/\/www.diarioimagen.net\/wp-content\/uploads\/2014\/03\/amlo-portal-202x114.jpg 202w, https:\/\/www.diarioimagen.net\/wp-content\/uploads\/2014\/03\/amlo-portal-350x196.jpg 350w, https:\/\/www.diarioimagen.net\/wp-content\/uploads\/2014\/03\/amlo-portal-220x123.jpg 220w, https:\/\/www.diarioimagen.net\/wp-content\/uploads\/2014\/03\/amlo-portal-237x132.jpg 237w, https:\/\/www.diarioimagen.net\/wp-content\/uploads\/2014\/03\/amlo-portal.jpg 480w\" sizes=\"auto, (max-width: 240px) 100vw, 240px\" \/><p id=\"caption-attachment-166697\" class=\"wp-caption-text\">Considera Andr\u00e9s Manuel L\u00f3pez Obrador que en mayo su Morena ya ser\u00e1 partido pol\u00edtico.<\/p><\/div>\n<p>El ex candidato presidencial, Andr\u00e9s Manuel L\u00f3pez Obrador, anticip\u00f3 que el Movimiento de Regeneraci\u00f3n Nacional recibir\u00e1 a finales de mayo su registro como partido pol\u00edtico, luego de cumplir con los requisitos de ley para conformarse como tal.<\/p>\n<p>El presidente del Consejo Nacional de Morena inform\u00f3, en conferencia de prensa, que ya se cumpli\u00f3 con los requisitos que establece el Instituto Federal Electoral, como es la realizaci\u00f3n de m\u00e1s de 20 asambleas constitutivas y un padr\u00f3n de 210 mil afiliados. Expuso que su organizaci\u00f3n fue m\u00e1s all\u00e1 y realiz\u00f3 30 asambleas estatales y present\u00f3 un padr\u00f3n de m\u00e1s de 600 mil militantes.<\/p>\n<p>\u201cMorena va muy bien -expres\u00f3-. Nos tienen que entregar a m\u00e1s tardar a finales de mayo nuestro registro como partido pol\u00edtico, ya cumplimos con ese requisito y ahora lo que estamos preparando es la consulta para postular candidatos\u201d.<\/p>\n<p>Ante de iniciar una visita de cuatro d\u00edas a Sonora, donde visitar\u00e1 14 municipios del centro y sur, el l\u00edder de oposici\u00f3n anunci\u00f3 que, no obstante haber cumplido los requisitos para su registro como partido pol\u00edtico, se realizar\u00e1n asambleas el 23 de marzo en Monterrey, Nuevo Le\u00f3n, y el 30 de marzo en La Paz y Los Cabos, Baja California Sur.<\/p>\n<p>Mientras, agreg\u00f3, Morena se prepara ya para participar en el pr\u00f3ximo proceso electoral del 2015 en los diversos estados que renovar\u00e1n gubernaturas, diputaciones locales y alcald\u00edas, adem\u00e1s de la elecci\u00f3n de diputados federales.<\/p>\n","protected":false},"excerpt":{"rendered":"<p>El ex candidato presidencial, Andr\u00e9s Manuel L\u00f3pez Obrador, anticip\u00f3 que el Movimiento de Regeneraci\u00f3n Nacional recibir\u00e1 a finales de mayo su registro como partido pol\u00edtico, luego de cumplir con los requisitos de ley para conformarse como tal.<\/p>\n","protected":false},"author":5,"featured_media":166697,"comment_status":"open","ping_status":"open","sticky":false,"template":"","format":"standard","meta":{"_monsterinsights_skip_tracking":false,"_monsterinsights_sitenote_active":false,"_monsterinsights_sitenote_note":"","_monsterinsights_sitenote_category":0,"footnotes":""},"categories":[17,3],"tags":[2545,20663,20271,43673],"class_list":["post-166696","post","type-post","status-publish","format-standard","has-post-thumbnail","hentry","category-especiales","category-nacional","tag-amlo","tag-morena","tag-movimiento-de-regeneracion-nacional","tag-nacional"],"_links":{"self":[{"href":"https:\/\/www.diarioimagen.net\/index.php?rest_route=\/wp\/v2\/posts\/166696","targetHints":{"allow":["GET"]}}],"collection":[{"href":"https:\/\/www.diarioimagen.net\/index.php?rest_route=\/wp\/v2\/posts"}],"about":[{"href":"https:\/\/www.diarioimagen.net\/index.php?rest_route=\/wp\/v2\/types\/post"}],"author":[{"embeddable":true,"href":"https:\/\/www.diarioimagen.net\/index.php?rest_route=\/wp\/v2\/users\/5"}],"replies":[{"embeddable":true,"href":"https:\/\/www.diarioimagen.net\/index.php?rest_route=%2Fwp%2Fv2%2Fcomments&post=166696"}],"version-history":[{"count":0,"href":"https:\/\/www.diarioimagen.net\/index.php?rest_route=\/wp\/v2\/posts\/166696\/revisions"}],"wp:featuredmedia":[{"embeddable":true,"href":"https:\/\/www.diarioimagen.net\/index.php?rest_route=\/wp\/v2\/media\/166697"}],"wp:attachment":[{"href":"https:\/\/www.diarioimagen.net\/index.php?rest_route=%2Fwp%2Fv2%2Fmedia&parent=166696"}],"wp:term":[{"taxonomy":"category","embeddable":true,"href":"https:\/\/www.diarioimagen.net\/index.php?rest_route=%2Fwp%2Fv2%2Fcategories&post=166696"},{"taxonomy":"post_tag","embeddable":true,"href":"https:\/\/www.diarioimagen.net\/index.php?rest_route=%2Fwp%2Fv2%2Ftags&post=166696"}],"curies":[{"name":"wp","href":"https:\/\/api.w.org\/{rel}","templated":true}]}}