{"id":166702,"date":"2014-03-13T20:10:59","date_gmt":"2014-03-14T02:10:59","guid":{"rendered":"http:\/\/www.diarioimagen.net\/?p=166702"},"modified":"2014-03-14T03:08:27","modified_gmt":"2014-03-14T09:08:27","slug":"y-donde-esta-mi-romeo-regresa-a-los-escenarios","status":"publish","type":"post","link":"https:\/\/www.diarioimagen.net\/?p=166702","title":{"rendered":"\u00bfY d\u00f3nde est\u00e1 mi Romeo? regresa a los escenarios"},"content":{"rendered":"<ul>\n<li><i><strong>Con humor \u00e1cido, la historia que se presenta en el Teatro Julio Prieto, aborda temas cotidianos como la obesidad, la bulimia, el aborto y el maltrato a los adultos mayores<\/strong><\/i><\/li>\n<\/ul>\n<p><b style=\"line-height: 1.5em;\">Por Asael Grande<\/b><\/p>\n<p><b>Fotos Patricia Correa<\/b><\/p>\n<div id=\"attachment_166703\" style=\"width: 250px\" class=\"wp-caption alignleft\"><img loading=\"lazy\" decoding=\"async\" aria-describedby=\"caption-attachment-166703\" class=\"size-medium wp-image-166703\" alt=\"Es una deliciosa comedia de enredos en la cual el final nos sorprender\u00e1, nos har\u00e1 llorar, re\u00edr y reflexionar. \" src=\"http:\/\/www.diarioimagen.net\/wp-content\/uploads\/2014\/03\/romeo-portal-240x135.jpg\" width=\"240\" height=\"135\" srcset=\"https:\/\/www.diarioimagen.net\/wp-content\/uploads\/2014\/03\/romeo-portal-240x135.jpg 240w, https:\/\/www.diarioimagen.net\/wp-content\/uploads\/2014\/03\/romeo-portal-420x236.jpg 420w, https:\/\/www.diarioimagen.net\/wp-content\/uploads\/2014\/03\/romeo-portal-235x132.jpg 235w, https:\/\/www.diarioimagen.net\/wp-content\/uploads\/2014\/03\/romeo-portal-202x114.jpg 202w, https:\/\/www.diarioimagen.net\/wp-content\/uploads\/2014\/03\/romeo-portal-350x196.jpg 350w, https:\/\/www.diarioimagen.net\/wp-content\/uploads\/2014\/03\/romeo-portal-220x123.jpg 220w, https:\/\/www.diarioimagen.net\/wp-content\/uploads\/2014\/03\/romeo-portal-237x132.jpg 237w, https:\/\/www.diarioimagen.net\/wp-content\/uploads\/2014\/03\/romeo-portal.jpg 480w\" sizes=\"auto, (max-width: 240px) 100vw, 240px\" \/><p id=\"caption-attachment-166703\" class=\"wp-caption-text\">Es una deliciosa comedia de enredos en la cual el final nos sorprender\u00e1, nos har\u00e1 llorar, re\u00edr y reflexionar.<\/p><\/div>\n<p><span style=\"line-height: 1.5em;\">Cata, la trabajadora dom\u00e9stica de una familia com\u00fan, vive frustrada por su obesidad y est\u00e1 atrapada en su gran sue\u00f1o de ser una famosa actriz. Aparece entonces una oportunidad de interpretar el personaje de <\/span><i style=\"line-height: 1.5em;\">Julieta <\/i><span style=\"line-height: 1.5em;\">en la tragedia de William Shakespeare generando una divertida situaci\u00f3n de enredos que involucra a toda la familia.<\/span><\/p>\n<p>Esta deliciosa comedia de enredos, en la cual el final sorprender\u00e1 al p\u00fablico, regresa a los escenarios en el Teatro Julio Prieto. Bajo la direcci\u00f3n de Miguel \u00c1ngel Gabriel, la obra que har\u00e1 llorar, re\u00edr y reflexionar, la conforma un elenco de primer nivel, compuesto por Lucero L\u00e1nder, Gabriela Carrillo, Rebeca Mart\u00ednez, Estefan\u00eda Villarreal, Claudia Acosta, Rafael Sante, Rodrigo Ortega, Sergio Feregrino y Rodrigo Ortega.<\/p>\n<p>Previo a la funci\u00f3n de reestreno de <i>\u00bfY d\u00f3nde est\u00e1 mi Romeo?,<\/i> asistieron invitados como Ariel Miramontes \u201cAlbertano\u201d y Jos\u00e9 Luis Guarneros \u201cMacaco\u201d, as\u00ed como Jessica Mas, quienes fueron los padrinos de honor de esta funci\u00f3n especial.<\/p>\n<p>La actriz Lucero L\u00e1nder coment\u00f3 al finalizar la funci\u00f3n que \u201cla obra toca temas importantes, problemas de la vida cotidiana que\u00a0 o quisi\u00e9ramos que existieran, porque son fuertes, pero ah\u00ed est\u00e1n, abordamos el g\u00e9nero de la comedia de enredos, pero lo que queremos es que la gente la analice y disfrute la obra\u201d.<\/p>\n<p>Todos los mi\u00e9rcoles se presenta <i>\u00bfY d\u00f3nde est\u00e1 mi Romeo? <\/i>en el Teatro Julio Prieto. Una comedia que no te debes perder.<\/p>\n","protected":false},"excerpt":{"rendered":"<p>Cata, la trabajadora dom\u00e9stica de una familia com\u00fan, vive frustrada por su obesidad y est\u00e1 atrapada en su gran sue\u00f1o de ser una famosa actriz. Aparece entonces una oportunidad de interpretar el personaje de Julieta en la tragedia de William Shakespeare generando una divertida situaci\u00f3n de enredos que involucra a toda la familia.<\/p>\n","protected":false},"author":5,"featured_media":166703,"comment_status":"open","ping_status":"open","sticky":false,"template":"","format":"standard","meta":{"_monsterinsights_skip_tracking":false,"_monsterinsights_sitenote_active":false,"_monsterinsights_sitenote_note":"","_monsterinsights_sitenote_category":0,"footnotes":""},"categories":[17,12],"tags":[8910,7029],"class_list":["post-166702","post","type-post","status-publish","format-standard","has-post-thumbnail","hentry","category-especiales","category-espectaculos","tag-teatro-julio-prieto","tag-william-shakespeare"],"_links":{"self":[{"href":"https:\/\/www.diarioimagen.net\/index.php?rest_route=\/wp\/v2\/posts\/166702","targetHints":{"allow":["GET"]}}],"collection":[{"href":"https:\/\/www.diarioimagen.net\/index.php?rest_route=\/wp\/v2\/posts"}],"about":[{"href":"https:\/\/www.diarioimagen.net\/index.php?rest_route=\/wp\/v2\/types\/post"}],"author":[{"embeddable":true,"href":"https:\/\/www.diarioimagen.net\/index.php?rest_route=\/wp\/v2\/users\/5"}],"replies":[{"embeddable":true,"href":"https:\/\/www.diarioimagen.net\/index.php?rest_route=%2Fwp%2Fv2%2Fcomments&post=166702"}],"version-history":[{"count":0,"href":"https:\/\/www.diarioimagen.net\/index.php?rest_route=\/wp\/v2\/posts\/166702\/revisions"}],"wp:featuredmedia":[{"embeddable":true,"href":"https:\/\/www.diarioimagen.net\/index.php?rest_route=\/wp\/v2\/media\/166703"}],"wp:attachment":[{"href":"https:\/\/www.diarioimagen.net\/index.php?rest_route=%2Fwp%2Fv2%2Fmedia&parent=166702"}],"wp:term":[{"taxonomy":"category","embeddable":true,"href":"https:\/\/www.diarioimagen.net\/index.php?rest_route=%2Fwp%2Fv2%2Fcategories&post=166702"},{"taxonomy":"post_tag","embeddable":true,"href":"https:\/\/www.diarioimagen.net\/index.php?rest_route=%2Fwp%2Fv2%2Ftags&post=166702"}],"curies":[{"name":"wp","href":"https:\/\/api.w.org\/{rel}","templated":true}]}}