{"id":166725,"date":"2014-03-14T00:13:51","date_gmt":"2014-03-14T06:13:51","guid":{"rendered":"http:\/\/www.diarioimagen.net\/?p=166725"},"modified":"2014-03-18T23:50:35","modified_gmt":"2014-03-19T05:50:35","slug":"en-edomex-primero-la-transparencia","status":"publish","type":"post","link":"https:\/\/www.diarioimagen.net\/?p=166725","title":{"rendered":"En Edomex, primero la transparencia"},"content":{"rendered":"<h2>Arco Norte<\/h2>\n<h5>Jos\u00e9 Luis Monta\u00f1ez Aguilar<\/h5>\n<p>&nbsp;<\/p>\n<div id=\"attachment_166801\" style=\"width: 250px\" class=\"wp-caption alignleft\"><a href=\"http:\/\/www.diarioimagen.net\/wp-content\/uploads\/2014\/03\/arco-2313.jpg\"><img loading=\"lazy\" decoding=\"async\" aria-describedby=\"caption-attachment-166801\" class=\"size-medium wp-image-166801\" alt=\"El gobernador Eruviel \u00c1vila Villegas detall\u00f3 que la Plataforma de Transparencia es una herramienta mediante la cual la poblaci\u00f3n en general tiene la posibilidad de supervisar, observar y vigilar c\u00f3mo se gastan los recursos del ramo 23.\" src=\"http:\/\/www.diarioimagen.net\/wp-content\/uploads\/2014\/03\/arco-2313-240x135.jpg\" width=\"240\" height=\"135\" srcset=\"https:\/\/www.diarioimagen.net\/wp-content\/uploads\/2014\/03\/arco-2313-240x135.jpg 240w, https:\/\/www.diarioimagen.net\/wp-content\/uploads\/2014\/03\/arco-2313-420x236.jpg 420w, https:\/\/www.diarioimagen.net\/wp-content\/uploads\/2014\/03\/arco-2313-235x132.jpg 235w, https:\/\/www.diarioimagen.net\/wp-content\/uploads\/2014\/03\/arco-2313-202x114.jpg 202w, https:\/\/www.diarioimagen.net\/wp-content\/uploads\/2014\/03\/arco-2313-350x196.jpg 350w, https:\/\/www.diarioimagen.net\/wp-content\/uploads\/2014\/03\/arco-2313-220x123.jpg 220w, https:\/\/www.diarioimagen.net\/wp-content\/uploads\/2014\/03\/arco-2313-237x132.jpg 237w, https:\/\/www.diarioimagen.net\/wp-content\/uploads\/2014\/03\/arco-2313.jpg 480w\" sizes=\"auto, (max-width: 240px) 100vw, 240px\" \/><\/a><p id=\"caption-attachment-166801\" class=\"wp-caption-text\">El gobernador Eruviel \u00c1vila Villegas detall\u00f3 que la Plataforma de Transparencia es una herramienta mediante la cual la poblaci\u00f3n en general tiene la posibilidad de supervisar, observar y vigilar c\u00f3mo se gastan los recursos del ramo 23.<\/p><\/div>\n<p>El gobierno del Estado de M\u00e9xico se suma a la medida que aplicar\u00e1 la Secretar\u00eda de Hacienda y Cr\u00e9dito P\u00fablico con la Plataforma de Transparencia de Proyectos de Inversi\u00f3n en Entidades Federativas, que fue presentada\u00a0 por el titular de la SHCP, Luis Videgaray, pues permite a la ciudadan\u00eda exigir a los gobiernos informaci\u00f3n de c\u00f3mo y en qu\u00e9 se aplica el dinero del pueblo en sus localidades y da certidumbre sobre c\u00f3mo se gastan los recursos p\u00fablicos. \u201cLe podemos informar a la gente c\u00f3mo se gastan los recursos los presidentes municipales, los gobernadores. Ustedes, el pueblo, va a estar todav\u00eda m\u00e1s informado a trav\u00e9s de esta plataforma que ayer el secretario de Hacienda anunci\u00f3, dici\u00e9ndoles c\u00f3mo estamos gastando, en qu\u00e9 estamos invirtiendo, con qu\u00e9 rapidez estamos llevando a cabo las obras, porque, finalmente, lo que los gobernantes hacemos es administrar los recursos de la gente, ustedes nos ponen, conf\u00edan en nosotros para administrar sus recursos y lo menos que podemos hacer es realizarlo con transparencia, honradez y eficacia\u201d, expres\u00f3 al inaugurar la Unidad de Estudios Superiores de Ixtapaluca, que pertenece a la Universidad Mexiquense del Bicentenario y entregar apoyos del programa Acciones por la Educaci\u00f3n, a trav\u00e9s de la tarjeta \u201cLa Efectiva\u201d, donde detall\u00f3 que la Plataforma de Transparencia es una herramienta mediante la cual la poblaci\u00f3n en general tiene la posibilidad de supervisar, observar y vigilar c\u00f3mo se gastan los recursos del ramo 23, que son destinados a diversos apoyos e infraestructura. En este sentido, destac\u00f3 que previo a esta medida, el gobierno del Estado de M\u00e9xico se ha conducido bajo lineamientos de transparencia, muestra de ello es el reciente reconocimiento que la consultora financiera A-Regional le otorg\u00f3 a la entidad por el\u00a0 manejo eficiente, responsable y transparente de los recursos p\u00fablicos que maneja.<\/p>\n<p><em><\/em><em><a href=\"mailto:montanezaguilar@gmail.com\" target=\"_blank\">montanezaguilar@gmail.com<\/a><\/em><\/p>\n","protected":false},"excerpt":{"rendered":"<p><span style=\"color: #005497;\"><strong>Jos\u00e9 Luis Monta\u00f1ez Aguilar<\/strong><\/span><br \/>\n<br \/>\nEl gobierno del Estado de M\u00e9xico se suma a la medida que aplicar\u00e1 la Secretar\u00eda de Hacienda y Cr\u00e9dito P\u00fablico con la Plataforma de Transparencia de Proyectos de Inversi\u00f3n en Entidades Federativas, que fue presentada  por el titular de la SHCP, Luis Videgaray, pues permite a la ciudadan\u00eda exigir a los gobiernos informaci\u00f3n de c\u00f3mo y en qu\u00e9 se aplica el dinero del pueblo en sus localidades y da certidumbre sobre c\u00f3mo se gastan los recursos p\u00fablicos.<\/p>\n","protected":false},"author":3,"featured_media":166801,"comment_status":"open","ping_status":"open","sticky":false,"template":"","format":"standard","meta":{"_monsterinsights_skip_tracking":false,"_monsterinsights_sitenote_active":false,"_monsterinsights_sitenote_note":"","_monsterinsights_sitenote_category":0,"footnotes":""},"categories":[11622],"tags":[1101],"class_list":["post-166725","post","type-post","status-publish","format-standard","has-post-thumbnail","hentry","category-jose-luis-montanez-aguilar","tag-secretaria-de-hacienda-y-credito-publico"],"_links":{"self":[{"href":"https:\/\/www.diarioimagen.net\/index.php?rest_route=\/wp\/v2\/posts\/166725","targetHints":{"allow":["GET"]}}],"collection":[{"href":"https:\/\/www.diarioimagen.net\/index.php?rest_route=\/wp\/v2\/posts"}],"about":[{"href":"https:\/\/www.diarioimagen.net\/index.php?rest_route=\/wp\/v2\/types\/post"}],"author":[{"embeddable":true,"href":"https:\/\/www.diarioimagen.net\/index.php?rest_route=\/wp\/v2\/users\/3"}],"replies":[{"embeddable":true,"href":"https:\/\/www.diarioimagen.net\/index.php?rest_route=%2Fwp%2Fv2%2Fcomments&post=166725"}],"version-history":[{"count":0,"href":"https:\/\/www.diarioimagen.net\/index.php?rest_route=\/wp\/v2\/posts\/166725\/revisions"}],"wp:featuredmedia":[{"embeddable":true,"href":"https:\/\/www.diarioimagen.net\/index.php?rest_route=\/wp\/v2\/media\/166801"}],"wp:attachment":[{"href":"https:\/\/www.diarioimagen.net\/index.php?rest_route=%2Fwp%2Fv2%2Fmedia&parent=166725"}],"wp:term":[{"taxonomy":"category","embeddable":true,"href":"https:\/\/www.diarioimagen.net\/index.php?rest_route=%2Fwp%2Fv2%2Fcategories&post=166725"},{"taxonomy":"post_tag","embeddable":true,"href":"https:\/\/www.diarioimagen.net\/index.php?rest_route=%2Fwp%2Fv2%2Ftags&post=166725"}],"curies":[{"name":"wp","href":"https:\/\/api.w.org\/{rel}","templated":true}]}}