{"id":166767,"date":"2014-03-14T00:04:30","date_gmt":"2014-03-14T06:04:30","guid":{"rendered":"http:\/\/www.diarioimagen.net\/?p=166767"},"modified":"2014-03-15T03:36:25","modified_gmt":"2014-03-15T09:36:25","slug":"la-aldf-crea-comision-especial-para-linea-12","status":"publish","type":"post","link":"https:\/\/www.diarioimagen.net\/?p=166767","title":{"rendered":"La ALDF crea comisi\u00f3n especial para l\u00ednea 12"},"content":{"rendered":"<ul>\n<li><strong><em>La instancia tambi\u00e9n podr\u00e1 citar a comparecer a los funcionarios del gobierno del DF que crea conveniente<\/em><\/strong><\/li>\n<\/ul>\n<div id=\"attachment_166807\" style=\"width: 250px\" class=\"wp-caption alignleft\"><a href=\"http:\/\/www.diarioimagen.net\/wp-content\/uploads\/2014\/03\/METRO-2313.jpg\"><img loading=\"lazy\" decoding=\"async\" aria-describedby=\"caption-attachment-166807\" class=\"size-medium wp-image-166807\" alt=\"El servicio del Metro en la l\u00ednea 12 s\u00f3lo se da entre las estaciones Barranca del Muerto y Atlalilco.\" src=\"http:\/\/www.diarioimagen.net\/wp-content\/uploads\/2014\/03\/METRO-2313-240x135.jpg\" width=\"240\" height=\"135\" srcset=\"https:\/\/www.diarioimagen.net\/wp-content\/uploads\/2014\/03\/METRO-2313-240x135.jpg 240w, https:\/\/www.diarioimagen.net\/wp-content\/uploads\/2014\/03\/METRO-2313-420x236.jpg 420w, https:\/\/www.diarioimagen.net\/wp-content\/uploads\/2014\/03\/METRO-2313-235x132.jpg 235w, https:\/\/www.diarioimagen.net\/wp-content\/uploads\/2014\/03\/METRO-2313-202x114.jpg 202w, https:\/\/www.diarioimagen.net\/wp-content\/uploads\/2014\/03\/METRO-2313-350x196.jpg 350w, https:\/\/www.diarioimagen.net\/wp-content\/uploads\/2014\/03\/METRO-2313-220x123.jpg 220w, https:\/\/www.diarioimagen.net\/wp-content\/uploads\/2014\/03\/METRO-2313-237x132.jpg 237w, https:\/\/www.diarioimagen.net\/wp-content\/uploads\/2014\/03\/METRO-2313.jpg 480w\" sizes=\"auto, (max-width: 240px) 100vw, 240px\" \/><\/a><p id=\"caption-attachment-166807\" class=\"wp-caption-text\">El servicio del Metro en la l\u00ednea 12 s\u00f3lo se da entre las estaciones Barranca del Muerto y Atlalilco.<\/p><\/div>\n<p>La Asamblea Legislativa del Distrito Federal (ALDF) acord\u00f3 crear una comisi\u00f3n especial, conformada por diputados de todas las bancadas, para investigar las fallas en la l\u00ednea 12 del Metro que provocaron la suspensi\u00f3n del servicio en 11 de 20 estaciones.<\/p>\n<p>As\u00ed lo inform\u00f3 en rueda de prensa el presidente de la Comisi\u00f3n de Gobierno de la ALDF, Manuel Granados Covarrubias, quien adelant\u00f3 que la instancia acordada tambi\u00e9n podr\u00e1 citar a comparecer a los funcionarios del gobierno local que crea conveniente.<\/p>\n<p>El l\u00edder de los asamble\u00edstas del PRD indic\u00f3 que la comisi\u00f3n especial ser\u00e1 aprobada en la sesi\u00f3n de este s\u00e1bado 15 de marzo, el martes 18 del mismo mes ser\u00e1 instalada, y de manera inmediata se pedir\u00e1 a las autoridades correspondientes informaci\u00f3n sobre las causas t\u00e9cnicas que originaron la suspensi\u00f3n.<\/p>\n<p>En tanto, el titular de la Consejer\u00eda Jur\u00eddica y de Servicios Legales, Jos\u00e9 Ram\u00f3n Amieva, inform\u00f3 que se le solicit\u00f3 al consorcio encargado de la construcci\u00f3n de la l\u00ednea 12 presentar a la brevedad un plan de trabajo para su correcci\u00f3n o reparaci\u00f3n.<\/p>\n<p>El funcionario del gobierno del Distrito Federal detall\u00f3 que la v\u00edspera el \u00f3rgano desconcentrado Proyecto Metro del Distrito Federal (PMDF) requiri\u00f3 al consorcio conformado por las empresas ICA, Carso y Alstom, dicho programa para subsanar las deficiencias.<\/p>\n<p>En entrevista, Amieva G\u00e1lvez agreg\u00f3 que de no atenderse esta reclamaci\u00f3n administrativa se valorar\u00e1 la ejecuci\u00f3n de las fianzas \u201cque al efecto se tiene\u201d, equivalentes al 10 por ciento del contrato.<\/p>\n<p>Adelant\u00f3 que en caso de que no cumpla dicho consorcio tambi\u00e9n se podr\u00eda proceder mediante una demanda, por la v\u00eda civil, en tanto que de cumplir se proceder\u00e1 a las reparaciones necesarias.<\/p>\n<p>Mientras, Marcelo Ebrard, ex jefe de gobierno del Distrito Federal, neg\u00f3 que se apresurara la inauguraci\u00f3n de la l\u00ednea 12 del Metro.<\/p>\n<p>&nbsp;<\/p>\n","protected":false},"excerpt":{"rendered":"<p>La Asamblea Legislativa del Distrito Federal (ALDF) acord\u00f3 crear una comisi\u00f3n especial, conformada por diputados de todas las bancadas, para investigar las fallas en la l\u00ednea 12 del Metro que provocaron la suspensi\u00f3n del servicio en 11 de 20 estaciones.<\/p>\n","protected":false},"author":3,"featured_media":166807,"comment_status":"open","ping_status":"open","sticky":false,"template":"","format":"standard","meta":{"_monsterinsights_skip_tracking":false,"_monsterinsights_sitenote_active":false,"_monsterinsights_sitenote_note":"","_monsterinsights_sitenote_category":0,"footnotes":""},"categories":[17,6],"tags":[210,212,8433,30799,163],"class_list":["post-166767","post","type-post","status-publish","format-standard","has-post-thumbnail","hentry","category-especiales","category-cd-de-mexico","tag-aldf","tag-asamblea-legislativa-del-distrito-federal","tag-linea-12","tag-manuel-granados-covarrubias","tag-metro"],"_links":{"self":[{"href":"https:\/\/www.diarioimagen.net\/index.php?rest_route=\/wp\/v2\/posts\/166767","targetHints":{"allow":["GET"]}}],"collection":[{"href":"https:\/\/www.diarioimagen.net\/index.php?rest_route=\/wp\/v2\/posts"}],"about":[{"href":"https:\/\/www.diarioimagen.net\/index.php?rest_route=\/wp\/v2\/types\/post"}],"author":[{"embeddable":true,"href":"https:\/\/www.diarioimagen.net\/index.php?rest_route=\/wp\/v2\/users\/3"}],"replies":[{"embeddable":true,"href":"https:\/\/www.diarioimagen.net\/index.php?rest_route=%2Fwp%2Fv2%2Fcomments&post=166767"}],"version-history":[{"count":0,"href":"https:\/\/www.diarioimagen.net\/index.php?rest_route=\/wp\/v2\/posts\/166767\/revisions"}],"wp:featuredmedia":[{"embeddable":true,"href":"https:\/\/www.diarioimagen.net\/index.php?rest_route=\/wp\/v2\/media\/166807"}],"wp:attachment":[{"href":"https:\/\/www.diarioimagen.net\/index.php?rest_route=%2Fwp%2Fv2%2Fmedia&parent=166767"}],"wp:term":[{"taxonomy":"category","embeddable":true,"href":"https:\/\/www.diarioimagen.net\/index.php?rest_route=%2Fwp%2Fv2%2Fcategories&post=166767"},{"taxonomy":"post_tag","embeddable":true,"href":"https:\/\/www.diarioimagen.net\/index.php?rest_route=%2Fwp%2Fv2%2Ftags&post=166767"}],"curies":[{"name":"wp","href":"https:\/\/api.w.org\/{rel}","templated":true}]}}