{"id":166850,"date":"2014-03-14T15:25:38","date_gmt":"2014-03-14T21:25:38","guid":{"rendered":"http:\/\/www.diarioimagen.net\/?p=166850"},"modified":"2014-03-17T02:42:00","modified_gmt":"2014-03-17T08:42:00","slug":"inicia-gdf-campana-de-prevencion-de-cancer-de-piel","status":"publish","type":"post","link":"https:\/\/www.diarioimagen.net\/?p=166850","title":{"rendered":"Inicia GDF campa\u00f1a de prevenci\u00f3n de c\u00e1ncer de piel"},"content":{"rendered":"<div id=\"attachment_166851\" style=\"width: 250px\" class=\"wp-caption alignleft\"><a href=\"http:\/\/www.diarioimagen.net\/wp-content\/uploads\/2014\/03\/ahued-cancer.jpg\"><img loading=\"lazy\" decoding=\"async\" aria-describedby=\"caption-attachment-166851\" class=\"size-medium wp-image-166851\" alt=\"El titular de la Sedesa inform\u00f3 que tan solo en 2013 en el Centro Dermatol\u00f3gico \u201cDr. Ladislao de la Pascua\u201d se brind\u00f3 atenci\u00f3n m\u00e9dica a 125 mil pacientes.\" src=\"http:\/\/www.diarioimagen.net\/wp-content\/uploads\/2014\/03\/ahued-cancer-240x135.jpg\" width=\"240\" height=\"135\" srcset=\"https:\/\/www.diarioimagen.net\/wp-content\/uploads\/2014\/03\/ahued-cancer-240x135.jpg 240w, https:\/\/www.diarioimagen.net\/wp-content\/uploads\/2014\/03\/ahued-cancer-420x236.jpg 420w, https:\/\/www.diarioimagen.net\/wp-content\/uploads\/2014\/03\/ahued-cancer-235x132.jpg 235w, https:\/\/www.diarioimagen.net\/wp-content\/uploads\/2014\/03\/ahued-cancer-202x114.jpg 202w, https:\/\/www.diarioimagen.net\/wp-content\/uploads\/2014\/03\/ahued-cancer-350x196.jpg 350w, https:\/\/www.diarioimagen.net\/wp-content\/uploads\/2014\/03\/ahued-cancer-220x123.jpg 220w, https:\/\/www.diarioimagen.net\/wp-content\/uploads\/2014\/03\/ahued-cancer-237x132.jpg 237w, https:\/\/www.diarioimagen.net\/wp-content\/uploads\/2014\/03\/ahued-cancer.jpg 480w\" sizes=\"auto, (max-width: 240px) 100vw, 240px\" \/><\/a><p id=\"caption-attachment-166851\" class=\"wp-caption-text\">El titular de la Sedesa inform\u00f3 que tan solo en 2013 en el Centro Dermatol\u00f3gico \u201cDr. Ladislao de la Pascua\u201d se brind\u00f3 atenci\u00f3n m\u00e9dica a 125 mil pacientes.<\/p><\/div>\n<p>En el marco del inicio de la campa\u00f1a de prevenci\u00f3n de c\u00e1ncer de piel en la Ciudad de M\u00e9xico, Armando Ahued Ortega, secretario de Salud capitalino (Sedesa), se\u00f1al\u00f3 que en nuestro pa\u00eds el c\u00e1ncer de piel es la tercera causa de mortalidad por tumoraciones malignas y se registran 16 mil nuevos casos al a\u00f1o.<\/p>\n<p>Dijo que es fundamental que la poblaci\u00f3n conozca los factores de riesgo que propician el desarrollo de tumoraciones malignas en la piel y que permitan su detecci\u00f3n oportuna; \u201cel c\u00e1ncer de piel es curable si se detecta a tiempo y la forma m\u00e1s eficaz es la prevenci\u00f3n\u201d.<\/p>\n<p>El titular de la Sedesa inform\u00f3 que tan solo en 2013 en el Centro Dermatol\u00f3gico \u201cDr. Ladislao de la Pascua\u201d se brind\u00f3 atenci\u00f3n m\u00e9dica a 125 mil pacientes, de los cuales 555 fueron detectados con c\u00e1ncer de piel y algunos con m\u00e1s de un tumor.<\/p>\n<p>Sostuvo que es de suma importancia fomentar una cultura del cuidado de la piel desde la infancia, ya que se estima que los ni\u00f1os y ni\u00f1as pasan de dos a tres horas diarias expuestos al sol y se calcula que el 75 por ciento del da\u00f1o a la piel se ocasiona antes de los 18 a\u00f1os.<\/p>\n<p>Detall\u00f3 que evitar la exposici\u00f3n frecuente al sol, el uso de bloqueador solar, gorras y playeras de manga larga son medidas que la poblaci\u00f3n debe tomar en cuenta como h\u00e1bitos diarios y principalmente durante la temporada de calor.<\/p>\n<p>Se\u00f1al\u00f3 que durante los siguientes meses se continuar\u00e1n realizando acciones preventivas que fomenten entre la poblaci\u00f3n una cultura en el cuidado de la piel.<\/p>\n<p>Como parte del arranque de la campa\u00f1a que se llev\u00f3 a cabo en la Glorieta del \u00c1ngel de la Independencia la noche de este jueves, Ferm\u00edn Jurado, director del Centro Dermatol\u00f3gico \u201cDr. Ladislao de la Pascua\u201d, indic\u00f3 que ha sido un logro para la Sedesa la creaci\u00f3n y aplicaci\u00f3n del tamizaje sobre factores de riesgo a desarrollar c\u00e1ncer de piel, a trav\u00e9s de los cu\u00e1les durante el a\u00f1o pasado, durante una sola jornada se efectuaron 2 mil 995, de los cuales se derivaron 963 casos sospechosos, para su diagn\u00f3stico y confirmaci\u00f3n.<\/p>\n<p>En su turno, Laura Ju\u00e1rez Navarrete, presidenta de la Fundaci\u00f3n Mexicana para la Dermatolog\u00eda (FMD), refrend\u00f3 la colaboraci\u00f3n con la Sedesa para ejecutar acciones preventivas de c\u00e1ncer de piel como jornadas y ferias de salud que permitan acercar a la poblaci\u00f3n la informaci\u00f3n y la detecci\u00f3n oportuna de este padecimiento.<\/p>\n<p>Con esta campa\u00f1a se iluminaron de color naranja monumentos y edificios emblem\u00e1ticos del Distrito Federal, con el prop\u00f3sito de concienciar a la poblaci\u00f3n sobre la detecci\u00f3n oportuna de este padecimiento.<\/p>\n<p>Algunos de los monumentos y edificios que se mantendr\u00e1n iluminados de color naranja durante el mes de marzo son la Glorieta de la Palma y de Col\u00f3n; el Palacio de Bellas Artes, el Palacio Postal y el corredor de Reforma.<\/p>\n","protected":false},"excerpt":{"rendered":"<p>En el marco del inicio de la campa\u00f1a de prevenci\u00f3n de c\u00e1ncer de piel en la Ciudad de M\u00e9xico, Armando Ahued Ortega, secretario de Salud capitalino (Sedesa), se\u00f1al\u00f3 que en nuestro pa\u00eds el c\u00e1ncer de piel es la tercera causa de mortalidad por tumoraciones malignas y se registran 16 mil nuevos casos al a\u00f1o.<\/p>\n","protected":false},"author":1,"featured_media":166851,"comment_status":"open","ping_status":"open","sticky":false,"template":"","format":"standard","meta":{"_monsterinsights_skip_tracking":false,"_monsterinsights_sitenote_active":false,"_monsterinsights_sitenote_note":"","_monsterinsights_sitenote_category":0,"footnotes":""},"categories":[6],"tags":[30905,10975,204,43691],"class_list":["post-166850","post","type-post","status-publish","format-standard","has-post-thumbnail","hentry","category-cd-de-mexico","tag-armando-ahued","tag-cancer-de-piel","tag-ciudad-de-mexico","tag-gdf"],"_links":{"self":[{"href":"https:\/\/www.diarioimagen.net\/index.php?rest_route=\/wp\/v2\/posts\/166850","targetHints":{"allow":["GET"]}}],"collection":[{"href":"https:\/\/www.diarioimagen.net\/index.php?rest_route=\/wp\/v2\/posts"}],"about":[{"href":"https:\/\/www.diarioimagen.net\/index.php?rest_route=\/wp\/v2\/types\/post"}],"author":[{"embeddable":true,"href":"https:\/\/www.diarioimagen.net\/index.php?rest_route=\/wp\/v2\/users\/1"}],"replies":[{"embeddable":true,"href":"https:\/\/www.diarioimagen.net\/index.php?rest_route=%2Fwp%2Fv2%2Fcomments&post=166850"}],"version-history":[{"count":0,"href":"https:\/\/www.diarioimagen.net\/index.php?rest_route=\/wp\/v2\/posts\/166850\/revisions"}],"wp:featuredmedia":[{"embeddable":true,"href":"https:\/\/www.diarioimagen.net\/index.php?rest_route=\/wp\/v2\/media\/166851"}],"wp:attachment":[{"href":"https:\/\/www.diarioimagen.net\/index.php?rest_route=%2Fwp%2Fv2%2Fmedia&parent=166850"}],"wp:term":[{"taxonomy":"category","embeddable":true,"href":"https:\/\/www.diarioimagen.net\/index.php?rest_route=%2Fwp%2Fv2%2Fcategories&post=166850"},{"taxonomy":"post_tag","embeddable":true,"href":"https:\/\/www.diarioimagen.net\/index.php?rest_route=%2Fwp%2Fv2%2Ftags&post=166850"}],"curies":[{"name":"wp","href":"https:\/\/api.w.org\/{rel}","templated":true}]}}