{"id":166866,"date":"2014-03-16T23:59:16","date_gmt":"2014-03-17T05:59:16","guid":{"rendered":"http:\/\/www.diarioimagen.net\/?p=166866"},"modified":"2014-03-17T02:42:59","modified_gmt":"2014-03-17T08:42:59","slug":"velan-a-el-chayo-en-funeraria-de-lujo-de-morelia","status":"publish","type":"post","link":"https:\/\/www.diarioimagen.net\/?p=166866","title":{"rendered":"Velan a &#8216;El Chayo&#8217; en funeraria de lujo de Morelia"},"content":{"rendered":"<ul>\n<li><em><strong>Los restos del narcotraficante abatido por fuerzas federales fueron velados en la agencia funeraria La Cruz, ubicada en la zona exclusiva y de lujo llamada Altozano<\/strong><\/em><\/li>\n<\/ul>\n<div id=\"attachment_166867\" style=\"width: 250px\" class=\"wp-caption alignleft\"><img loading=\"lazy\" decoding=\"async\" aria-describedby=\"caption-attachment-166867\" class=\"size-medium wp-image-166867\" alt=\"Las inmediaciones del lugar no fueron acordonadas, ni se mont\u00f3 ning\u00fan operativo especial por parte de las corporaciones policiales, pero hizo presencia un grupo de elementos de la Polic\u00eda Estatal.\" src=\"http:\/\/www.diarioimagen.net\/wp-content\/uploads\/2014\/03\/CHAYO-portal-240x135.jpg\" width=\"240\" height=\"135\" srcset=\"https:\/\/www.diarioimagen.net\/wp-content\/uploads\/2014\/03\/CHAYO-portal-240x135.jpg 240w, https:\/\/www.diarioimagen.net\/wp-content\/uploads\/2014\/03\/CHAYO-portal-420x236.jpg 420w, https:\/\/www.diarioimagen.net\/wp-content\/uploads\/2014\/03\/CHAYO-portal-235x132.jpg 235w, https:\/\/www.diarioimagen.net\/wp-content\/uploads\/2014\/03\/CHAYO-portal-202x114.jpg 202w, https:\/\/www.diarioimagen.net\/wp-content\/uploads\/2014\/03\/CHAYO-portal-350x196.jpg 350w, https:\/\/www.diarioimagen.net\/wp-content\/uploads\/2014\/03\/CHAYO-portal-220x123.jpg 220w, https:\/\/www.diarioimagen.net\/wp-content\/uploads\/2014\/03\/CHAYO-portal-237x132.jpg 237w, https:\/\/www.diarioimagen.net\/wp-content\/uploads\/2014\/03\/CHAYO-portal.jpg 480w\" sizes=\"auto, (max-width: 240px) 100vw, 240px\" \/><p id=\"caption-attachment-166867\" class=\"wp-caption-text\">Las inmediaciones del lugar no fueron acordonadas, ni se mont\u00f3 ning\u00fan operativo especial por parte de las corporaciones policiales, pero hizo presencia un grupo de elementos de la Polic\u00eda Estatal.<\/p><\/div>\n<p><span style=\"line-height: 1.5em;\"><strong>Morelia, Michoac\u00e1n<\/strong>.\u2014 Tras ser entregado el cuerpo sin vida de Nazario Moreno Gonz\u00e1lez \u00abEl Chayo\u00bb &#8211;fundador y l\u00edder de Los Caballeros Templarios&#8211;, a su hermana y a otras tres mujeres que solicitaron ante las autoridades su cad\u00e1ver la noche del viernes 14 de marzo, fue llevado a una agencia funeraria ubicada al sur de la capital michoacana para ser velado.<\/span><\/p>\n<p><span style=\"line-height: 1.5em;\">Sin dar ninguna declaraci\u00f3n sobre el destino de los restos mortales del ide\u00f3logo del c\u00e1rtel michoacano, las cuatro mujeres abordaron la camioneta de la funeraria La Cruz.<\/span><\/p>\n<p><span style=\"line-height: 1.5em;\">Al menos una docena de uniformados se manten\u00edan junto a dos patrullas en el estacionamiento de la funeraria, aunque eran s\u00f3lo testigos de lo que suced\u00eda en el lugar, pues no revisaban a nadie, ni siquiera a los medios de comunicaci\u00f3n que se acercaron a tomas algunas im\u00e1genes.<\/span><\/p>\n<p><span style=\"line-height: 1.5em;\">Se supo horas m\u00e1s tarde que el cad\u00e1ver fue llevado a una de las salas velatorias de la funeraria ubicada en una zona comercial y residencial exclusiva de Morelia, cuyas instalaciones tambi\u00e9n ostentan lujo y ofrecen servicios personalizados.<\/span><\/p>\n","protected":false},"excerpt":{"rendered":"<p>Tras ser entregado el cuerpo sin vida de Nazario Moreno Gonz\u00e1lez \u00abEl Chayo\u00bb &#8211;fundador y l\u00edder de Los Caballeros Templarios&#8211;, a su hermana y a otras tres mujeres que solicitaron ante las autoridades su cad\u00e1ver la noche del viernes 14 de marzo, fue llevado a una agencia funeraria ubicada al sur de la capital michoacana para ser velado.<\/p>\n","protected":false},"author":5,"featured_media":166867,"comment_status":"open","ping_status":"open","sticky":false,"template":"","format":"standard","meta":{"_monsterinsights_skip_tracking":false,"_monsterinsights_sitenote_active":false,"_monsterinsights_sitenote_note":"","_monsterinsights_sitenote_category":0,"footnotes":""},"categories":[17,3],"tags":[9978,2017],"class_list":["post-166866","post","type-post","status-publish","format-standard","has-post-thumbnail","hentry","category-especiales","category-nacional","tag-el-chayo","tag-morelia"],"_links":{"self":[{"href":"https:\/\/www.diarioimagen.net\/index.php?rest_route=\/wp\/v2\/posts\/166866","targetHints":{"allow":["GET"]}}],"collection":[{"href":"https:\/\/www.diarioimagen.net\/index.php?rest_route=\/wp\/v2\/posts"}],"about":[{"href":"https:\/\/www.diarioimagen.net\/index.php?rest_route=\/wp\/v2\/types\/post"}],"author":[{"embeddable":true,"href":"https:\/\/www.diarioimagen.net\/index.php?rest_route=\/wp\/v2\/users\/5"}],"replies":[{"embeddable":true,"href":"https:\/\/www.diarioimagen.net\/index.php?rest_route=%2Fwp%2Fv2%2Fcomments&post=166866"}],"version-history":[{"count":0,"href":"https:\/\/www.diarioimagen.net\/index.php?rest_route=\/wp\/v2\/posts\/166866\/revisions"}],"wp:featuredmedia":[{"embeddable":true,"href":"https:\/\/www.diarioimagen.net\/index.php?rest_route=\/wp\/v2\/media\/166867"}],"wp:attachment":[{"href":"https:\/\/www.diarioimagen.net\/index.php?rest_route=%2Fwp%2Fv2%2Fmedia&parent=166866"}],"wp:term":[{"taxonomy":"category","embeddable":true,"href":"https:\/\/www.diarioimagen.net\/index.php?rest_route=%2Fwp%2Fv2%2Fcategories&post=166866"},{"taxonomy":"post_tag","embeddable":true,"href":"https:\/\/www.diarioimagen.net\/index.php?rest_route=%2Fwp%2Fv2%2Ftags&post=166866"}],"curies":[{"name":"wp","href":"https:\/\/api.w.org\/{rel}","templated":true}]}}