{"id":167015,"date":"2014-03-17T12:26:11","date_gmt":"2014-03-17T18:26:11","guid":{"rendered":"http:\/\/www.diarioimagen.net\/?p=167015"},"modified":"2014-03-18T00:57:28","modified_gmt":"2014-03-18T06:57:28","slug":"detienen-en-michoacan-a-sobrino-de-enrique-plancarte-lider-templario","status":"publish","type":"post","link":"https:\/\/www.diarioimagen.net\/?p=167015","title":{"rendered":"Detienen en Michoac\u00e1n a sobrino de Enrique Plancarte, l\u00edder templario"},"content":{"rendered":"<ul>\n<li><em><strong>El secretario de Seguridad P\u00fablica estatal, Carlos Hugo Castellanos Becerra, inform\u00f3 la detenci\u00f3n de Manuel Plancarte Gaspar<\/strong><\/em><\/li>\n<\/ul>\n<div id=\"attachment_167016\" style=\"width: 250px\" class=\"wp-caption alignleft\"><img loading=\"lazy\" decoding=\"async\" aria-describedby=\"caption-attachment-167016\" class=\"size-medium wp-image-167016\" alt=\"Plancarte pertenece a un grupo criminal y es investigado por la muerte de menores de edad, a quienes extra\u00eda los \u00f3rganos para venderlos. \" src=\"http:\/\/www.diarioimagen.net\/wp-content\/uploads\/2014\/03\/SOBRINO-PORTAL-240x135.jpg\" width=\"240\" height=\"135\" srcset=\"https:\/\/www.diarioimagen.net\/wp-content\/uploads\/2014\/03\/SOBRINO-PORTAL-240x135.jpg 240w, https:\/\/www.diarioimagen.net\/wp-content\/uploads\/2014\/03\/SOBRINO-PORTAL-420x236.jpg 420w, https:\/\/www.diarioimagen.net\/wp-content\/uploads\/2014\/03\/SOBRINO-PORTAL-235x132.jpg 235w, https:\/\/www.diarioimagen.net\/wp-content\/uploads\/2014\/03\/SOBRINO-PORTAL-202x114.jpg 202w, https:\/\/www.diarioimagen.net\/wp-content\/uploads\/2014\/03\/SOBRINO-PORTAL-350x196.jpg 350w, https:\/\/www.diarioimagen.net\/wp-content\/uploads\/2014\/03\/SOBRINO-PORTAL-220x123.jpg 220w, https:\/\/www.diarioimagen.net\/wp-content\/uploads\/2014\/03\/SOBRINO-PORTAL-237x132.jpg 237w, https:\/\/www.diarioimagen.net\/wp-content\/uploads\/2014\/03\/SOBRINO-PORTAL.jpg 480w\" sizes=\"auto, (max-width: 240px) 100vw, 240px\" \/><p id=\"caption-attachment-167016\" class=\"wp-caption-text\">Plancarte pertenece a un grupo criminal y es investigado por la muerte de menores de edad, a quienes extra\u00eda los \u00f3rganos para venderlos.<\/p><\/div>\n<p><span style=\"line-height: 1.5em;\">La Secretar\u00eda de Seguridad P\u00fablica de Michoac\u00e1n inform\u00f3 esta ma\u00f1ana, mediante su cuenta de Twitter, que fuerzas estatales detuvieron a Manuel Plancarte Gaspar, de 34 a\u00f1os, en posesi\u00f3n de un veh\u00edculo robado.<\/span><\/p>\n<p><span style=\"line-height: 1.5em;\">Plancarte pertenece a un grupo criminal y es investigado por la muerte de menores de edad, a quienes extra\u00eda los \u00f3rganos para venderlos.<\/span><\/p>\n<p><span style=\"line-height: 1.5em;\">Es sobrino de Enrique Plancarte Sol\u00eds, l\u00edder de los \u00abCaballeros Templarios\u00bb.\u00a0<\/span><\/p>\n","protected":false},"excerpt":{"rendered":"<p>La Secretar\u00eda de Seguridad P\u00fablica de Michoac\u00e1n inform\u00f3 esta ma\u00f1ana, mediante su cuenta de Twitter, que fuerzas estatales detuvieron a Manuel Plancarte Gaspar, de 34 a\u00f1os, en posesi\u00f3n de un veh\u00edculo robado.<\/p>\n","protected":false},"author":5,"featured_media":167016,"comment_status":"open","ping_status":"open","sticky":false,"template":"","format":"standard","meta":{"_monsterinsights_skip_tracking":false,"_monsterinsights_sitenote_active":false,"_monsterinsights_sitenote_note":"","_monsterinsights_sitenote_category":0,"footnotes":""},"categories":[3],"tags":[31264,31047],"class_list":["post-167015","post","type-post","status-publish","format-standard","has-post-thumbnail","hentry","category-nacional","tag-enrique-plancarte","tag-lider-templario"],"_links":{"self":[{"href":"https:\/\/www.diarioimagen.net\/index.php?rest_route=\/wp\/v2\/posts\/167015","targetHints":{"allow":["GET"]}}],"collection":[{"href":"https:\/\/www.diarioimagen.net\/index.php?rest_route=\/wp\/v2\/posts"}],"about":[{"href":"https:\/\/www.diarioimagen.net\/index.php?rest_route=\/wp\/v2\/types\/post"}],"author":[{"embeddable":true,"href":"https:\/\/www.diarioimagen.net\/index.php?rest_route=\/wp\/v2\/users\/5"}],"replies":[{"embeddable":true,"href":"https:\/\/www.diarioimagen.net\/index.php?rest_route=%2Fwp%2Fv2%2Fcomments&post=167015"}],"version-history":[{"count":0,"href":"https:\/\/www.diarioimagen.net\/index.php?rest_route=\/wp\/v2\/posts\/167015\/revisions"}],"wp:featuredmedia":[{"embeddable":true,"href":"https:\/\/www.diarioimagen.net\/index.php?rest_route=\/wp\/v2\/media\/167016"}],"wp:attachment":[{"href":"https:\/\/www.diarioimagen.net\/index.php?rest_route=%2Fwp%2Fv2%2Fmedia&parent=167015"}],"wp:term":[{"taxonomy":"category","embeddable":true,"href":"https:\/\/www.diarioimagen.net\/index.php?rest_route=%2Fwp%2Fv2%2Fcategories&post=167015"},{"taxonomy":"post_tag","embeddable":true,"href":"https:\/\/www.diarioimagen.net\/index.php?rest_route=%2Fwp%2Fv2%2Ftags&post=167015"}],"curies":[{"name":"wp","href":"https:\/\/api.w.org\/{rel}","templated":true}]}}