{"id":167055,"date":"2014-03-18T00:09:51","date_gmt":"2014-03-18T06:09:51","guid":{"rendered":"http:\/\/www.diarioimagen.net\/?p=167055"},"modified":"2014-03-17T21:40:43","modified_gmt":"2014-03-18T03:40:43","slug":"caverna-en-drenaje-del-poniente-del-df","status":"publish","type":"post","link":"https:\/\/www.diarioimagen.net\/?p=167055","title":{"rendered":"Caverna en drenaje del poniente del DF"},"content":{"rendered":"<ul>\n<li><em><strong><span style=\"line-height: 1.5em;\">Aplazan operaci\u00f3n de carril reversible en tramo del Circuito Interior<\/span><\/strong><\/em><\/li>\n<\/ul>\n<p>&nbsp;<\/p>\n<p>&nbsp;<\/p>\n<div id=\"attachment_167056\" style=\"width: 250px\" class=\"wp-caption alignleft\"><a href=\"http:\/\/www.diarioimagen.net\/wp-content\/uploads\/2014\/03\/caverna-2315.jpg\"><img loading=\"lazy\" decoding=\"async\" aria-describedby=\"caption-attachment-167056\" class=\"size-medium wp-image-167056\" alt=\"Cerca de la TAPO fue descubierta una enorme caverna que ser\u00e1 tapada por la autoridad capitalina.\" src=\"http:\/\/www.diarioimagen.net\/wp-content\/uploads\/2014\/03\/caverna-2315-240x135.jpg\" width=\"240\" height=\"135\" srcset=\"https:\/\/www.diarioimagen.net\/wp-content\/uploads\/2014\/03\/caverna-2315-240x135.jpg 240w, https:\/\/www.diarioimagen.net\/wp-content\/uploads\/2014\/03\/caverna-2315-420x236.jpg 420w, https:\/\/www.diarioimagen.net\/wp-content\/uploads\/2014\/03\/caverna-2315-235x132.jpg 235w, https:\/\/www.diarioimagen.net\/wp-content\/uploads\/2014\/03\/caverna-2315-202x114.jpg 202w, https:\/\/www.diarioimagen.net\/wp-content\/uploads\/2014\/03\/caverna-2315-350x196.jpg 350w, https:\/\/www.diarioimagen.net\/wp-content\/uploads\/2014\/03\/caverna-2315-220x123.jpg 220w, https:\/\/www.diarioimagen.net\/wp-content\/uploads\/2014\/03\/caverna-2315-237x132.jpg 237w, https:\/\/www.diarioimagen.net\/wp-content\/uploads\/2014\/03\/caverna-2315.jpg 480w\" sizes=\"auto, (max-width: 240px) 100vw, 240px\" \/><\/a><p id=\"caption-attachment-167056\" class=\"wp-caption-text\">Cerca de la TAPO fue descubierta una enorme caverna que ser\u00e1 tapada por la autoridad capitalina.<\/p><\/div>\n<p><span style=\"line-height: 1.5em;\">El Sistema de Aguas de la Ciudad de M\u00e9xico detect\u00f3 una caverna de 6 metros de altura y 10 de longitud en la tuber\u00eda de drenaje cercana a la central camionera poniente, que sin embargo no representa ning\u00fan riesgo para los habitantes de la zona, ni para los pasajeros de la Central Camionera Poniente.<\/span><\/p>\n<p>En conferencia de prensa el secretario de Protecci\u00f3n Civil, Fausto Lugo, y el director del organismo, Ram\u00f3n Aguirre, descartaron una posible evacuaci\u00f3n o suspensi\u00f3n del servicio de agua debido a los trabajos de reparaci\u00f3n que iniciar\u00e1n este martes y durar\u00e1n las 24 horas del d\u00eda, en un lapso de dos meses.<\/p>\n<p>Los costos estimados de la reparaci\u00f3n en el colector de descarga de la presa Tacubaya ascienden a 10 millones de pesos.<\/p>\n<p>Eso implicar\u00e1 una afectaci\u00f3n vial en Eje 5 Poniente, al perderse uno de los cuerpos de circulaci\u00f3n, por lo que se plantea hacer reversible el otro y hablar con las rutas de transporte concesionado que por ah\u00ed circulan para cambiar su recorrido por la terminal.<\/p>\n<p>Los funcionarios mencionaron que se contar\u00e1 con el apoyo de personal de la Secretar\u00eda de Seguridad P\u00fablica para orientar a los automovilistas y desviar la circulaci\u00f3n.<\/p>\n<p>Por otra parte, la Secretar\u00eda de Obras y Servicios aplaz\u00f3 hasta la tarde de este martes la puesta en operaci\u00f3n del carril reversible en el tramo Canal de Tezontle-Avenida T\u00e9, del Circuito Interior, ante el bajo flujo vehicular registrado.<\/p>\n<p>El director general de Proyectos Especiales de la Sobse, Jos\u00e9 Castro, se\u00f1al\u00f3 que este lunes se llevar\u00e1n a cabo labores de obra en dicho tramo, pero sin cancelar el paso vehicular.<\/p>\n<p>Los confinamientos ser\u00e1n graduales, de manera que durante la ma\u00f1ana y tarde de ma\u00f1ana sea confinado en su totalidad el \u00e1rea de 1.8 kil\u00f3metros lineales, \u00fanicamente en los tres carriles centrales en direcci\u00f3n poniente-oriente.<\/p>\n","protected":false},"excerpt":{"rendered":"<p>El Sistema de Aguas de la Ciudad de M\u00e9xico detect\u00f3 una caverna de 6 metros de altura y 10 de longitud en la tuber\u00eda de drenaje cercana a la central camionera poniente, que sin embargo no representa ning\u00fan riesgo para los habitantes de la zona, ni para los pasajeros de la Central Camionera Poniente.<\/p>\n","protected":false},"author":1,"featured_media":167056,"comment_status":"open","ping_status":"open","sticky":false,"template":"","format":"standard","meta":{"_monsterinsights_skip_tracking":false,"_monsterinsights_sitenote_active":false,"_monsterinsights_sitenote_note":"","_monsterinsights_sitenote_category":0,"footnotes":""},"categories":[6],"tags":[3114,204,2899],"class_list":["post-167055","post","type-post","status-publish","format-standard","has-post-thumbnail","hentry","category-cd-de-mexico","tag-circuito-interior","tag-ciudad-de-mexico","tag-sistema-de-aguas-de-la-ciudad-de-mexico"],"_links":{"self":[{"href":"https:\/\/www.diarioimagen.net\/index.php?rest_route=\/wp\/v2\/posts\/167055","targetHints":{"allow":["GET"]}}],"collection":[{"href":"https:\/\/www.diarioimagen.net\/index.php?rest_route=\/wp\/v2\/posts"}],"about":[{"href":"https:\/\/www.diarioimagen.net\/index.php?rest_route=\/wp\/v2\/types\/post"}],"author":[{"embeddable":true,"href":"https:\/\/www.diarioimagen.net\/index.php?rest_route=\/wp\/v2\/users\/1"}],"replies":[{"embeddable":true,"href":"https:\/\/www.diarioimagen.net\/index.php?rest_route=%2Fwp%2Fv2%2Fcomments&post=167055"}],"version-history":[{"count":0,"href":"https:\/\/www.diarioimagen.net\/index.php?rest_route=\/wp\/v2\/posts\/167055\/revisions"}],"wp:featuredmedia":[{"embeddable":true,"href":"https:\/\/www.diarioimagen.net\/index.php?rest_route=\/wp\/v2\/media\/167056"}],"wp:attachment":[{"href":"https:\/\/www.diarioimagen.net\/index.php?rest_route=%2Fwp%2Fv2%2Fmedia&parent=167055"}],"wp:term":[{"taxonomy":"category","embeddable":true,"href":"https:\/\/www.diarioimagen.net\/index.php?rest_route=%2Fwp%2Fv2%2Fcategories&post=167055"},{"taxonomy":"post_tag","embeddable":true,"href":"https:\/\/www.diarioimagen.net\/index.php?rest_route=%2Fwp%2Fv2%2Ftags&post=167055"}],"curies":[{"name":"wp","href":"https:\/\/api.w.org\/{rel}","templated":true}]}}