{"id":167058,"date":"2014-03-18T00:08:17","date_gmt":"2014-03-18T06:08:17","guid":{"rendered":"http:\/\/www.diarioimagen.net\/?p=167058"},"modified":"2014-03-17T21:44:13","modified_gmt":"2014-03-18T03:44:13","slug":"el-metro-reembolsara-boleto-a-afectados-de-la-linea-dorada","status":"publish","type":"post","link":"https:\/\/www.diarioimagen.net\/?p=167058","title":{"rendered":"El Metro reembolsar\u00e1 boleto a afectados de la L\u00ednea Dorada"},"content":{"rendered":"<ul>\n<li><em><strong><span style=\"line-height: 1.5em;\">La empresa francesa Alstom se encargar\u00e1 de los trabajos en los rieles de las 11 estaciones afectadas<\/span><\/strong><\/em><\/li>\n<\/ul>\n<p>&nbsp;<\/p>\n<div id=\"attachment_167059\" style=\"width: 250px\" class=\"wp-caption alignleft\"><a href=\"http:\/\/www.diarioimagen.net\/wp-content\/uploads\/2014\/03\/metro-2315.jpg\"><img loading=\"lazy\" decoding=\"async\" aria-describedby=\"caption-attachment-167059\" class=\"size-medium wp-image-167059\" alt=\"El Sistema de Transporte Colectivo anunci\u00f3 reembolsos para los usuarios que no podr\u00e1n utilizar la l\u00ednea 12 de su red.\" src=\"http:\/\/www.diarioimagen.net\/wp-content\/uploads\/2014\/03\/metro-2315-240x135.jpg\" width=\"240\" height=\"135\" srcset=\"https:\/\/www.diarioimagen.net\/wp-content\/uploads\/2014\/03\/metro-2315-240x135.jpg 240w, https:\/\/www.diarioimagen.net\/wp-content\/uploads\/2014\/03\/metro-2315-420x236.jpg 420w, https:\/\/www.diarioimagen.net\/wp-content\/uploads\/2014\/03\/metro-2315-235x132.jpg 235w, https:\/\/www.diarioimagen.net\/wp-content\/uploads\/2014\/03\/metro-2315-202x114.jpg 202w, https:\/\/www.diarioimagen.net\/wp-content\/uploads\/2014\/03\/metro-2315-350x196.jpg 350w, https:\/\/www.diarioimagen.net\/wp-content\/uploads\/2014\/03\/metro-2315-220x123.jpg 220w, https:\/\/www.diarioimagen.net\/wp-content\/uploads\/2014\/03\/metro-2315-237x132.jpg 237w, https:\/\/www.diarioimagen.net\/wp-content\/uploads\/2014\/03\/metro-2315.jpg 480w\" sizes=\"auto, (max-width: 240px) 100vw, 240px\" \/><\/a><p id=\"caption-attachment-167059\" class=\"wp-caption-text\">El Sistema de Transporte Colectivo anunci\u00f3 reembolsos para los usuarios que no podr\u00e1n utilizar la l\u00ednea 12 de su red.<\/p><\/div>\n<p>El director del Metro, Joel Ortega Cuevas, anunci\u00f3 que por cada d\u00eda sin servicio en la l\u00ednea 12 del Metro, este sistema de transporte repondr\u00e1 dos viajes a los afectados por la suspensi\u00f3n en 11 de las 20 estaciones que conforman esa ruta.<\/p>\n<p>Dijo que eso ya fue aprobado por el consejo de administraci\u00f3n del Metro y empezar\u00e1 a funcionar una vez que se reabra al p\u00fablico el tramo que se encuentra cerrado.<\/p>\n<p>El funcionario indic\u00f3 que se estudia cu\u00e1l es el mejor mecanismo para llevar a cabo esta decisi\u00f3n, aunque se prev\u00e9 que sea sobre el uso, es decir, cada vez que el pasajero ingrese por el torniquete se le va a reintegrar el importe en su tarjeta de recarga.<\/p>\n<p>Ortega Cuevas se\u00f1al\u00f3 en conferencia de prensa que ser\u00e1 ma\u00f1ana cuando se tenga la opini\u00f3n t\u00e9cnica de los expertos acerca del tramo cerrado de la llamada L\u00ednea Dorada. Explic\u00f3 que la empresa TCO ya entreg\u00f3 un documento y s\u00f3lo se est\u00e1 a la espera de que ETF haga lo propio, para poner ambas opiniones a consideraci\u00f3n del consejo de administraci\u00f3n del Metro y decidir la intervenci\u00f3n que se llevar\u00e1 a cabo.<\/p>\n<p>Agreg\u00f3 que se ha mantenido reuniones con el consorcio constructor integrado por las empresas ICA, Carso y Alstom, pues \u201cnos gustar\u00eda que la reparaci\u00f3n sea a costo de ellos\u201d.<\/p>\n<p>Ortega inform\u00f3 tambi\u00e9n que la empresa francesa Alstom, especialista en sistemas electromec\u00e1nicos y de v\u00edas y que particip\u00f3 en el consorcio constructor de la l\u00ednea 12, ser\u00e1 la encargada de realizar los trabajos de recuperaci\u00f3n y puesta a punto de los rieles de las 11 estaciones detenidas de la l\u00ednea dorada, por incompatibilidad con los trenes.<\/p>\n<p>Esa empresa, expuso, fue seleccionada para realizar los trabajos y solucionar el problema de incompatibilidad. Manifest\u00f3: \u201cHay un acuerdo, por escrito, con las empresas del consorcio para que Alstom sea quien encabece la recuperaci\u00f3n de la v\u00eda\u201d.<\/p>\n<p>Agreg\u00f3 que a partir de esta semana se desplegar\u00e1 un grupo de t\u00e9cnicos y especialistas a lo largo de cerca de 13 kil\u00f3metros, para iniciar con las labores de sustituci\u00f3n, luego de que se realizaron acciones de topograf\u00eda. \u201cEsperamos desplegar un m\u00fasculo mayor con Alstom\u201d.<\/p>\n<p>&nbsp;<\/p>\n","protected":false},"excerpt":{"rendered":"<p>El director del Metro, Joel Ortega Cuevas, anunci\u00f3 que por cada d\u00eda sin servicio en la l\u00ednea 12 del Metro, este sistema de transporte repondr\u00e1 dos viajes a los afectados por la suspensi\u00f3n en 11 de las 20 estaciones que conforman esa ruta.<\/p>\n","protected":false},"author":1,"featured_media":167059,"comment_status":"open","ping_status":"open","sticky":false,"template":"","format":"standard","meta":{"_monsterinsights_skip_tracking":false,"_monsterinsights_sitenote_active":false,"_monsterinsights_sitenote_note":"","_monsterinsights_sitenote_category":0,"footnotes":""},"categories":[6],"tags":[31279,204,28007,18143,163],"class_list":["post-167058","post","type-post","status-publish","format-standard","has-post-thumbnail","hentry","category-cd-de-mexico","tag-alstom","tag-ciudad-de-mexico","tag-joel-ortega-cuevas","tag-linea-dorada","tag-metro"],"_links":{"self":[{"href":"https:\/\/www.diarioimagen.net\/index.php?rest_route=\/wp\/v2\/posts\/167058","targetHints":{"allow":["GET"]}}],"collection":[{"href":"https:\/\/www.diarioimagen.net\/index.php?rest_route=\/wp\/v2\/posts"}],"about":[{"href":"https:\/\/www.diarioimagen.net\/index.php?rest_route=\/wp\/v2\/types\/post"}],"author":[{"embeddable":true,"href":"https:\/\/www.diarioimagen.net\/index.php?rest_route=\/wp\/v2\/users\/1"}],"replies":[{"embeddable":true,"href":"https:\/\/www.diarioimagen.net\/index.php?rest_route=%2Fwp%2Fv2%2Fcomments&post=167058"}],"version-history":[{"count":0,"href":"https:\/\/www.diarioimagen.net\/index.php?rest_route=\/wp\/v2\/posts\/167058\/revisions"}],"wp:featuredmedia":[{"embeddable":true,"href":"https:\/\/www.diarioimagen.net\/index.php?rest_route=\/wp\/v2\/media\/167059"}],"wp:attachment":[{"href":"https:\/\/www.diarioimagen.net\/index.php?rest_route=%2Fwp%2Fv2%2Fmedia&parent=167058"}],"wp:term":[{"taxonomy":"category","embeddable":true,"href":"https:\/\/www.diarioimagen.net\/index.php?rest_route=%2Fwp%2Fv2%2Fcategories&post=167058"},{"taxonomy":"post_tag","embeddable":true,"href":"https:\/\/www.diarioimagen.net\/index.php?rest_route=%2Fwp%2Fv2%2Ftags&post=167058"}],"curies":[{"name":"wp","href":"https:\/\/api.w.org\/{rel}","templated":true}]}}