{"id":167087,"date":"2014-03-18T00:03:33","date_gmt":"2014-03-18T06:03:33","guid":{"rendered":"http:\/\/www.diarioimagen.net\/?p=167087"},"modified":"2014-03-19T01:53:15","modified_gmt":"2014-03-19T07:53:15","slug":"en-septiembre-se-formalizara-consulta-energetica-prd","status":"publish","type":"post","link":"https:\/\/www.diarioimagen.net\/?p=167087","title":{"rendered":"En septiembre se formalizar\u00e1 consulta energ\u00e9tica: PRD"},"content":{"rendered":"<ul>\n<li><em><strong><span style=\"line-height: 1.5em;\">Conf\u00eda en que la SCJN emitir\u00e1 la declaraci\u00f3n de constitucionalidad respecto de este ejercicio<\/span><\/strong><\/em><\/li>\n<\/ul>\n<p>&nbsp;<\/p>\n<div id=\"attachment_167088\" style=\"width: 250px\" class=\"wp-caption alignleft\"><a href=\"http:\/\/www.diarioimagen.net\/wp-content\/uploads\/2014\/03\/senado-2315.jpg\"><img loading=\"lazy\" decoding=\"async\" aria-describedby=\"caption-attachment-167088\" class=\"size-medium wp-image-167088\" alt=\"La bancada del PRD en el Senado inform\u00f3 que la discusi\u00f3n sobre la reforma energ\u00e9tica arrancar\u00e1 hasta septiembre, despu\u00e9s que la SCJN emita su criterio.\" src=\"http:\/\/www.diarioimagen.net\/wp-content\/uploads\/2014\/03\/senado-2315-240x135.jpg\" width=\"240\" height=\"135\" srcset=\"https:\/\/www.diarioimagen.net\/wp-content\/uploads\/2014\/03\/senado-2315-240x135.jpg 240w, https:\/\/www.diarioimagen.net\/wp-content\/uploads\/2014\/03\/senado-2315-420x236.jpg 420w, https:\/\/www.diarioimagen.net\/wp-content\/uploads\/2014\/03\/senado-2315-235x132.jpg 235w, https:\/\/www.diarioimagen.net\/wp-content\/uploads\/2014\/03\/senado-2315-202x114.jpg 202w, https:\/\/www.diarioimagen.net\/wp-content\/uploads\/2014\/03\/senado-2315-350x196.jpg 350w, https:\/\/www.diarioimagen.net\/wp-content\/uploads\/2014\/03\/senado-2315-220x123.jpg 220w, https:\/\/www.diarioimagen.net\/wp-content\/uploads\/2014\/03\/senado-2315-237x132.jpg 237w, https:\/\/www.diarioimagen.net\/wp-content\/uploads\/2014\/03\/senado-2315.jpg 480w\" sizes=\"auto, (max-width: 240px) 100vw, 240px\" \/><\/a><p id=\"caption-attachment-167088\" class=\"wp-caption-text\">La bancada del PRD en el Senado inform\u00f3 que la discusi\u00f3n sobre la reforma energ\u00e9tica arrancar\u00e1 hasta septiembre, despu\u00e9s que la SCJN emita su criterio.<\/p><\/div>\n<p>El PRD en el Senado inform\u00f3 que ser\u00e1 hasta septiembre cuando arranque el curso legal de la consulta en materia energ\u00e9tica. Asegur\u00f3 que por \u00fanica ocasi\u00f3n, los tr\u00e1mites iniciados para impulsar dicho sondeo ser\u00e1n v\u00e1lidos a\u00fan cuando la Ley de Consulta Popular apenas entr\u00f3 en vigor este fin de semana.<\/p>\n<p>El coordinador de la reforma petrolera en el Senado, Luis S\u00e1nchez, explic\u00f3 que esta C\u00e1mara est\u00e1 por concluir el cotejo de firmas entregadas desde el a\u00f1o pasado. No hay prisa, indic\u00f3, porque de acuerdo a la nueva norma legal el procedimiento oficial arrancar\u00e1 en septiembre.<\/p>\n<p>Expres\u00f3: \u201cla Ley de Consulta Popular establece que septiembre es el inicio para aquellos que est\u00e1n interesados en una consulta popular, que puede ser el Presidente de la Rep\u00fablica, alguna de las c\u00e1maras o ciudadanos. Es en esa fecha cuando se informa, se notifica a cualquier de la dos c\u00e1maras del Congreso de la Uni\u00f3n esa petici\u00f3n y de inmediato el Congreso emite un formato para que se recaben las firmas para esa consulta\u201d.<\/p>\n<p>De acuerdo con el senador, la ley establece un art\u00edculo transitorio para que las firmas respecto de la reforma constitucional en materia de petr\u00f3leo sean v\u00e1lidas. \u201cPor lo tanto, la solicitud o aviso de querer hacer una consulta y el formato que emita el Congreso, en este caso no se aplican por \u00fanica ocasi\u00f3n y nosotros tenemos adelantado un proceso\u201d.<\/p>\n<p>Agreg\u00f3 el legislador que todo el proceso iniciado el a\u00f1o pasado comenzar\u00eda a correr en septiembre y que ya casi termina el conteo de firmas en el Senado. Se\u00f1al\u00f3 que el PRD conf\u00eda en que la Suprema Corte emitir\u00e1 la declaraci\u00f3n de constitucionalidad respecto de este ejercicio, porque el tema del petr\u00f3leo no es un asunto econ\u00f3mico, sino de soberan\u00eda que va m\u00e1s all\u00e1 de los meros ingresos.<\/p>\n<p>Explic\u00f3: \u201cAun cuando hay la intenci\u00f3n de muchos legisladores panistas y priistas de evitar a cualquier costo una consulta en materia energ\u00e9tica, me parece que no hay otra alternativa que hacerla, porque esto es mucho m\u00e1s amplio. El art\u00edculo 35 nos da un derecho a los ciudadanos y el T\u00edtulo I de la Constituci\u00f3n habla de los derechos y va a ser muy dif\u00edcil para la Suprema Corte que en espec\u00edfico el tema energ\u00e9tico no sea un tema de trascendencia nacional, por lo que creemos que debe terminar diciendo que es procedente\u201d.<\/p>\n<p>Luis S\u00e1nchez consider\u00f3 que el contenido del art\u00edculo 35 constitucional es muy claro, cuando establece que podr\u00e1n consultarse los temas de trascendencia nacional \u201cy decir, como lo hace el PRI y el PAN, que el petr\u00f3leo no se puede consultar porque son ingresos, eso es insostenible porque es un asunto de pol\u00edtica energ\u00e9tica y hasta de soberan\u00eda en los pa\u00edses, de modo que insistir en ello es hasta rid\u00edculo\u201d.<\/p>\n<p>&nbsp;<\/p>\n","protected":false},"excerpt":{"rendered":"<p>El PRD en el Senado inform\u00f3 que ser\u00e1 hasta septiembre cuando arranque el curso legal de la consulta en materia energ\u00e9tica. Asegur\u00f3 que por \u00fanica ocasi\u00f3n, los tr\u00e1mites iniciados para impulsar dicho sondeo ser\u00e1n v\u00e1lidos a\u00fan cuando la Ley de Consulta Popular apenas entr\u00f3 en vigor este fin de semana.<\/p>\n","protected":false},"author":1,"featured_media":167088,"comment_status":"open","ping_status":"open","sticky":false,"template":"","format":"standard","meta":{"_monsterinsights_skip_tracking":false,"_monsterinsights_sitenote_active":false,"_monsterinsights_sitenote_note":"","_monsterinsights_sitenote_category":0,"footnotes":""},"categories":[17,3],"tags":[31288,28175,43673,211,116],"class_list":["post-167087","post","type-post","status-publish","format-standard","has-post-thumbnail","hentry","category-especiales","category-nacional","tag-consulta-energetica","tag-luis-sanchez","tag-nacional","tag-prd","tag-senado-de-la-republica"],"_links":{"self":[{"href":"https:\/\/www.diarioimagen.net\/index.php?rest_route=\/wp\/v2\/posts\/167087","targetHints":{"allow":["GET"]}}],"collection":[{"href":"https:\/\/www.diarioimagen.net\/index.php?rest_route=\/wp\/v2\/posts"}],"about":[{"href":"https:\/\/www.diarioimagen.net\/index.php?rest_route=\/wp\/v2\/types\/post"}],"author":[{"embeddable":true,"href":"https:\/\/www.diarioimagen.net\/index.php?rest_route=\/wp\/v2\/users\/1"}],"replies":[{"embeddable":true,"href":"https:\/\/www.diarioimagen.net\/index.php?rest_route=%2Fwp%2Fv2%2Fcomments&post=167087"}],"version-history":[{"count":0,"href":"https:\/\/www.diarioimagen.net\/index.php?rest_route=\/wp\/v2\/posts\/167087\/revisions"}],"wp:featuredmedia":[{"embeddable":true,"href":"https:\/\/www.diarioimagen.net\/index.php?rest_route=\/wp\/v2\/media\/167088"}],"wp:attachment":[{"href":"https:\/\/www.diarioimagen.net\/index.php?rest_route=%2Fwp%2Fv2%2Fmedia&parent=167087"}],"wp:term":[{"taxonomy":"category","embeddable":true,"href":"https:\/\/www.diarioimagen.net\/index.php?rest_route=%2Fwp%2Fv2%2Fcategories&post=167087"},{"taxonomy":"post_tag","embeddable":true,"href":"https:\/\/www.diarioimagen.net\/index.php?rest_route=%2Fwp%2Fv2%2Ftags&post=167087"}],"curies":[{"name":"wp","href":"https:\/\/api.w.org\/{rel}","templated":true}]}}