{"id":167137,"date":"2014-03-18T00:07:02","date_gmt":"2014-03-18T06:07:02","guid":{"rendered":"http:\/\/www.diarioimagen.net\/?p=167137"},"modified":"2014-03-18T01:11:28","modified_gmt":"2014-03-18T07:11:28","slug":"gira-del-secretario-del-agua-y-obra-publica-por-ecatepec","status":"publish","type":"post","link":"https:\/\/www.diarioimagen.net\/?p=167137","title":{"rendered":"Gira del secretario del Agua y Obra P\u00fablica por Ecatepec"},"content":{"rendered":"<p><a href=\"http:\/\/www.diarioimagen.net\/wp-content\/uploads\/2014\/03\/Agua-y-Obra-Publica-2315.jpg\"><img loading=\"lazy\" decoding=\"async\" class=\"aligncenter size-large wp-image-167151\" alt=\"Agua-y-Obra-Publica-2315\" src=\"http:\/\/www.diarioimagen.net\/wp-content\/uploads\/2014\/03\/Agua-y-Obra-Publica-2315-420x236.jpg\" width=\"420\" height=\"236\" srcset=\"https:\/\/www.diarioimagen.net\/wp-content\/uploads\/2014\/03\/Agua-y-Obra-Publica-2315-420x236.jpg 420w, https:\/\/www.diarioimagen.net\/wp-content\/uploads\/2014\/03\/Agua-y-Obra-Publica-2315-240x135.jpg 240w, https:\/\/www.diarioimagen.net\/wp-content\/uploads\/2014\/03\/Agua-y-Obra-Publica-2315-235x132.jpg 235w, https:\/\/www.diarioimagen.net\/wp-content\/uploads\/2014\/03\/Agua-y-Obra-Publica-2315-202x114.jpg 202w, https:\/\/www.diarioimagen.net\/wp-content\/uploads\/2014\/03\/Agua-y-Obra-Publica-2315-350x196.jpg 350w, https:\/\/www.diarioimagen.net\/wp-content\/uploads\/2014\/03\/Agua-y-Obra-Publica-2315-220x123.jpg 220w, https:\/\/www.diarioimagen.net\/wp-content\/uploads\/2014\/03\/Agua-y-Obra-Publica-2315-237x132.jpg 237w, https:\/\/www.diarioimagen.net\/wp-content\/uploads\/2014\/03\/Agua-y-Obra-Publica-2315.jpg 480w\" sizes=\"auto, (max-width: 420px) 100vw, 420px\" \/><\/a><\/p>\n<p><strong>Ecatepec, Estado de M\u00e9xico<\/strong>.- En gira de trabajo por este municipio, Manuel Ortiz Garc\u00eda, secretario del Agua y Obra P\u00fablica, en compa\u00f1\u00eda del presidente municipal Pablo Bedolla L\u00f3pez,\u00a0 entreg\u00f3 una ambulancia y un m\u00f3dulo de vigilancia para la atenci\u00f3n y cuidado de la seguridad y salud de los habitantes de Ciudad Cuauht\u00e9moc. Durante la jornada del d\u00eda, el funcionario tambi\u00e9n entreg\u00f3 obras de infraestructura educativa y urbana.<\/p>\n","protected":false},"excerpt":{"rendered":"<p>En gira de trabajo por este municipio, Manuel Ortiz Garc\u00eda, secretario del Agua y Obra P\u00fablica, en compa\u00f1\u00eda del presidente municipal Pablo Bedolla L\u00f3pez,  entreg\u00f3 una ambulancia y un m\u00f3dulo de vigilancia para la atenci\u00f3n y cuidado de la seguridad y salud de los habitantes de Ciudad Cuauht\u00e9moc. Durante la jornada del d\u00eda, el funcionario tambi\u00e9n entreg\u00f3 obras de infraestructura educativa y urbana.<\/p>\n","protected":false},"author":3,"featured_media":167151,"comment_status":"open","ping_status":"open","sticky":false,"template":"","format":"standard","meta":{"_monsterinsights_skip_tracking":false,"_monsterinsights_sitenote_active":false,"_monsterinsights_sitenote_note":"","_monsterinsights_sitenote_category":0,"footnotes":""},"categories":[5],"tags":[454,43675],"class_list":["post-167137","post","type-post","status-publish","format-standard","has-post-thumbnail","hentry","category-estado-de-mexico","tag-ecatepec","tag-estado-de-mexico"],"_links":{"self":[{"href":"https:\/\/www.diarioimagen.net\/index.php?rest_route=\/wp\/v2\/posts\/167137","targetHints":{"allow":["GET"]}}],"collection":[{"href":"https:\/\/www.diarioimagen.net\/index.php?rest_route=\/wp\/v2\/posts"}],"about":[{"href":"https:\/\/www.diarioimagen.net\/index.php?rest_route=\/wp\/v2\/types\/post"}],"author":[{"embeddable":true,"href":"https:\/\/www.diarioimagen.net\/index.php?rest_route=\/wp\/v2\/users\/3"}],"replies":[{"embeddable":true,"href":"https:\/\/www.diarioimagen.net\/index.php?rest_route=%2Fwp%2Fv2%2Fcomments&post=167137"}],"version-history":[{"count":0,"href":"https:\/\/www.diarioimagen.net\/index.php?rest_route=\/wp\/v2\/posts\/167137\/revisions"}],"wp:featuredmedia":[{"embeddable":true,"href":"https:\/\/www.diarioimagen.net\/index.php?rest_route=\/wp\/v2\/media\/167151"}],"wp:attachment":[{"href":"https:\/\/www.diarioimagen.net\/index.php?rest_route=%2Fwp%2Fv2%2Fmedia&parent=167137"}],"wp:term":[{"taxonomy":"category","embeddable":true,"href":"https:\/\/www.diarioimagen.net\/index.php?rest_route=%2Fwp%2Fv2%2Fcategories&post=167137"},{"taxonomy":"post_tag","embeddable":true,"href":"https:\/\/www.diarioimagen.net\/index.php?rest_route=%2Fwp%2Fv2%2Ftags&post=167137"}],"curies":[{"name":"wp","href":"https:\/\/api.w.org\/{rel}","templated":true}]}}