{"id":167180,"date":"2014-03-19T00:09:50","date_gmt":"2014-03-19T06:09:50","guid":{"rendered":"http:\/\/www.diarioimagen.net\/?p=167180"},"modified":"2014-03-19T01:25:03","modified_gmt":"2014-03-19T07:25:03","slug":"cardenas-llama-a-constituir-un-frente-contra-reforma-energetica","status":"publish","type":"post","link":"https:\/\/www.diarioimagen.net\/?p=167180","title":{"rendered":"C\u00e1rdenas Sol\u00f3rzano llama a constituir un frente contra reforma energ\u00e9tica"},"content":{"rendered":"<ul>\n<li><em><strong>Pide realizar esfuerzos para una consulta popular en la materia en el a\u00f1o de 2015<\/strong><\/em><\/li>\n<\/ul>\n<div id=\"attachment_167181\" style=\"width: 250px\" class=\"wp-caption alignleft\"><img loading=\"lazy\" decoding=\"async\" aria-describedby=\"caption-attachment-167181\" class=\"size-medium wp-image-167181 \" alt=\"Un grupo de perredistas march\u00f3 del \u00c1ngel de la Independencia al Monumento a la Revoluci\u00f3n para sumarse a este acto, en torno al posible candidato de unidad para dirigir de nuevo el PRD, donde se reiter\u00f3 el rechazo a la reforma energ\u00e9tica gubernamental y priista. C\u00e1rdenas Sol\u00f3rzano y dirigentes del partido, realizaron una guardia en honor del General L\u00e1zaro C\u00e1rdenas del R\u00edo.\" src=\"http:\/\/www.diarioimagen.net\/wp-content\/uploads\/2014\/03\/cardenas-portal-240x135.jpg\" width=\"240\" height=\"135\" srcset=\"https:\/\/www.diarioimagen.net\/wp-content\/uploads\/2014\/03\/cardenas-portal-240x135.jpg 240w, https:\/\/www.diarioimagen.net\/wp-content\/uploads\/2014\/03\/cardenas-portal-420x236.jpg 420w, https:\/\/www.diarioimagen.net\/wp-content\/uploads\/2014\/03\/cardenas-portal-235x132.jpg 235w, https:\/\/www.diarioimagen.net\/wp-content\/uploads\/2014\/03\/cardenas-portal-202x114.jpg 202w, https:\/\/www.diarioimagen.net\/wp-content\/uploads\/2014\/03\/cardenas-portal-350x196.jpg 350w, https:\/\/www.diarioimagen.net\/wp-content\/uploads\/2014\/03\/cardenas-portal-220x123.jpg 220w, https:\/\/www.diarioimagen.net\/wp-content\/uploads\/2014\/03\/cardenas-portal-237x132.jpg 237w, https:\/\/www.diarioimagen.net\/wp-content\/uploads\/2014\/03\/cardenas-portal.jpg 480w\" sizes=\"auto, (max-width: 240px) 100vw, 240px\" \/><p id=\"caption-attachment-167181\" class=\"wp-caption-text\">Nuevo llamado de Cuauht\u00e9moc C\u00e1rdenas Sol\u00f3rzano a construir un frente que luche para revertir las transformaciones en materia de energ\u00eda, ante los restos de su padre.<\/p><\/div>\n<p>El ex candidato presidencial Cuauht\u00e9moc C\u00e1rdenas convoc\u00f3 a partidos pol\u00edticos, fuerzas sociales organizadas y sectores de la ciudadan\u00eda no partidista a la unidad y a sumar esfuerzos para realizar la consulta popular que revierta la reforma energ\u00e9tica del gobierno federal, en 2015.<\/p>\n<p>En el d\u00eda de la expropiaci\u00f3n petrolera y ante miles de perredistas congregados en torno al Monumento a la Revoluci\u00f3n, C\u00e1rdenas pidi\u00f3 \u201cque la dispersi\u00f3n no debilite la defensa de los recursos energ\u00e9ticos de la naci\u00f3n\u201d.<\/p>\n<p>El ex gobernador michoacano dijo que requieren articularse en condiciones de equidad y en torno a la \u201creversi\u00f3n de las reformas contra constitucionales 25, 27 y 28, y a la exigencia de consultas populares sin trabas ni limitaciones, respetando diversidades, sin pretender imposiciones ni de otros objetivos ni reformas de lucha\u201d.<\/p>\n<p>Por ello se pronunci\u00f3 por constituir un frente patri\u00f3tico con esos prop\u00f3sitos, para fortalecer la lucha de todos. Dijo que los partidos , aquellos que hacen suya la causa de la soberan\u00eda frente a las pr\u00f3ximas elecciones de 2015, \u201chabr\u00e1n de incluir como prioridad en sus programas electorales la reversi\u00f3n de esas contrarreformas, ya que, mientras mayores sean las coincidencias, m\u00e1s fuerza tendr\u00e1n sus iniciativas y m\u00e1s apoyos se lograr\u00e1n del conjunto de la sociedad\u201d.<\/p>\n<p>El l\u00edder moral del PRD indic\u00f3 que con todo los medios legales y la acci\u00f3n legislativa a su alcance, en el tiempo que sea necesario, \u201cseguiremos la lucha por revertir las reformas constitucionales y recuperar los textos patri\u00f3ticos de nuestra norma suprema\u201d.<\/p>\n<p>Un grupo de perredistas march\u00f3 del \u00c1ngel de la Independencia al Monumento a la Revoluci\u00f3n para sumarse a este acto, en torno al posible candidato de unidad para dirigir de nuevo el PRD, donde se reiter\u00f3 el rechazo a la reforma energ\u00e9tica gubernamental y priista. C\u00e1rdenas Sol\u00f3rzano y dirigentes del partido, realizaron una guardia en honor del General L\u00e1zaro C\u00e1rdenas del R\u00edo.<\/p>\n","protected":false},"excerpt":{"rendered":"<p>El ex candidato presidencial Cuauht\u00e9moc C\u00e1rdenas convoc\u00f3 a partidos pol\u00edticos, fuerzas sociales organizadas y sectores de la ciudadan\u00eda no partidista a la unidad y a sumar esfuerzos para realizar la consulta popular que revierta la reforma energ\u00e9tica del gobierno federal, en 2015.<\/p>\n","protected":false},"author":5,"featured_media":167181,"comment_status":"open","ping_status":"open","sticky":false,"template":"","format":"standard","meta":{"_monsterinsights_skip_tracking":false,"_monsterinsights_sitenote_active":false,"_monsterinsights_sitenote_note":"","_monsterinsights_sitenote_category":0,"footnotes":""},"categories":[3],"tags":[21544,267,8577,211,26447],"class_list":["post-167180","post","type-post","status-publish","format-standard","has-post-thumbnail","hentry","category-nacional","tag-cuauhtemoc-cardenas","tag-cuauhtemoc-cardenas-solorzano","tag-monumento-a-la-revolucion","tag-prd","tag-reforma-energetica"],"_links":{"self":[{"href":"https:\/\/www.diarioimagen.net\/index.php?rest_route=\/wp\/v2\/posts\/167180","targetHints":{"allow":["GET"]}}],"collection":[{"href":"https:\/\/www.diarioimagen.net\/index.php?rest_route=\/wp\/v2\/posts"}],"about":[{"href":"https:\/\/www.diarioimagen.net\/index.php?rest_route=\/wp\/v2\/types\/post"}],"author":[{"embeddable":true,"href":"https:\/\/www.diarioimagen.net\/index.php?rest_route=\/wp\/v2\/users\/5"}],"replies":[{"embeddable":true,"href":"https:\/\/www.diarioimagen.net\/index.php?rest_route=%2Fwp%2Fv2%2Fcomments&post=167180"}],"version-history":[{"count":0,"href":"https:\/\/www.diarioimagen.net\/index.php?rest_route=\/wp\/v2\/posts\/167180\/revisions"}],"wp:featuredmedia":[{"embeddable":true,"href":"https:\/\/www.diarioimagen.net\/index.php?rest_route=\/wp\/v2\/media\/167181"}],"wp:attachment":[{"href":"https:\/\/www.diarioimagen.net\/index.php?rest_route=%2Fwp%2Fv2%2Fmedia&parent=167180"}],"wp:term":[{"taxonomy":"category","embeddable":true,"href":"https:\/\/www.diarioimagen.net\/index.php?rest_route=%2Fwp%2Fv2%2Fcategories&post=167180"},{"taxonomy":"post_tag","embeddable":true,"href":"https:\/\/www.diarioimagen.net\/index.php?rest_route=%2Fwp%2Fv2%2Ftags&post=167180"}],"curies":[{"name":"wp","href":"https:\/\/api.w.org\/{rel}","templated":true}]}}