{"id":167355,"date":"2014-03-20T00:13:12","date_gmt":"2014-03-20T06:13:12","guid":{"rendered":"http:\/\/www.diarioimagen.net\/?p=167355"},"modified":"2014-03-20T03:41:39","modified_gmt":"2014-03-20T09:41:39","slug":"el-edomex-hace-trabajo-en-conjunto","status":"publish","type":"post","link":"https:\/\/www.diarioimagen.net\/?p=167355","title":{"rendered":"El Edomex hace trabajo en conjunto"},"content":{"rendered":"<h2>Arco Norte<\/h2>\n<h5>Jos\u00e9 Luis Monta\u00f1ez Aguilar<\/h5>\n<p>&nbsp;<\/p>\n<div id=\"attachment_167439\" style=\"width: 250px\" class=\"wp-caption alignleft\"><a href=\"http:\/\/www.diarioimagen.net\/wp-content\/uploads\/2014\/03\/arco-2317.jpg\"><img loading=\"lazy\" decoding=\"async\" aria-describedby=\"caption-attachment-167439\" class=\"size-medium wp-image-167439\" alt=\"Durante la inauguraci\u00f3n de la autopista Amecameca-Cuautla, que encabez\u00f3 el presidente de la Rep\u00fablica, Enrique Pe\u00f1a Nieto, el gobernador Eruviel \u00c1vila Villegas reconoci\u00f3 la disposici\u00f3n del Gobierno de la Rep\u00fablica para concretar la construcci\u00f3n del Metro Chalco-La Paz\" src=\"http:\/\/www.diarioimagen.net\/wp-content\/uploads\/2014\/03\/arco-2317-240x159.jpg\" width=\"240\" height=\"159\" srcset=\"https:\/\/www.diarioimagen.net\/wp-content\/uploads\/2014\/03\/arco-2317-240x159.jpg 240w, https:\/\/www.diarioimagen.net\/wp-content\/uploads\/2014\/03\/arco-2317-420x279.jpg 420w, https:\/\/www.diarioimagen.net\/wp-content\/uploads\/2014\/03\/arco-2317.jpg 700w\" sizes=\"auto, (max-width: 240px) 100vw, 240px\" \/><\/a><p id=\"caption-attachment-167439\" class=\"wp-caption-text\">Durante la inauguraci\u00f3n de la autopista Amecameca-Cuautla, que encabez\u00f3 el presidente de la Rep\u00fablica, Enrique Pe\u00f1a Nieto, el gobernador Eruviel \u00c1vila Villegas reconoci\u00f3 la disposici\u00f3n del Gobierno de la Rep\u00fablica para concretar la construcci\u00f3n del Metro Chalco-La Paz<\/p><\/div>\n<p>Al reconocer la disposici\u00f3n del gobierno de la Rep\u00fablica para concretar la ampliaci\u00f3n de la L\u00ednea A del Metro, de Los Reyes La Paz a Chalco, lo que consolida al Estado de M\u00e9xico como la entidad mejor comunicada del pa\u00eds, el gobernador Eruviel \u00c1vila Villegas reiter\u00f3 el compromiso\u00a0 de su administraic\u00f3n para trabajar en equipo con la federaci\u00f3n para continuar con el desarrollo de proyectos que democraticen la productividad y beneficien a los mexiquenses con mejores servicios e infraestructura que permitan elevar la competitividad econ\u00f3mica de la regi\u00f3n centro del pa\u00eds. \u201cLe quiero reiterar al se\u00f1or presidente la disposici\u00f3n del gobierno del Estado de M\u00e9xico para seguir trabajando de la mano con usted, con el secretario de Comunicaciones, para impulsar m\u00e1s obras de este tipo, como lo va ser en su momento el metro Chalco-La Paz que usted ya ha instruido y que el gobierno del estado ya est\u00e1 realizando los proyectos correspondientes y muchas obras en beneficio de Morelos, del Estado de M\u00e9xico, y de quienes vivimos en esta zona de nuestro pa\u00eds\u201d, expres\u00f3. El metro Chalco-La Paz contar\u00e1 con una longitud aproximada de 13 kil\u00f3metros y requerir\u00e1 una inversi\u00f3n de entre 15 mil millones y 20 mil millones de pesos, para beneficiar a los habitantes de Chalco, Ixtapaluca, Valle de Chalco, as\u00ed como la poblaci\u00f3n del oriente de la entidad. Por su parte, el presidente Enrique Pe\u00f1a, indic\u00f3 que el gobierno de la Rep\u00fablica comparte la visi\u00f3n de colaborar con los estados para alcanzar objetivos que beneficien a todos los mexicanos, por lo que asegur\u00f3 que la autopista Amecameca-Cuautla elevar\u00e1 la competitividad comercial, espec\u00edficamente en el sector agr\u00edcola, tanto del Estado de M\u00e9xico como de Morelos, ya que reducir\u00e1 tiempos y costos de traslados.<\/p>\n<p><em><\/em><em><a href=\"mailto:montanezaguilar@gmail.com\" target=\"_blank\">montanezaguilar@gmail.com<\/a><\/em><\/p>\n","protected":false},"excerpt":{"rendered":"<p><span style=\"color: #005497;\"><strong>Jos\u00e9 Luis Monta\u00f1ez Aguilar<\/strong><\/span><br \/>\n<br \/>\nAl reconocer la disposici\u00f3n del gobierno de la Rep\u00fablica para concretar la ampliaci\u00f3n de la L\u00ednea A del Metro, de Los Reyes La Paz a Chalco, lo que consolida al Estado de M\u00e9xico como la entidad mejor comunicada del pa\u00eds, el gobernador Eruviel \u00c1vila Villegas reiter\u00f3 el compromiso  de su administraic\u00f3n para trabajar en equipo con la federaci\u00f3n para continuar con el desarrollo de proyectos que democraticen la productividad y beneficien a los mexiquenses con mejores servicios e infraestructura que permitan elevar la competitividad econ\u00f3mica de la regi\u00f3n centro del pa\u00eds.<\/p>\n","protected":false},"author":3,"featured_media":167440,"comment_status":"open","ping_status":"open","sticky":false,"template":"","format":"standard","meta":{"_monsterinsights_skip_tracking":false,"_monsterinsights_sitenote_active":false,"_monsterinsights_sitenote_note":"","_monsterinsights_sitenote_category":0,"footnotes":""},"categories":[5],"tags":[13284,541,43704,24503,3883,163],"class_list":["post-167355","post","type-post","status-publish","format-standard","has-post-thumbnail","hentry","category-estado-de-mexico","tag-arco-norte","tag-chalco","tag-jose-luis-montanez-aguilar","tag-linea-a","tag-los-reyes-la-paz","tag-metro"],"_links":{"self":[{"href":"https:\/\/www.diarioimagen.net\/index.php?rest_route=\/wp\/v2\/posts\/167355","targetHints":{"allow":["GET"]}}],"collection":[{"href":"https:\/\/www.diarioimagen.net\/index.php?rest_route=\/wp\/v2\/posts"}],"about":[{"href":"https:\/\/www.diarioimagen.net\/index.php?rest_route=\/wp\/v2\/types\/post"}],"author":[{"embeddable":true,"href":"https:\/\/www.diarioimagen.net\/index.php?rest_route=\/wp\/v2\/users\/3"}],"replies":[{"embeddable":true,"href":"https:\/\/www.diarioimagen.net\/index.php?rest_route=%2Fwp%2Fv2%2Fcomments&post=167355"}],"version-history":[{"count":0,"href":"https:\/\/www.diarioimagen.net\/index.php?rest_route=\/wp\/v2\/posts\/167355\/revisions"}],"wp:featuredmedia":[{"embeddable":true,"href":"https:\/\/www.diarioimagen.net\/index.php?rest_route=\/wp\/v2\/media\/167440"}],"wp:attachment":[{"href":"https:\/\/www.diarioimagen.net\/index.php?rest_route=%2Fwp%2Fv2%2Fmedia&parent=167355"}],"wp:term":[{"taxonomy":"category","embeddable":true,"href":"https:\/\/www.diarioimagen.net\/index.php?rest_route=%2Fwp%2Fv2%2Fcategories&post=167355"},{"taxonomy":"post_tag","embeddable":true,"href":"https:\/\/www.diarioimagen.net\/index.php?rest_route=%2Fwp%2Fv2%2Ftags&post=167355"}],"curies":[{"name":"wp","href":"https:\/\/api.w.org\/{rel}","templated":true}]}}