{"id":167358,"date":"2014-03-20T00:07:47","date_gmt":"2014-03-20T06:07:47","guid":{"rendered":"http:\/\/www.diarioimagen.net\/?p=167358"},"modified":"2014-03-20T03:29:43","modified_gmt":"2014-03-20T09:29:43","slug":"ni-impunidad-para-calderon-ni-para-nadie-cecilia-romero","status":"publish","type":"post","link":"https:\/\/www.diarioimagen.net\/?p=167358","title":{"rendered":"Ni impunidad para Calder\u00f3n, ni para nadie: Cecilia Romero"},"content":{"rendered":"<h2>Tras la puerta del poder<\/h2>\n<h5>Roberto Vizca\u00edno<\/h5>\n<p>&nbsp;<\/p>\n<ul>\n<li><strong><i>La dirigente acept\u00f3 que si hay responsabilidades de Calder\u00f3n, el PAN las aceptar\u00e1\u00a0\u00a0<\/i><\/strong><\/li>\n<li><strong><i>La lideresa le exigi\u00f3 a Pe\u00f1a Nieto no politizar los asuntos judiciales ni judicializar los pol\u00edticos<\/i><\/strong><\/li>\n<li><strong><i>Emilio Gamboa acept\u00f3 que existe un retraso en el env\u00edo de las leyes secundarias\u00a0<\/i><\/strong><\/li>\n<\/ul>\n<div id=\"attachment_163134\" style=\"width: 250px\" class=\"wp-caption alignleft\"><a href=\"http:\/\/www.diarioimagen.net\/wp-content\/uploads\/2014\/02\/triste-realidad-LUIS-XAVIER-2292.jpg\"><img loading=\"lazy\" decoding=\"async\" aria-describedby=\"caption-attachment-163134\" class=\"size-medium wp-image-163134\" alt=\"Triste realidad\u2026 | Luis Xavier\" src=\"http:\/\/www.diarioimagen.net\/wp-content\/uploads\/2014\/02\/triste-realidad-LUIS-XAVIER-2292-240x185.jpg\" width=\"240\" height=\"185\" srcset=\"https:\/\/www.diarioimagen.net\/wp-content\/uploads\/2014\/02\/triste-realidad-LUIS-XAVIER-2292-240x185.jpg 240w, https:\/\/www.diarioimagen.net\/wp-content\/uploads\/2014\/02\/triste-realidad-LUIS-XAVIER-2292-420x324.jpg 420w, https:\/\/www.diarioimagen.net\/wp-content\/uploads\/2014\/02\/triste-realidad-LUIS-XAVIER-2292.jpg 700w\" sizes=\"auto, (max-width: 240px) 100vw, 240px\" \/><\/a><p id=\"caption-attachment-163134\" class=\"wp-caption-text\">Triste realidad\u2026 | Luis Xavier<\/p><\/div>\n<p>La presidenta del PAN mostr\u00f3 ayer su car\u00e1cter, y le orden\u00f3 a sus grupos parlamentarios en las c\u00e1maras de Diputados y Senadores no regresar a las mesas de negociaci\u00f3n de las reformas energ\u00e9tica si antes el gobierno del presidente Enrique Pe\u00f1a Nieto no aclara el alcance de Oceanograf\u00eda.<\/p>\n<p>Romero aclar\u00f3 el punto al salir de una reuni\u00f3n de intercambio de opiniones y acuerdos con la bancada de 38 senadores de Acci\u00f3n Nacional.<\/p>\n<p>Subray\u00f3 que es desde el gobierno de donde se ha pretendido hacer ver que los reclamos del PAN son para buscar impunidad para los ex presidentes Fox y Calder\u00f3n cuando, afirm\u00f3, los fraudes de esta empresa han sido cometidos en lo que va de este gobierno.<\/p>\n<p>Y, ante la pregunta de si las investigaciones judiciales encuentran responsabilidades a Felipe Calder\u00f3n, el PAN las aceptar\u00eda, respondi\u00f3:<\/p>\n<p>P: \u00bfY si hubiera responsabilidades del ex presidente Calder\u00f3n, las aceptar\u00edan?<\/p>\n<p>\u201cLas aceptar\u00edamos para cualquier persona que haya tenido alguna falla, por supuesto. Ha sido divisa de Acci\u00f3n Nacional. Pero tenemos tambi\u00e9n la confianza y la tranquilidad que por lo que respecta al presidente Calder\u00f3n las cosas fueron totalmente claras\u201d.<\/p>\n<p>\u00bfPide a Pe\u00f1a Nieto no judicialice la pol\u00edtica\u2026 no use Oceanograf\u00eda para golpear electoralmente a su partido la v\u00edspera de los procesos intermedios del a\u00f1o pr\u00f3ximo?, se le interrog\u00f3.<\/p>\n<p>\u201c\u2026 no le pido, lo exijo: no politice los asuntos judiciales y no judicialice las cuestiones pol\u00edticas\u201d, respondi\u00f3\u00a0 de inmediato.<\/p>\n<p>Frente a la percepci\u00f3n generalizada de que el PAN reacciona baj\u00e1ndose de la mesa de negociaci\u00f3n para buscar impunidad para sus personajes, dijo que lo que su partido quiere es claridad.<\/p>\n<p>\u201cLo que queremos, y lo digo con toda claridad, es que se aclare a cabalidad lo de Oceanograf\u00eda\u2026 hay notas que indican que lo de Oceanograf\u00eda es un asunto que tiene que ver con esta administraci\u00f3n\u2026 s\u00e9 que ha pretendido involucrar sexenios pasados y por eso necesitamos que se aclare esa mala interpretaci\u00f3n\u2026\u201d<\/p>\n<p>Por ello, insisti\u00f3, el PAN en la C\u00e1mara de Senadores continuar\u00e1 exigiendo se aclare para despu\u00e9s poder avanzar en todas las reformas trascendentes.<\/p>\n<p>Record\u00f3 que el tema de Oceanograf\u00eda comenz\u00f3 todav\u00eda con la presidencia de Gustavo Madero, quien asumi\u00f3 decisiones de exigir respeto, lo que hoy reitera la Presidenta del partido, dijo.<\/p>\n<p>Indic\u00f3 que si bien la reforma pol\u00edtico electoral tiene tiempos y momentos definidos y plazos que deben respetarse para que pueda entrar en vigor para la pr\u00f3xima elecci\u00f3n intermedia de 2015, las leyes secundarias de las otras reformas son importantes y se debe trabajar en ellas, pero \u00e9sta es una posici\u00f3n del partido, institucional, y sobre eso seguiremos.<\/p>\n<p>En este punto el coordinador de los senadores del PAN, el colimense Jorge Luis Preciado subray\u00f3 que el Grupo Parlamentario tom\u00f3 una posici\u00f3n de levantarse de la mesa bilateral en la que se discuten las reformas secundarias en esta materia, pero hay 21 transitorios de la Constituci\u00f3n que aprobamos el a\u00f1o pasado, que le dan autonom\u00eda a la gesti\u00f3n en hidrocarburos.<\/p>\n<p>Y acept\u00f3 que en este contexto el caso de Oceanograf\u00eda es un tema del PAN en cuanto que se est\u00e1 utilizando para golpear a los negociadores que estaban en la mesa.<\/p>\n<p>\u201cAparentemente aqu\u00ed, a nivel nacional no se vio tanto, pero en los estados, en Veracruz, en Quer\u00e9taro y en Campeche les hacen se\u00f1alamientos como si ellos hubieran estado detr\u00e1s de todo este tema de Oceanograf\u00eda.<\/p>\n<p>\u201cLa realidad es que el Grupo Parlamentario, solidariamente con nuestros legisladores, les dijimos, lev\u00e1ntense de la mesa, por unanimidad, hasta que ese tema se aclare.<\/p>\n<p>\u201cPor supuesto que internamente seguimos trabajando con los diputados, tenemos la agenda cargada en telecom, reforma energ\u00e9tica, competencia y por supuesto sigue siendo condici\u00f3n del PAN como Grupo y como partido que salga primero la reforma pol\u00edtico electoral antes de avanzar en otros temas\u201d.<\/p>\n<p>En cuanto a la oposici\u00f3n mostrada anteayer en San L\u00e1zaro, la presidente del PAN dijo estar de acuerdo con sus legisladores.<\/p>\n<p>\u201cEllos asumieron una posici\u00f3n congruente\u2026 estamos de acuerdo (como partido) con la pensi\u00f3n universal, con el seguro de desempleo, pero no con que se enga\u00f1e a los trabajadores al fondear esos dos derechos con los ahorros de los trabajadores\u2026 les est\u00e1 jugando el dedo en la boca a los trabajadores\u201d.<\/p>\n<p>Confi\u00f3 que en la C\u00e1mara de Senadores la bancada de Acci\u00f3n Nacional seguramente actuar\u00e1 en consecuencia \u201ccuando llegue ac\u00e1 esta reforma\u201d.<\/p>\n<p>Del controvertido y permanente asunto de los \u201cmoches\u201d gestionados por diputados federales del PAN\u2026 y los surgidos ahora supuestamente en Aguascalientes, explic\u00f3:<\/p>\n<p>\u201cRespecto al tema de \u201clos moches\u201d\u2026 en la reuni\u00f3n de Consejo Nacional, en enero, se cre\u00f3 una comisi\u00f3n de Transparencia que ha estado trabajando.<\/p>\n<p>\u201cOrganizaciones de la sociedad civil nos han asesorado, redes de transparencia colaboran con nosotros para transparentar los recursos que se bajan a la C\u00e1mara de Diputados.<\/p>\n<p>\u201cPlaticamos con quienes han sido mencionados para poder poder presentar denuncias, lo estamos haciendo.<\/p>\n<p>\u201cLa Comisi\u00f3n de Transparencia ya incluy\u00f3 el asunto de Aguascalientes surgido ayer para ver si hay alguna prueba concreta\u201d, indic\u00f3.<\/p>\n<p align=\"center\">\u00a0<b>LA FUNCI\u00d3N P\u00daBLICA AVANZA<\/b><\/p>\n<p>Con\u00a0 el prop\u00f3sito de seguir fomentando la participaci\u00f3n ciudadana para transparentar los procedimientos de contrataci\u00f3n en materia de adquisiciones, servicios y obras p\u00fablicas, la Secretar\u00eda de la Funci\u00f3n P\u00fablica design\u00f3 durante el primer a\u00f1o de la presente administraci\u00f3n a testigos sociales para participar en 121 procedimientos de contrataci\u00f3n, incluyendo a los del r\u00e9gimen especial de Petr\u00f3leos Mexicanos, adem\u00e1s, la dependencia dio a\u00a0 conocer que en el mismo lapso se impusieron 11 mil 617 sanciones a 9 mil 405 Servidores P\u00fablicos.<\/p>\n<p align=\"center\">\u00a0<b>QUIZ\u00c1 HOY LLEGUE<\/b><\/p>\n<p>El coordinador de los senadores del PRI, el yucateco Emilio Gamboa acept\u00f3 ayer que ha habido un retraso en el env\u00edo de las leyes secundarias de las reformas por parte del Presidente de la Rep\u00fablica, y confi\u00f3 en que hoy llegue la de telecomunicaciones.<\/p>\n<p>\u201cCierto, las iniciativas de leyes secundarias de la reforma de telecomunicaciones, han tardado\u2026 me han dicho que su elaboraci\u00f3n no ha sido f\u00e1cil\u2026 es un tema muy t\u00e9cnico, ya lo saben mis compa\u00f1eras y compa\u00f1eros senadoras\u2026 no es un tema f\u00e1cil de comprender, pero esperamos que nos pueda llegar hoy\u2026\u201d<\/p>\n<p>\u00bfHay tiempo para procesarla?, se le pregunt\u00f3.<\/p>\n<p>\u201cS\u00ed, todav\u00eda tenemos 45 d\u00edas, unas 11 sesiones, que se pueden transformar en 15, 18 o 20, las necesarias\u2026 tenemos tiempo y lo vamos a sacar\u201d, indic\u00f3.<\/p>\n<p>Coment\u00f3 que el equipo del presidente Enrique Pe\u00f1a Nieto ha realizado su mejor esfuerzo para entregarlas, pero la complejidad de estas ha provocado el restraaso.<\/p>\n<p>\u201c\u2026 he conversado con el consejero jur\u00eddico del Presidente y con el secretario de Comunicaciones y Transportes, dos ejes esenciales en esta Ley, y parece que ya est\u00e1 lista\u201d.<\/p>\n<p>\u00bfAbiertos a ir a un extraordinario?, se le interrog\u00f3.<\/p>\n<p>\u201cLo estamos\u2026\u201d, respondi\u00f3.<\/p>\n<p>Dijo que el caso de las secundarias de la reforma energ\u00e9tica y la de telecomunicaciones corren paralelas y no habr\u00e1 obstrucci\u00f3n de una y otra.<\/p>\n<p>\u201cHemos platicando con el coordinador Preciado y con el coordinador Barbosa y hoy (ayer) se definir\u00e1n las rutas cr\u00edticas de todas las leyes secundarias, sin prisas y sin presiones\u201d, adelant\u00f3.<\/p>\n<p>\u00bfCu\u00e1ndo llega lo de Monte Alejandro Rubido para que sea ratificado?<\/p>\n<p>\u201cPuede tambi\u00e9n ser hoy\u2026 o ma\u00f1ana a m\u00e1s tardar\u201d.<\/p>\n<p><em><a href=\"mailto:rvizcainoa@gmail.com\">rvizcainoa@gmail.com<\/a><\/em><\/p>\n","protected":false},"excerpt":{"rendered":"<p><span style=\"color: #005497;\"><strong>Roberto Vizca\u00edno<\/strong><\/span><br \/>\n<br \/>\nLa presidenta del PAN mostr\u00f3 ayer su car\u00e1cter, y le orden\u00f3 a sus grupos parlamentarios en las c\u00e1maras de Diputados y Senadores no regresar a las mesas de negociaci\u00f3n de las reformas energ\u00e9tica si antes el gobierno del presidente Enrique Pe\u00f1a Nieto no aclara el alcance de Oceanograf\u00eda.<\/p>\n","protected":false},"author":3,"featured_media":163134,"comment_status":"open","ping_status":"open","sticky":false,"template":"","format":"standard","meta":{"_monsterinsights_skip_tracking":false,"_monsterinsights_sitenote_active":false,"_monsterinsights_sitenote_note":"","_monsterinsights_sitenote_category":0,"footnotes":""},"categories":[136],"tags":[18,43674,93,94],"class_list":["post-167358","post","type-post","status-publish","format-standard","has-post-thumbnail","hentry","category-roberto-vizcaino-opinion","tag-enrique-pena-nieto","tag-opinion","tag-roberto-vizcaino","tag-tras-la-puerta-del-poder"],"_links":{"self":[{"href":"https:\/\/www.diarioimagen.net\/index.php?rest_route=\/wp\/v2\/posts\/167358","targetHints":{"allow":["GET"]}}],"collection":[{"href":"https:\/\/www.diarioimagen.net\/index.php?rest_route=\/wp\/v2\/posts"}],"about":[{"href":"https:\/\/www.diarioimagen.net\/index.php?rest_route=\/wp\/v2\/types\/post"}],"author":[{"embeddable":true,"href":"https:\/\/www.diarioimagen.net\/index.php?rest_route=\/wp\/v2\/users\/3"}],"replies":[{"embeddable":true,"href":"https:\/\/www.diarioimagen.net\/index.php?rest_route=%2Fwp%2Fv2%2Fcomments&post=167358"}],"version-history":[{"count":0,"href":"https:\/\/www.diarioimagen.net\/index.php?rest_route=\/wp\/v2\/posts\/167358\/revisions"}],"wp:featuredmedia":[{"embeddable":true,"href":"https:\/\/www.diarioimagen.net\/index.php?rest_route=\/wp\/v2\/media\/163134"}],"wp:attachment":[{"href":"https:\/\/www.diarioimagen.net\/index.php?rest_route=%2Fwp%2Fv2%2Fmedia&parent=167358"}],"wp:term":[{"taxonomy":"category","embeddable":true,"href":"https:\/\/www.diarioimagen.net\/index.php?rest_route=%2Fwp%2Fv2%2Fcategories&post=167358"},{"taxonomy":"post_tag","embeddable":true,"href":"https:\/\/www.diarioimagen.net\/index.php?rest_route=%2Fwp%2Fv2%2Ftags&post=167358"}],"curies":[{"name":"wp","href":"https:\/\/api.w.org\/{rel}","templated":true}]}}