{"id":167360,"date":"2014-03-20T00:06:04","date_gmt":"2014-03-20T06:06:04","guid":{"rendered":"http:\/\/www.diarioimagen.net\/?p=167360"},"modified":"2014-03-20T03:29:50","modified_gmt":"2014-03-20T09:29:50","slug":"balance-de-la-ruta-del-dinero","status":"publish","type":"post","link":"https:\/\/www.diarioimagen.net\/?p=167360","title":{"rendered":"Balance de la ruta del dinero"},"content":{"rendered":"<h2>\u00cdndice pol\u00edtico<\/h2>\n<h5>Francisco Rodr\u00edguez<\/h5>\n<p><span><br \/>\nAqu\u00ed y en todas partes, los pillos de \u201ccuello blanco\u201d pueden atestiguar que ser criminal deja dividendos. Los \u201ccasabolseros\u201d ascendidos a banqueros durante el salinismo cometieron decenas de fechor\u00edas en perjuicio de sus cuentahabientes e incluso del sistema financiero nacional y he aqu\u00ed que siguen tan campantes, disfrutando de sus dineros mal habidos. Igual los que en el 2008 quebraron a Wall Street y, pr\u00e1cticamente, a todo el sistema financiero mundial.<\/span><\/p>\n<p>Paga el crimen a los ricos y ahora tambi\u00e9n a quienes no lo son.<\/p>\n<p>Quebrantar la ley en Michoac\u00e1n tiene sus recompensas, por ejemplo, merced a la \u201cgenerosidad\u201d que tambi\u00e9n podr\u00eda ser vista como complicidad de las autoridades federales. Armarse como autodefensa con rifles de asalto, metralletas y todo tipo de pertrechos que son de uso exclusivo de las fuerzas armadas ha tenido como colof\u00f3n el que estos violadores de la ley sean asimilados a la institucionalidad, a cambio de tan s\u00f3lo registrar sus arsenales, recibir un curso de capacitaci\u00f3n y, adem\u00e1s percibir un sueldo por ello.<\/p>\n<p>Es la institucionalizaci\u00f3n del crimen, en todo caso.<\/p>\n<p>Y se da merced a la debilidad que en todos los \u00f3rdenes muestran los gobiernos instituidos, ya sean el federal, el estatal y los municipales. Si no pueden contra esos grupos paramilitares, los suman, los subcontratan para que lleven a cabo tareas que s\u00f3lo competen al Estado. A nadie m\u00e1s.<\/p>\n<p>Ya \u201cinstitucionalizado\u201d el delito de portaci\u00f3n ilegal de armas, de formaci\u00f3n de gavillas \u2014as\u00ed sea para combatir a otros delincuentes\u2014, cualquiera podr\u00eda armarse, demandar que se registre el arma de origen desconocido y cobrar salarios por ello.<\/p>\n<p>\u00bfEs acaso esta una invitaci\u00f3n para que todos en el pa\u00eds nos armemos? \u00bfPara que cada qui\u00e9n defienda su hogar, la calle y la colonia donde vive?<\/p>\n<p>Delinquir, pues, tiene sus recompensas.<\/p>\n<p align=\"center\"><b>IMITACI\u00d3N EN LA CAPITAL<\/b><\/p>\n<p>\u00a0Han crecido tanto en n\u00famero, fuerza y poder quienes van en contra de la ley, que los gobiernos se rinden ante ellos.<\/p>\n<p>Sucede ahora en la capital nacional, cuyo mando pol\u00edtico recae en Miguel \u00c1ngel Mancera Espinosa.<\/p>\n<p>Incapaz de poner orden al interior del Sistema de Transporte Colectivo, donde los llamados \u201cvagoneros\u201d \u2014vendedores ambulantes\u2014 se convirtieron en una verdadera plaga y azote de los usuarios, ha decidido pagarles un salario para que abandonen andenes y trenes del Metro.<\/p>\n<p>Antes que un arresto por infringir las normas, un premio pecuniario que, por supuesto, saldr\u00e1 del bolsillo de los contribuyentes a la Tesorer\u00eda del Distrito Federal.<\/p>\n<p>El anuncio fue hecho hace un par de d\u00edas por el secretario de Gobierno (sic) H\u00e9ctor Serrano Cort\u00e9s, tras acordarlo con 18 de las 21 organizaciones que agrupan a entre 2 mil 500 y 3 mil vendedores ambulantes. Un salario, a cambio de que dejen de infringir la ley y de perturbar el de suyo ca\u00f3tico desplazamiento de los usuarios de ese medio de transporte.<\/p>\n<p>\u00bfQu\u00e9 sigue ahora? Para desalojar la v\u00eda p\u00fablica de millares y millares de \u201cpuesteros\u201d \u00bflos paga-impuestos tambi\u00e9n vamos a otorgarles un sueldo, merced a la generosidad \u2014l\u00e9ase: debilidad\u2014 de las autoridades constituidas?<\/p>\n<p>\u00bfQui\u00e9n dijo que \u201cel crimen no paga\u201d?<\/p>\n<p>En M\u00e9xico s\u00ed redit\u00faa. En M\u00e9xico hay que infringir la ley y esperar pacientes a que las \u201cautoridades\u201d \u2014sin autoridad\u2014 nos convenzan o nos pidan por favor que entremos al orden, a cambio de recibir una recompensa econ\u00f3mica\u2026 con dinero de los contribuyentes, repito.<\/p>\n<p>Ya empezaron con las \u201cautodefensas\u201d y con los \u201cvagoneros\u201d.<\/p>\n<p>\u00bfQui\u00e9nes siguen?<\/p>\n<p>\u00bfLos \u201cnarcos\u201d? \u00bfLos secuestradores? \u00bfLos asaltantes?<\/p>\n<p>Debilidad institucional. No hay de otra.<\/p>\n<p><b><i>\u00cdndice Flam\u00edgero:<\/i><\/b> Vendedores que ofertan su mercanc\u00eda en los vagones del Metro iniciaron el domingo su venta apelando a los sentimientos de los usuarios e informaron que \u201cayer (lunes) ya no nos permitir\u00e1n vender y el mi\u00e9rcoles estaremos robando: a eso nos orillan las autoridades&#8230;\u201d. Ese fue el mensaje que ofrecieron en las l\u00edneas 1, 2 y 3. \u00bfLuego cobrar\u00e1n salarios por dejar de robar porque los gobernantes no pueden con ellos?<\/p>\n<p><em><a href=\"http:\/\/www.indicepolitico.com\/\" target=\"_blank\"><em>www.indicepolitico.com<\/em><\/a><br \/>\n<\/em><em><a href=\"mailto:pacorodriguez@journalist.com\" target=\"_blank\">pacorodriguez@journalist.com<\/a><\/em><\/p>\n","protected":false},"excerpt":{"rendered":"<p><span style=\"color: #005497;\"><strong>Francisco Rodr\u00edguez<\/strong><\/span><\/p>\n","protected":false},"author":3,"featured_media":0,"comment_status":"open","ping_status":"open","sticky":false,"template":"","format":"standard","meta":{"_monsterinsights_skip_tracking":false,"_monsterinsights_sitenote_active":false,"_monsterinsights_sitenote_note":"","_monsterinsights_sitenote_category":0,"footnotes":""},"categories":[549],"tags":[43689,550,5314,43674],"class_list":["post-167360","post","type-post","status-publish","format-standard","hentry","category-francisco-rodriguez","tag-francisco-rodriguez","tag-indice-politico","tag-miguel-angel-mancera-espinosa","tag-opinion"],"_links":{"self":[{"href":"https:\/\/www.diarioimagen.net\/index.php?rest_route=\/wp\/v2\/posts\/167360","targetHints":{"allow":["GET"]}}],"collection":[{"href":"https:\/\/www.diarioimagen.net\/index.php?rest_route=\/wp\/v2\/posts"}],"about":[{"href":"https:\/\/www.diarioimagen.net\/index.php?rest_route=\/wp\/v2\/types\/post"}],"author":[{"embeddable":true,"href":"https:\/\/www.diarioimagen.net\/index.php?rest_route=\/wp\/v2\/users\/3"}],"replies":[{"embeddable":true,"href":"https:\/\/www.diarioimagen.net\/index.php?rest_route=%2Fwp%2Fv2%2Fcomments&post=167360"}],"version-history":[{"count":0,"href":"https:\/\/www.diarioimagen.net\/index.php?rest_route=\/wp\/v2\/posts\/167360\/revisions"}],"wp:attachment":[{"href":"https:\/\/www.diarioimagen.net\/index.php?rest_route=%2Fwp%2Fv2%2Fmedia&parent=167360"}],"wp:term":[{"taxonomy":"category","embeddable":true,"href":"https:\/\/www.diarioimagen.net\/index.php?rest_route=%2Fwp%2Fv2%2Fcategories&post=167360"},{"taxonomy":"post_tag","embeddable":true,"href":"https:\/\/www.diarioimagen.net\/index.php?rest_route=%2Fwp%2Fv2%2Ftags&post=167360"}],"curies":[{"name":"wp","href":"https:\/\/api.w.org\/{rel}","templated":true}]}}