{"id":167365,"date":"2014-03-20T00:04:20","date_gmt":"2014-03-20T06:04:20","guid":{"rendered":"http:\/\/www.diarioimagen.net\/?p=167365"},"modified":"2014-03-21T04:33:03","modified_gmt":"2014-03-21T10:33:03","slug":"horcasitas-fuera-del-proyecto-metro","status":"publish","type":"post","link":"https:\/\/www.diarioimagen.net\/?p=167365","title":{"rendered":"Horcasitas, fuera del Proyecto Metro"},"content":{"rendered":"<ul>\n<li><strong><em>Mancera lo destituy\u00f3<\/em><\/strong><\/li>\n<\/ul>\n<div id=\"attachment_167431\" style=\"width: 250px\" class=\"wp-caption alignleft\"><a href=\"http:\/\/www.diarioimagen.net\/wp-content\/uploads\/2014\/03\/METRO-2317.jpg\"><img loading=\"lazy\" decoding=\"async\" aria-describedby=\"caption-attachment-167431\" class=\"size-medium wp-image-167431\" alt=\"El jefe del GDF dice que es para garantizar una investigaci\u00f3n transparente de las fallas en la l\u00ednea 12 del STC (Metro).\" src=\"http:\/\/www.diarioimagen.net\/wp-content\/uploads\/2014\/03\/METRO-2317-240x135.jpg\" width=\"240\" height=\"135\" srcset=\"https:\/\/www.diarioimagen.net\/wp-content\/uploads\/2014\/03\/METRO-2317-240x135.jpg 240w, https:\/\/www.diarioimagen.net\/wp-content\/uploads\/2014\/03\/METRO-2317-420x236.jpg 420w, https:\/\/www.diarioimagen.net\/wp-content\/uploads\/2014\/03\/METRO-2317-235x132.jpg 235w, https:\/\/www.diarioimagen.net\/wp-content\/uploads\/2014\/03\/METRO-2317-202x114.jpg 202w, https:\/\/www.diarioimagen.net\/wp-content\/uploads\/2014\/03\/METRO-2317-350x196.jpg 350w, https:\/\/www.diarioimagen.net\/wp-content\/uploads\/2014\/03\/METRO-2317-220x123.jpg 220w, https:\/\/www.diarioimagen.net\/wp-content\/uploads\/2014\/03\/METRO-2317-237x132.jpg 237w, https:\/\/www.diarioimagen.net\/wp-content\/uploads\/2014\/03\/METRO-2317.jpg 480w\" sizes=\"auto, (max-width: 240px) 100vw, 240px\" \/><\/a><p id=\"caption-attachment-167431\" class=\"wp-caption-text\">El jefe del GDF dice que es para garantizar una investigaci\u00f3n transparente de las fallas en la l\u00ednea 12 del STC (Metro).<\/p><\/div>\n<p>El jefe de gobierno del Distrito Federal, Miguel \u00c1ngel Mancera Espinosa, destituy\u00f3 a Enrique Horcasitas Manjarrez, como director del Proyecto Metro y design\u00f3 a Marco Antonio Ziriaco, quien se ven\u00eda desempe\u00f1ando en la Contralor\u00eda Interna del GDF, en su lugar.<\/p>\n<p>Asimismo, el mandatario orden\u00f3 al contralor, Hiram Almeida Estrada, resguardar los archivos que gener\u00f3 la construcci\u00f3n de la l\u00ednea 12 del Metro.<\/p>\n<p>Lo anterior, asegur\u00f3, \u201ces para garantizar una investigaci\u00f3n transparente\u201d.<\/p>\n<p>En una declaraci\u00f3n p\u00fablica, en la que no permiti\u00f3 preguntas, el mandatario capitalino dijo que la decisi\u00f3n se tom\u00f3 para permitir una investigaci\u00f3n transparente y seguir avanzando en el procedimiento administrativo.<\/p>\n<p>\u201cQuiero se\u00f1alar que lo anterior no representa de ninguna manera un juicio de su desempe\u00f1o, sino que busca dar garant\u00eda a todas las partes involucradas y por supuesto a la ciudad, que esta indagatoria se llevar\u00e1 a cabo con absoluta transparencia e imparcialidad\u201d, se\u00f1al\u00f3-<\/p>\n<p>\u201cHe dado instrucciones a la Contralor\u00eda General del Distrito Federal para que encabece el aseguramiento de todos los archivos f\u00edsicos, electr\u00f3nicos y digitales de la Direcci\u00f3n del Proyecto Metro a fin de seguir avanzando con el proyecto administrativo\u201d, manifest\u00f3.<\/p>\n<p>\u201cDe la misma manera y con el objetivo de garantizar una investigaci\u00f3n transparente fue removido de su cargo a Enrique Horcasitas Manjarrez, quien se desempe\u00f1aba como director general de dicho organismo. Lo anterior de ninguna manera representa un juicio acerca de su desempe\u00f1o sino que busca dar garant\u00eda a toda las partes involucradas y por supuesto a la ciudad, que esta indagatoria se llevar\u00e1 con transparencia e imparcialidad\u201d.<\/p>\n<p>En su mensaje Mancera dijo que estos primeros resultados de las investigaciones que realiza la Contralor\u00eda \u201cnos obliga a profundizar en las mismas para determinar responsabilidades ya sea de servidores p\u00fablicos o en su caso responsabilidades de las empresas proveedoras\u201d.<\/p>\n","protected":false},"excerpt":{"rendered":"<p>El jefe de gobierno del Distrito Federal, Miguel \u00c1ngel Mancera Espinosa, destituy\u00f3 a Enrique Horcasitas Manjarrez, como director del Proyecto Metro y design\u00f3 a Marco Antonio Ziriaco, quien se ven\u00eda desempe\u00f1ando en la Contralor\u00eda Interna del GDF, en su lugar.<\/p>\n","protected":false},"author":3,"featured_media":167431,"comment_status":"open","ping_status":"open","sticky":false,"template":"","format":"standard","meta":{"_monsterinsights_skip_tracking":false,"_monsterinsights_sitenote_active":false,"_monsterinsights_sitenote_note":"","_monsterinsights_sitenote_category":0,"footnotes":""},"categories":[17,6],"tags":[204,31338,5314],"class_list":["post-167365","post","type-post","status-publish","format-standard","has-post-thumbnail","hentry","category-especiales","category-cd-de-mexico","tag-ciudad-de-mexico","tag-enrique-horcasitas-manjarrez","tag-miguel-angel-mancera-espinosa"],"_links":{"self":[{"href":"https:\/\/www.diarioimagen.net\/index.php?rest_route=\/wp\/v2\/posts\/167365","targetHints":{"allow":["GET"]}}],"collection":[{"href":"https:\/\/www.diarioimagen.net\/index.php?rest_route=\/wp\/v2\/posts"}],"about":[{"href":"https:\/\/www.diarioimagen.net\/index.php?rest_route=\/wp\/v2\/types\/post"}],"author":[{"embeddable":true,"href":"https:\/\/www.diarioimagen.net\/index.php?rest_route=\/wp\/v2\/users\/3"}],"replies":[{"embeddable":true,"href":"https:\/\/www.diarioimagen.net\/index.php?rest_route=%2Fwp%2Fv2%2Fcomments&post=167365"}],"version-history":[{"count":0,"href":"https:\/\/www.diarioimagen.net\/index.php?rest_route=\/wp\/v2\/posts\/167365\/revisions"}],"wp:featuredmedia":[{"embeddable":true,"href":"https:\/\/www.diarioimagen.net\/index.php?rest_route=\/wp\/v2\/media\/167431"}],"wp:attachment":[{"href":"https:\/\/www.diarioimagen.net\/index.php?rest_route=%2Fwp%2Fv2%2Fmedia&parent=167365"}],"wp:term":[{"taxonomy":"category","embeddable":true,"href":"https:\/\/www.diarioimagen.net\/index.php?rest_route=%2Fwp%2Fv2%2Fcategories&post=167365"},{"taxonomy":"post_tag","embeddable":true,"href":"https:\/\/www.diarioimagen.net\/index.php?rest_route=%2Fwp%2Fv2%2Ftags&post=167365"}],"curies":[{"name":"wp","href":"https:\/\/api.w.org\/{rel}","templated":true}]}}