{"id":167372,"date":"2014-03-20T00:03:07","date_gmt":"2014-03-20T06:03:07","guid":{"rendered":"http:\/\/www.diarioimagen.net\/?p=167372"},"modified":"2014-03-25T01:16:27","modified_gmt":"2014-03-25T07:16:27","slug":"ayer-populismo-hoy-progreso","status":"publish","type":"post","link":"https:\/\/www.diarioimagen.net\/?p=167372","title":{"rendered":"Ayer populismo, hoy progreso"},"content":{"rendered":"<h2>Detr\u00e1s del Poder<\/h2>\n<h5>Jos\u00e9 Antonio L\u00f3pez Sosa<\/h5>\n<p><span><br \/>\n<strong>Ciudad Valles, San Luis Potos\u00ed<\/strong>.- Resulta curioso como se dan los fen\u00f3menos pol\u00edticos en nuestro pa\u00eds. Hace algunos a\u00f1os en la ciudad de M\u00e9xico bajo la administraci\u00f3n de Andr\u00e9s Manuel L\u00f3pez Obrador comenz\u00f3 a funcionar el programa social de pensi\u00f3n universal y seguro de desempleo; ante ello, tanto el Partido Acci\u00f3n Nacional (PAN) como el Partido Revolucionario Institucional (PRI) tacharon de medida populista dichos programas.<\/span><\/p>\n<p>Hace un par de d\u00edas la C\u00e1mara de Diputados legisl\u00f3 ambas medidas para aplicarse en todo el pa\u00eds, en una iniciativa impulsada por el PRI.<\/p>\n<p>C\u00f3mo cambian las cosas, lo que ayer fue populismo hoy es progreso, lo que ayer fue criticado severamente hoy es aplaudido, lo que fue considerado como una medida electorera, hoy es votada como una medida de progreso social.<\/p>\n<p>Hay una diferencia entre ambos programas, el que se implement\u00f3 en la ciudad de M\u00e9xico era con cargo al erario, el actual es con cargo a la cuenta de ahorro de los trabajadores; sin embargo, se trata de la adopci\u00f3n de un programa que fue altamente criticado.<\/p>\n<p>\u00bfQu\u00e9 pas\u00f3 en estos a\u00f1os que el PRI se dio cuenta que aquello que tach\u00f3 de populista es funcional?, \u00bfqu\u00e9 dir\u00e1n esos cr\u00edticos ac\u00e9rrimos que al servicio del PRI tachaban de populista e irracional cada uno de estos programas sociales cuando funcionaron en el gobierno del Distrito Federal?<\/p>\n<p>As\u00ed de seria es la pol\u00edtica en nuestro pa\u00eds.<\/p>\n<p align=\"center\"><b>LAS AEROL\u00cdNEAS EN VENEZUELA<\/b><\/p>\n<p>\u00a0A pesar de las amenazas del presidente Nicol\u00e1s Maduro con relaci\u00f3n a las aerol\u00edneas que dejen de operar en Venezuela, la falta de pago a las mismas ha orillado a que cada vez sea m\u00e1s complicado tomar un vuelo internacional en Venezuela.<\/p>\n<p>El meollo del asunto es que el gobierno venezolano no ha cambiado los millones de bol\u00edvares que han cobrado all\u00e1 las aerol\u00edneas a d\u00f3lares estadounidenses, cosa que afecta las finanzas de las l\u00edneas a\u00e9reas.<\/p>\n<p>Air Canad\u00e1 decidi\u00f3 suspender su ruta Toronto-Caracas. Aerom\u00e9xico ha reducido silenciosamente sus operaciones, vuela a Caracas algunas veces por semana y otras lo hace v\u00eda Panam\u00e1, pero es literalmente imposible comprar un boleto en Venezuela (en bol\u00edvares) o en d\u00f3lares a trav\u00e9s de su portal de internet. Avianca, Copa, Lan y otras l\u00edneas latinoamericanas no venden m\u00e1s boletos en bol\u00edvares en Venezuela, lo mismo que Iberia, Lufthansa, KLM, TAP y Alitalia.<\/p>\n<p>Mientras el gobierno de Caracas no cumpla con sus compromisos econ\u00f3micos, las aerol\u00edneas seguir\u00e1n saliendo de Venezuela, no por cuesti\u00f3n pol\u00edtica, por mera cuesti\u00f3n econ\u00f3mica.<\/p>\n<p><em><a href=\"mailto:lopez.sosa@mexico.com\" target=\"_blank\">lopez.sosa@mexico.com<\/a><\/em><br \/>\n<em><a href=\"http:\/\/twitter.com\/#%21\/joseantonio1977\" target=\"_blank\">@joseantonio1977<br \/>\n<\/a><a href=\"http:\/\/www.formulaconfidencial.com.mx\/\" target=\"_blank\">www.formulaconfidencial.com.mx<\/a><\/em><\/p>\n","protected":false},"excerpt":{"rendered":"<p><span style=\"color: #005497;\"><strong>Jos\u00e9 Antonio L\u00f3pez Sosa<\/strong><\/span><\/p>\n","protected":false},"author":3,"featured_media":0,"comment_status":"open","ping_status":"open","sticky":false,"template":"","format":"standard","meta":{"_monsterinsights_skip_tracking":false,"_monsterinsights_sitenote_active":false,"_monsterinsights_sitenote_note":"","_monsterinsights_sitenote_category":0,"footnotes":""},"categories":[637],"tags":[18038,638,43690,43674,983,48],"class_list":["post-167372","post","type-post","status-publish","format-standard","hentry","category-jose-antonio-lopez-sosa","tag-ciudad-valles","tag-detras-del-poder","tag-jose-antonio-lopez-sosa","tag-opinion","tag-partido-revolucionario-institucional","tag-san-luis-potosi"],"_links":{"self":[{"href":"https:\/\/www.diarioimagen.net\/index.php?rest_route=\/wp\/v2\/posts\/167372","targetHints":{"allow":["GET"]}}],"collection":[{"href":"https:\/\/www.diarioimagen.net\/index.php?rest_route=\/wp\/v2\/posts"}],"about":[{"href":"https:\/\/www.diarioimagen.net\/index.php?rest_route=\/wp\/v2\/types\/post"}],"author":[{"embeddable":true,"href":"https:\/\/www.diarioimagen.net\/index.php?rest_route=\/wp\/v2\/users\/3"}],"replies":[{"embeddable":true,"href":"https:\/\/www.diarioimagen.net\/index.php?rest_route=%2Fwp%2Fv2%2Fcomments&post=167372"}],"version-history":[{"count":0,"href":"https:\/\/www.diarioimagen.net\/index.php?rest_route=\/wp\/v2\/posts\/167372\/revisions"}],"wp:attachment":[{"href":"https:\/\/www.diarioimagen.net\/index.php?rest_route=%2Fwp%2Fv2%2Fmedia&parent=167372"}],"wp:term":[{"taxonomy":"category","embeddable":true,"href":"https:\/\/www.diarioimagen.net\/index.php?rest_route=%2Fwp%2Fv2%2Fcategories&post=167372"},{"taxonomy":"post_tag","embeddable":true,"href":"https:\/\/www.diarioimagen.net\/index.php?rest_route=%2Fwp%2Fv2%2Ftags&post=167372"}],"curies":[{"name":"wp","href":"https:\/\/api.w.org\/{rel}","templated":true}]}}