{"id":167387,"date":"2014-03-20T00:05:56","date_gmt":"2014-03-20T06:05:56","guid":{"rendered":"http:\/\/www.diarioimagen.net\/?p=167387"},"modified":"2014-03-21T04:33:12","modified_gmt":"2014-03-21T10:33:12","slug":"pena-nieto-ordena-acelerar-ejecucion-del-presupuesto","status":"publish","type":"post","link":"https:\/\/www.diarioimagen.net\/?p=167387","title":{"rendered":"Pe\u00f1a Nieto ordena acelerar ejecuci\u00f3n del presupuesto"},"content":{"rendered":"<ul>\n<li><strong><em>Al inaugurar la autopista Amecameca-Cuautla se\u00f1al\u00f3 que los mexicanos esperan eficiencia del gobierno y la materializaci\u00f3n de las reformas<\/em><\/strong><\/li>\n<\/ul>\n<h6>Jos\u00e9 Luis Monta\u00f1ez<\/h6>\n<p>&nbsp;<\/p>\n<div id=\"attachment_167427\" style=\"width: 250px\" class=\"wp-caption alignleft\"><a href=\"http:\/\/www.diarioimagen.net\/wp-content\/uploads\/2014\/03\/epn-2317.jpg\"><img loading=\"lazy\" decoding=\"async\" aria-describedby=\"caption-attachment-167427\" class=\"size-medium wp-image-167427\" alt=\"El presidente Enrique Pe\u00f1a Nieto inaugur\u00f3 ayer la v\u00eda Amecameca-Cuautla, donde anunci\u00f3 la construcci\u00f3n de dos vialidades que conectar\u00e1n con la Autopista del Sol.\" src=\"http:\/\/www.diarioimagen.net\/wp-content\/uploads\/2014\/03\/epn-2317-240x135.jpg\" width=\"240\" height=\"135\" srcset=\"https:\/\/www.diarioimagen.net\/wp-content\/uploads\/2014\/03\/epn-2317-240x135.jpg 240w, https:\/\/www.diarioimagen.net\/wp-content\/uploads\/2014\/03\/epn-2317-420x236.jpg 420w, https:\/\/www.diarioimagen.net\/wp-content\/uploads\/2014\/03\/epn-2317-235x132.jpg 235w, https:\/\/www.diarioimagen.net\/wp-content\/uploads\/2014\/03\/epn-2317-202x114.jpg 202w, https:\/\/www.diarioimagen.net\/wp-content\/uploads\/2014\/03\/epn-2317-350x196.jpg 350w, https:\/\/www.diarioimagen.net\/wp-content\/uploads\/2014\/03\/epn-2317-220x123.jpg 220w, https:\/\/www.diarioimagen.net\/wp-content\/uploads\/2014\/03\/epn-2317-237x132.jpg 237w, https:\/\/www.diarioimagen.net\/wp-content\/uploads\/2014\/03\/epn-2317.jpg 480w\" sizes=\"auto, (max-width: 240px) 100vw, 240px\" \/><\/a><p id=\"caption-attachment-167427\" class=\"wp-caption-text\">El presidente Enrique Pe\u00f1a Nieto inaugur\u00f3 ayer la v\u00eda Amecameca-Cuautla, donde anunci\u00f3 la construcci\u00f3n de dos vialidades que conectar\u00e1n con la Autopista del Sol.<\/p><\/div>\n<p><strong>Cuautla, Morelos<\/strong>.- El presidente Enrique Pe\u00f1a Nieto anunci\u00f3 la construcci\u00f3n de dos nuevas v\u00edas de comunicaci\u00f3n que beneficiar\u00e1n a quienes viven o transitan por el centro del pa\u00eds: un libramiento en la Autopista del Sol para cruzar Cuernavaca y una v\u00eda r\u00e1pida que conectar\u00e1 la salida del Perif\u00e9rico, en la ciudad de M\u00e9xico, con la Autopista del Sol.<\/p>\n<p>Al inaugurar la autopista Amecameca-Cuautla, a la que calific\u00f3 como puente de comunicaci\u00f3n de dos grandes estados del pa\u00eds, orden\u00f3 a todas las dependencias del gobierno federal acelerar la inversi\u00f3n y ejecuci\u00f3n del Presupuesto 2014 que aprob\u00f3 el Congreso de la Uni\u00f3n, pues \u201clos mexicanos esperan eficiencia del gobierno y que las reformas aprobadas hasta ahora se materialicen\u201d.<\/p>\n<p>Hizo notar que s\u00f3lo la Secretar\u00eda de Comunicaciones y Transportes ha acelerado en los dos primeros meses del a\u00f1o varias licitaciones y ha ejercido 25% m\u00e1s en t\u00e9rminos reales que lo que llevaba ejercido a esta fecha el a\u00f1o pasado.<\/p>\n<p>De gira por esta entidad, el presidente Pe\u00f1a Nieto dijo que lo anterior acredita en inter\u00e9s y ritmo de trabajo que las dependencias del gobierno federal deben imprimir para ejecutar el gasto que le ha sido autorizado.<\/p>\n<p>\u201cY que las obras, estas obras, hoy hablamos de comunicaciones, pero obras en materia de salud, en materia educativa, de programas sociales, se lleven a cabo de manera puntual. Nuestra gente, los mexicanos, no pueden esperar por m\u00e1s tiempo, esperan eficiencia del gobierno\u201d, indic\u00f3.<\/p>\n<p>Subray\u00f3 que el gran reto que tiene su gobierno es asegurar que el nuevo marco legal, que las reformas concretadas se materialicen y, sobre todo -dijo-, se traduzcan en beneficios para todos los mexicanos.<\/p>\n<p>\u201cQue las obras como las que hoy estamos inaugurando y las que estamos anunciando y las que tenemos proyectadas se lleven a cabo lo m\u00e1s pronto y r\u00e1pido posible, toma su tiempo lo sabemos pero lo importante es que demos banderazos, que estemos iniciando\u00a0 y que as\u00ed como estamos aqu\u00ed inaugurando, podamos estar muy pronto inaugurando otras obras\u201d, asent\u00f3.<\/p>\n<p>Acompa\u00f1ado por los gobernadores de Morelos y el Estado de M\u00e9xico, el presidente Pe\u00f1a Nieto dijo que con esta nueva carretera se acredita que son gobiernos de distinto orden pero con una visi\u00f3n compartida y que suman esfuerzos.<\/p>\n<p>El presidente Enrique Pe\u00f1a Nieto anunci\u00f3 los proyectos para construir un libramiento en la Autopista del Sol, a la altura de Cuernavaca, y una v\u00eda r\u00e1pida en el sur del Distrito Federal que conecte desde Perif\u00e9rico sur con esa misma autopista para beneficiar a los habitantes que viven o transitan por el centro del pa\u00eds.<\/p>\n<p>En el acto los gobernadores Graco Ram\u00edrez de Morelos, y Eruviel \u00c1vila, del Estado de M\u00e9xico, se comprometieron a trabajar juntos por el bien de la regi\u00f3n, ya que esta obra permitir\u00e1 acrecentar el flujo de pobladores y garantizar polos de inversi\u00f3n y desarrollo para generar m\u00e1s empleo.<\/p>\n<p>A su vez, Gerardo Ruiz Esparza, titular de la Secretar\u00eda de Comunicaciones y Transportes, destac\u00f3 que se est\u00e1 mejorando la conectividad de la regi\u00f3n para beneficiar a productores de ca\u00f1a de az\u00facar, de c\u00edtricos, que se llevan a la ciudad de M\u00e9xico y otros estados para que vayan m\u00e1s r\u00e1pidamente. \u201cEso se llama creaci\u00f3nade empleos y m\u00e1s producci\u00f3n\u201d, afirm\u00f3.<\/p>\n<p align=\"center\"><b>Inaugura desarrollo de jardines<\/b><\/p>\n<p>Al inicio de su gira por el estado de Morelos, el presidente Enrique Pe\u00f1a Nieto, inaugur\u00f3 \u201cJardines de M\u00e9xico\u201d, el desarrollo de jardines florales contemplativos m\u00e1s grande del mundo, con una extensi\u00f3n de 51 hect\u00e1reas.<\/p>\n<p>\u201cJardines de M\u00e9xico\u201d est\u00e1 conformado por 8 jardines tem\u00e1ticos: estilo Italiano, estilo Japon\u00e9s, Jard\u00edn de Cact\u00e1ceas, Laberinto de los Sentidos, Jard\u00edn 4 Primaveras, Jard\u00edn Tropical, Abanico de Flores y un Jard\u00edn Infantil \u201cConSentidos\u201d.<\/p>\n<p>El desarrollo tuvo una inversi\u00f3n privada de 600 millones de pesos y una investigaci\u00f3n previa de dos a\u00f1os para su concepci\u00f3n. Crear\u00e1 600 empleos. Ah\u00ed se aplican pr\u00e1cticas sustentables que generar\u00e1n colaboraci\u00f3n entre productores ornamentales y el p\u00fablico asistente; se espera una afluencia de 500 mil personas al a\u00f1o.<\/p>\n<p>El Presidente devel\u00f3 la placa inaugural y posteriormente realiz\u00f3 un recorrido por los jardines tem\u00e1ticos,\u00a0 en el cual observ\u00f3 la pieza llamada \u201cEl Gran Saguaro\u201d, cact\u00e1cea de 12 metros de altura y 350 a\u00f1os de antig\u00fcedad, originaria de Caborca, Sonora.<\/p>\n<p>Estuvo acompa\u00f1ado por los secretarios de Medio Ambiente y Recursos Naturales, Juan Jos\u00e9 Guerra Abud, y de Comunicaciones y Transportes, Gerardo Ruiz Esparza, as\u00ed como por el gobernador del estado de Morelos, Graco Ram\u00edrez Garrido Abreu.<\/p>\n<p>&nbsp;<\/p>\n","protected":false},"excerpt":{"rendered":"<p>El presidente Enrique Pe\u00f1a Nieto anunci\u00f3 la construcci\u00f3n de dos nuevas v\u00edas de comunicaci\u00f3n que beneficiar\u00e1n a quienes viven o transitan por el centro del pa\u00eds: un libramiento en la Autopista del Sol para cruzar Cuernavaca y una v\u00eda r\u00e1pida que conectar\u00e1 la salida del Perif\u00e9rico, en la ciudad de M\u00e9xico, con la Autopista del Sol.<\/p>\n","protected":false},"author":3,"featured_media":167427,"comment_status":"open","ping_status":"open","sticky":false,"template":"","format":"standard","meta":{"_monsterinsights_skip_tracking":false,"_monsterinsights_sitenote_active":false,"_monsterinsights_sitenote_note":"","_monsterinsights_sitenote_category":0,"footnotes":""},"categories":[17,3],"tags":[11567,1555,836,43673],"class_list":["post-167387","post","type-post","status-publish","format-standard","has-post-thumbnail","hentry","category-especiales","category-nacional","tag-autopista-del-sol","tag-cuautla","tag-morelos","tag-nacional"],"_links":{"self":[{"href":"https:\/\/www.diarioimagen.net\/index.php?rest_route=\/wp\/v2\/posts\/167387","targetHints":{"allow":["GET"]}}],"collection":[{"href":"https:\/\/www.diarioimagen.net\/index.php?rest_route=\/wp\/v2\/posts"}],"about":[{"href":"https:\/\/www.diarioimagen.net\/index.php?rest_route=\/wp\/v2\/types\/post"}],"author":[{"embeddable":true,"href":"https:\/\/www.diarioimagen.net\/index.php?rest_route=\/wp\/v2\/users\/3"}],"replies":[{"embeddable":true,"href":"https:\/\/www.diarioimagen.net\/index.php?rest_route=%2Fwp%2Fv2%2Fcomments&post=167387"}],"version-history":[{"count":0,"href":"https:\/\/www.diarioimagen.net\/index.php?rest_route=\/wp\/v2\/posts\/167387\/revisions"}],"wp:featuredmedia":[{"embeddable":true,"href":"https:\/\/www.diarioimagen.net\/index.php?rest_route=\/wp\/v2\/media\/167427"}],"wp:attachment":[{"href":"https:\/\/www.diarioimagen.net\/index.php?rest_route=%2Fwp%2Fv2%2Fmedia&parent=167387"}],"wp:term":[{"taxonomy":"category","embeddable":true,"href":"https:\/\/www.diarioimagen.net\/index.php?rest_route=%2Fwp%2Fv2%2Fcategories&post=167387"},{"taxonomy":"post_tag","embeddable":true,"href":"https:\/\/www.diarioimagen.net\/index.php?rest_route=%2Fwp%2Fv2%2Ftags&post=167387"}],"curies":[{"name":"wp","href":"https:\/\/api.w.org\/{rel}","templated":true}]}}