{"id":167412,"date":"2014-03-20T00:08:42","date_gmt":"2014-03-20T06:08:42","guid":{"rendered":"http:\/\/www.diarioimagen.net\/?p=167412"},"modified":"2014-03-20T03:44:28","modified_gmt":"2014-03-20T09:44:28","slug":"concluyo-el-carnaval-2014-de-huixquilucan","status":"publish","type":"post","link":"https:\/\/www.diarioimagen.net\/?p=167412","title":{"rendered":"Concluy\u00f3 el carnaval 2014 de Huixquilucan"},"content":{"rendered":"<ul>\n<li><strong><em>Usos y costumbres municipales<\/em><\/strong><\/li>\n<\/ul>\n<p><strong><a href=\"http:\/\/www.diarioimagen.net\/wp-content\/uploads\/2014\/03\/HUIXQUILUCAN-2317.jpg\"><img loading=\"lazy\" decoding=\"async\" class=\"alignleft size-medium wp-image-167442\" style=\"margin-right: 9px; margin-bottom: 9px;\" alt=\"HUIXQUILUCAN-2317\" src=\"http:\/\/www.diarioimagen.net\/wp-content\/uploads\/2014\/03\/HUIXQUILUCAN-2317-240x160.jpg\" width=\"240\" height=\"160\" srcset=\"https:\/\/www.diarioimagen.net\/wp-content\/uploads\/2014\/03\/HUIXQUILUCAN-2317-240x160.jpg 240w, https:\/\/www.diarioimagen.net\/wp-content\/uploads\/2014\/03\/HUIXQUILUCAN-2317-420x280.jpg 420w, https:\/\/www.diarioimagen.net\/wp-content\/uploads\/2014\/03\/HUIXQUILUCAN-2317.jpg 700w\" sizes=\"auto, (max-width: 240px) 100vw, 240px\" \/><\/a>Huixquilucan, Estado de M\u00e9xico<\/strong>.- Con alegr\u00eda y sana diversi\u00f3n se realiz\u00f3 el tradicional \u201cCarnaval de Huixquilucan 2014\u201d, celebraci\u00f3n en la que destac\u00f3 el ingenio de todas las comparsas participantes, que con sus atuendos, armazones y bailes hicieron disfrutar a los huixquiluquenses. Con este evento el gobierno municipal fortalece los usos y las costumbres, base importante para promover la convivencia social y construir comunidad.<\/p>\n<p>El festejo inici\u00f3 frente al palacio municipal con la coronaci\u00f3n de Jennifer Ram\u00edrez, Reina del Carnaval y sus princesas, para posteriormente apreciar el n\u00famero que presentaron j\u00f3venes disfrazados como el \u201cConsejo Mundial de Box de Huixquilucan\u201d quienes dieron muestra de su habilidad para regocijo de los asistentes.<\/p>\n<p>Es importante destacar que la edici\u00f3n 2014 del Carnaval de Huixquilucan, cont\u00f3 con la participaci\u00f3n de ni\u00f1as, ni\u00f1os, j\u00f3venes y adultos que presentaron disfraces como \u201cEl Safari de Huixquilucan\u201d.<\/p>\n","protected":false},"excerpt":{"rendered":"<p>Con alegr\u00eda y sana diversi\u00f3n se realiz\u00f3 el tradicional \u201cCarnaval de Huixquilucan 2014\u201d, celebraci\u00f3n en la que destac\u00f3<\/p>\n","protected":false},"author":3,"featured_media":167442,"comment_status":"open","ping_status":"open","sticky":false,"template":"","format":"standard","meta":{"_monsterinsights_skip_tracking":false,"_monsterinsights_sitenote_active":false,"_monsterinsights_sitenote_note":"","_monsterinsights_sitenote_category":0,"footnotes":""},"categories":[5],"tags":[43675,1097],"class_list":["post-167412","post","type-post","status-publish","format-standard","has-post-thumbnail","hentry","category-estado-de-mexico","tag-estado-de-mexico","tag-huixquilucan"],"_links":{"self":[{"href":"https:\/\/www.diarioimagen.net\/index.php?rest_route=\/wp\/v2\/posts\/167412","targetHints":{"allow":["GET"]}}],"collection":[{"href":"https:\/\/www.diarioimagen.net\/index.php?rest_route=\/wp\/v2\/posts"}],"about":[{"href":"https:\/\/www.diarioimagen.net\/index.php?rest_route=\/wp\/v2\/types\/post"}],"author":[{"embeddable":true,"href":"https:\/\/www.diarioimagen.net\/index.php?rest_route=\/wp\/v2\/users\/3"}],"replies":[{"embeddable":true,"href":"https:\/\/www.diarioimagen.net\/index.php?rest_route=%2Fwp%2Fv2%2Fcomments&post=167412"}],"version-history":[{"count":0,"href":"https:\/\/www.diarioimagen.net\/index.php?rest_route=\/wp\/v2\/posts\/167412\/revisions"}],"wp:featuredmedia":[{"embeddable":true,"href":"https:\/\/www.diarioimagen.net\/index.php?rest_route=\/wp\/v2\/media\/167442"}],"wp:attachment":[{"href":"https:\/\/www.diarioimagen.net\/index.php?rest_route=%2Fwp%2Fv2%2Fmedia&parent=167412"}],"wp:term":[{"taxonomy":"category","embeddable":true,"href":"https:\/\/www.diarioimagen.net\/index.php?rest_route=%2Fwp%2Fv2%2Fcategories&post=167412"},{"taxonomy":"post_tag","embeddable":true,"href":"https:\/\/www.diarioimagen.net\/index.php?rest_route=%2Fwp%2Fv2%2Ftags&post=167412"}],"curies":[{"name":"wp","href":"https:\/\/api.w.org\/{rel}","templated":true}]}}