{"id":167463,"date":"2014-03-20T00:09:25","date_gmt":"2014-03-20T06:09:25","guid":{"rendered":"http:\/\/www.diarioimagen.net\/?p=167463"},"modified":"2014-03-20T04:05:08","modified_gmt":"2014-03-20T10:05:08","slug":"la-superacion-personal-debe-ser-tarea-de-todos-los-dias-maria-de-los-angeles-rojano","status":"publish","type":"post","link":"https:\/\/www.diarioimagen.net\/?p=167463","title":{"rendered":"La superaci\u00f3n personal debe ser tarea de todos los d\u00edas: Mar\u00eda de los \u00c1ngeles Rojano"},"content":{"rendered":"<ul>\n<li><strong><em>La jueza S\u00e9ptimo Civil de Primera Instancia del TSJDF particip\u00f3 en la jornada de conferencias de la Barra de Profesionistas en Derecho y Peritos en Ciencias Forenses A.C.<\/em><\/strong><\/li>\n<\/ul>\n<h6>Arturo Arellano<\/h6>\n<div id=\"attachment_167466\" style=\"width: 250px\" class=\"wp-caption alignleft\"><a href=\"http:\/\/www.diarioimagen.net\/wp-content\/uploads\/2014\/03\/conferencia-2317.jpg\"><img loading=\"lazy\" decoding=\"async\" aria-describedby=\"caption-attachment-167466\" class=\"size-medium wp-image-167466\" alt=\"La cita fue en el Auditorio 6 del Centro Hospitalario Siglo XXI, a donde llegaron cerca de 200 abogados, jueces y dem\u00e1s interesados en la materia para aprender y empezar definiciones que deben estar en el conocimiento del personal que imparte la justicia de nuestro pa\u00eds. En la gr\u00e1fica, vemos a la abogada Mar\u00eda de los \u00c1ngeles Rojano impartiendo su conferencia.\" src=\"http:\/\/www.diarioimagen.net\/wp-content\/uploads\/2014\/03\/conferencia-2317-240x221.jpg\" width=\"240\" height=\"221\" srcset=\"https:\/\/www.diarioimagen.net\/wp-content\/uploads\/2014\/03\/conferencia-2317-240x221.jpg 240w, https:\/\/www.diarioimagen.net\/wp-content\/uploads\/2014\/03\/conferencia-2317-420x388.jpg 420w, https:\/\/www.diarioimagen.net\/wp-content\/uploads\/2014\/03\/conferencia-2317.jpg 500w\" sizes=\"auto, (max-width: 240px) 100vw, 240px\" \/><\/a><p id=\"caption-attachment-167466\" class=\"wp-caption-text\">La cita fue en el Auditorio 6 del Centro Hospitalario Siglo XXI, a donde llegaron cerca de 200 abogados, jueces y dem\u00e1s interesados en la materia para aprender y empezar definiciones que deben estar en el conocimiento del personal que imparte la justicia de nuestro pa\u00eds. En la gr\u00e1fica, vemos a la abogada Mar\u00eda de los \u00c1ngeles Rojano impartiendo su conferencia.<\/p><\/div>\n<p>En el marco del aniversario de la Barra de Profesionistas en Derecho y Peritos en Ciencias Forenses A.C., se llev\u00f3 a cabo la jornada de conferencias \u201cLa superaci\u00f3n personal debe ser tarea de todos los d\u00edas\u201d, en la que particip\u00f3 la jueza S\u00e9ptimo Civil de Primera Instancia del Tribunal Superior de Justicia del Distrito Federal, Mar\u00eda de los \u00c1ngeles Rojano Zavalza, impartiendo una pl\u00e1tica magistral.<\/p>\n<p>La cita fue en el Auditorio 6 del Centro Hospitalario Siglo XXI, a donde llegaron cerca de 200 abogados, jueces y dem\u00e1s interesados en la materia para aprender para empezar definiciones que deben estar en el conocimiento del personal que imparte la justicia de nuestro pa\u00eds, tales como \u201cSistema\u201d, el cual defini\u00f3 como \u201cun conjunto de reglas o principios relacionados con determinada materia radicalmente enlazados para lograr un objetivo bien identificado\u201d, se\u00f1alando \u00e9ste como el principio para tomar cualquier decisi\u00f3n judicial.<\/p>\n<p>Posteriormente, explic\u00f3 las caracter\u00edsticas en las que se debe trabajar para desempe\u00f1ar un buen trabajo en esta materia, tomando en cuenta tres fundamentos: el mensaje, el canal y el orador, \u201cel auditorio debe ser claro, aceptando diferentes puntos de vista. En cuanto a la oratoria se debe tomar en cuenta tres aspectos, el primero de ellos: estar a disposici\u00f3n de decir lo que se cree, tener ganas de aprender y ser perseverante. El siguiente punto es primordial, se debe tener certeza y conocimiento de lo que se dice, porque \u00e9ste dar\u00e1 pie el ultimo punto que es la confianza,\u201d.<\/p>\n<p>Entre otros preceptos de gran nutrici\u00f3n tanto acad\u00e9mica como personal, declar\u00f3 \u201cen cualquier trabajo, ocupaci\u00f3n en que te desempe\u00f1es profesionalmente, se debe tomar en cuenta lo siguiente: se debe criticar puntos de vista y no personas porque es una regla primordial que mantendr\u00e1 el respeto entre quienes conviven\u201d.<\/p>\n<p>Despu\u00e9s recibi\u00f3 un reconocimiento agradeciendo su participaci\u00f3n en la jornada de conferencias, dando paso entonces al Himno Nacional con el que se concluy\u00f3 la ceremonia protocolaria, antes de entregar algunas medallas entre los ponentes.<\/p>\n<p>Es as\u00ed como la preparaci\u00f3n de los profesionistas que ejercen justicia en nuestro pa\u00eds es constante, transmiti\u00e9ndose conocimiento unos a otros por medio de conferencias magistrales, buscando no estancar el crecimiento acad\u00e9mico de nuestra sociedad.<\/p>\n<p>&nbsp;<\/p>\n","protected":false},"excerpt":{"rendered":"<p>En el marco del aniversario de la Barra de Profesionistas en Derecho y Peritos en Ciencias Forenses A.C., se llev\u00f3 a cabo la jornada de conferencias \u201cLa superaci\u00f3n personal debe ser tarea de todos los d\u00edas\u201d, en la que particip\u00f3 la jueza S\u00e9ptimo Civil de Primera Instancia del Tribunal Superior de Justicia del Distrito Federal, Mar\u00eda de los \u00c1ngeles Rojano Zavalza, impartiendo una pl\u00e1tica magistral.<\/p>\n","protected":false},"author":3,"featured_media":167466,"comment_status":"open","ping_status":"open","sticky":false,"template":"","format":"standard","meta":{"_monsterinsights_skip_tracking":false,"_monsterinsights_sitenote_active":false,"_monsterinsights_sitenote_note":"","_monsterinsights_sitenote_category":0,"footnotes":""},"categories":[6],"tags":[204,39,862],"class_list":["post-167463","post","type-post","status-publish","format-standard","has-post-thumbnail","hentry","category-cd-de-mexico","tag-ciudad-de-mexico","tag-distrito-federal","tag-tsjdf"],"_links":{"self":[{"href":"https:\/\/www.diarioimagen.net\/index.php?rest_route=\/wp\/v2\/posts\/167463","targetHints":{"allow":["GET"]}}],"collection":[{"href":"https:\/\/www.diarioimagen.net\/index.php?rest_route=\/wp\/v2\/posts"}],"about":[{"href":"https:\/\/www.diarioimagen.net\/index.php?rest_route=\/wp\/v2\/types\/post"}],"author":[{"embeddable":true,"href":"https:\/\/www.diarioimagen.net\/index.php?rest_route=\/wp\/v2\/users\/3"}],"replies":[{"embeddable":true,"href":"https:\/\/www.diarioimagen.net\/index.php?rest_route=%2Fwp%2Fv2%2Fcomments&post=167463"}],"version-history":[{"count":0,"href":"https:\/\/www.diarioimagen.net\/index.php?rest_route=\/wp\/v2\/posts\/167463\/revisions"}],"wp:featuredmedia":[{"embeddable":true,"href":"https:\/\/www.diarioimagen.net\/index.php?rest_route=\/wp\/v2\/media\/167466"}],"wp:attachment":[{"href":"https:\/\/www.diarioimagen.net\/index.php?rest_route=%2Fwp%2Fv2%2Fmedia&parent=167463"}],"wp:term":[{"taxonomy":"category","embeddable":true,"href":"https:\/\/www.diarioimagen.net\/index.php?rest_route=%2Fwp%2Fv2%2Fcategories&post=167463"},{"taxonomy":"post_tag","embeddable":true,"href":"https:\/\/www.diarioimagen.net\/index.php?rest_route=%2Fwp%2Fv2%2Ftags&post=167463"}],"curies":[{"name":"wp","href":"https:\/\/api.w.org\/{rel}","templated":true}]}}