{"id":167483,"date":"2014-03-21T00:08:41","date_gmt":"2014-03-21T06:08:41","guid":{"rendered":"http:\/\/www.diarioimagen.net\/?p=167483"},"modified":"2014-03-21T03:40:06","modified_gmt":"2014-03-21T09:40:06","slug":"subcomision-de-asf-acopiara-datos-de-caso-oceanografia","status":"publish","type":"post","link":"https:\/\/www.diarioimagen.net\/?p=167483","title":{"rendered":"Subcomisi\u00f3n de ASF acopiar\u00e1 datos de caso Oceanograf\u00eda"},"content":{"rendered":"<ul>\n<li><em><strong>Sus integrantes podr\u00e1n interponer denuncias y hacer p\u00fablica la informaci\u00f3n recabada<\/strong><\/em><\/li>\n<\/ul>\n<div id=\"attachment_167484\" style=\"width: 250px\" class=\"wp-caption alignleft\"><img loading=\"lazy\" decoding=\"async\" aria-describedby=\"caption-attachment-167484\" class=\"size-medium wp-image-167484 \" alt=\"Cada uno de los diputados integrantes del grupo de trabajo estar\u00e1 adem\u00e1s en posibilidad de interponer alguna denuncia penal con base en la informaci\u00f3n acopiada, como cualquier ciudadano.\" src=\"http:\/\/www.diarioimagen.net\/wp-content\/uploads\/2014\/03\/oceonografia-portal-240x135.jpg\" width=\"240\" height=\"135\" srcset=\"https:\/\/www.diarioimagen.net\/wp-content\/uploads\/2014\/03\/oceonografia-portal-240x135.jpg 240w, https:\/\/www.diarioimagen.net\/wp-content\/uploads\/2014\/03\/oceonografia-portal-420x236.jpg 420w, https:\/\/www.diarioimagen.net\/wp-content\/uploads\/2014\/03\/oceonografia-portal-235x132.jpg 235w, https:\/\/www.diarioimagen.net\/wp-content\/uploads\/2014\/03\/oceonografia-portal-202x114.jpg 202w, https:\/\/www.diarioimagen.net\/wp-content\/uploads\/2014\/03\/oceonografia-portal-350x196.jpg 350w, https:\/\/www.diarioimagen.net\/wp-content\/uploads\/2014\/03\/oceonografia-portal-220x123.jpg 220w, https:\/\/www.diarioimagen.net\/wp-content\/uploads\/2014\/03\/oceonografia-portal-237x132.jpg 237w, https:\/\/www.diarioimagen.net\/wp-content\/uploads\/2014\/03\/oceonografia-portal.jpg 480w\" sizes=\"auto, (max-width: 240px) 100vw, 240px\" \/><p id=\"caption-attachment-167484\" class=\"wp-caption-text\">La Comisi\u00f3n de Vigilancia de la Auditor\u00eda Superior de la Federaci\u00f3n de la C\u00e1mara de Diputados acord\u00f3 integrar una subcomisi\u00f3n para recabar datos.<\/p><\/div>\n<p>La Comisi\u00f3n de Vigilancia de la Auditor\u00eda Superior de la Federaci\u00f3n de la C\u00e1mara de Diputados acord\u00f3 integrar una subcomisi\u00f3n encargada de acopiar informaci\u00f3n y coadyuvar en las investigaciones sobre los fraudes de Oceanograf\u00eda como contratista de Pemex.<\/p>\n<p>El grupo de trabajo se conformar\u00e1 con diez legisladores y el pr\u00f3ximo lunes sostendr\u00e1 un encuentro con funcionarios de la Auditor\u00eda Superior de la Federaci\u00f3n (ASF) para revisar los expedientes de la fiscalizaci\u00f3n a los contratos de la paraestatal con la referida empresa desde 2005 hasta 2012.<\/p>\n<p>El presidente de la Comisi\u00f3n de Vigilancia, el perredista Jos\u00e9 Luis Mu\u00f1oz Soria, detall\u00f3 que esa instancia trabajar\u00e1 de manera independiente de la comisi\u00f3n especial o de investigaci\u00f3n que en su caso conforme el pleno de la C\u00e1mara de Diputados.<\/p>\n<p>Reconoci\u00f3 que la subcomisi\u00f3n no tendr\u00e1 facultades para llamar a comparecer funcionarios p\u00fablicos o particulares, pero s\u00ed para solicitar la informaci\u00f3n que requiera y, en su caso, hacerla p\u00fablica.<\/p>\n<p>Cada uno de los diputados integrantes del grupo de trabajo estar\u00e1 adem\u00e1s en posibilidad de interponer alguna denuncia penal con base en la informaci\u00f3n acopiada, como cualquier ciudadano.<\/p>\n<p>En tanto, El panista Diego Fern\u00e1ndez de Cevallos consider\u00f3 que el Partido Acci\u00f3n Nacional tiene el deber de corregir y rectificar para acreditar que ese partido merece el voto y la confianza de los mexicanos, al tiempo que afirm\u00f3 que la competencia interna en el blanquiazul debe demostrar su limpieza y vocaci\u00f3n democr\u00e1tica.<\/p>\n<p>El ex candidato presidencial neg\u00f3 que la corrupci\u00f3n en el caso de Oceanograf\u00eda impacte directamente a su partido y militantes del mismo.<\/p>\n","protected":false},"excerpt":{"rendered":"<p>La Comisi\u00f3n de Vigilancia de la Auditor\u00eda Superior de la Federaci\u00f3n de la C\u00e1mara de Diputados acord\u00f3 integrar una subcomisi\u00f3n encargada de acopiar informaci\u00f3n y coadyuvar en las investigaciones sobre los fraudes de Oceanograf\u00eda como contratista de Pemex.<\/p>\n","protected":false},"author":5,"featured_media":167484,"comment_status":"open","ping_status":"open","sticky":false,"template":"","format":"standard","meta":{"_monsterinsights_skip_tracking":false,"_monsterinsights_sitenote_active":false,"_monsterinsights_sitenote_note":"","_monsterinsights_sitenote_category":0,"footnotes":""},"categories":[3],"tags":[5433,43673,26076],"class_list":["post-167483","post","type-post","status-publish","format-standard","has-post-thumbnail","hentry","category-nacional","tag-auditoria-superior-de-la-federacion","tag-nacional","tag-oceanografia"],"_links":{"self":[{"href":"https:\/\/www.diarioimagen.net\/index.php?rest_route=\/wp\/v2\/posts\/167483","targetHints":{"allow":["GET"]}}],"collection":[{"href":"https:\/\/www.diarioimagen.net\/index.php?rest_route=\/wp\/v2\/posts"}],"about":[{"href":"https:\/\/www.diarioimagen.net\/index.php?rest_route=\/wp\/v2\/types\/post"}],"author":[{"embeddable":true,"href":"https:\/\/www.diarioimagen.net\/index.php?rest_route=\/wp\/v2\/users\/5"}],"replies":[{"embeddable":true,"href":"https:\/\/www.diarioimagen.net\/index.php?rest_route=%2Fwp%2Fv2%2Fcomments&post=167483"}],"version-history":[{"count":0,"href":"https:\/\/www.diarioimagen.net\/index.php?rest_route=\/wp\/v2\/posts\/167483\/revisions"}],"wp:featuredmedia":[{"embeddable":true,"href":"https:\/\/www.diarioimagen.net\/index.php?rest_route=\/wp\/v2\/media\/167484"}],"wp:attachment":[{"href":"https:\/\/www.diarioimagen.net\/index.php?rest_route=%2Fwp%2Fv2%2Fmedia&parent=167483"}],"wp:term":[{"taxonomy":"category","embeddable":true,"href":"https:\/\/www.diarioimagen.net\/index.php?rest_route=%2Fwp%2Fv2%2Fcategories&post=167483"},{"taxonomy":"post_tag","embeddable":true,"href":"https:\/\/www.diarioimagen.net\/index.php?rest_route=%2Fwp%2Fv2%2Ftags&post=167483"}],"curies":[{"name":"wp","href":"https:\/\/api.w.org\/{rel}","templated":true}]}}