{"id":167524,"date":"2014-03-21T00:06:17","date_gmt":"2014-03-21T06:06:17","guid":{"rendered":"http:\/\/www.diarioimagen.net\/?p=167524"},"modified":"2014-03-24T03:52:35","modified_gmt":"2014-03-24T09:52:35","slug":"federico-reyes-heroles-reconoce-avance-economico-del-edomex","status":"publish","type":"post","link":"https:\/\/www.diarioimagen.net\/?p=167524","title":{"rendered":"Federico Reyes Heroles reconoce avance econ\u00f3mico del Edomex"},"content":{"rendered":"<ul>\n<li><strong><em>El gobernador mexiquense se\u00f1ala que el gobierno estatal respalda la nueva pol\u00edtica federal que propone construir hogares y no s\u00f3lo casas <\/em><\/strong><\/li>\n<\/ul>\n<div id=\"attachment_167595\" style=\"width: 250px\" class=\"wp-caption alignleft\"><a href=\"http:\/\/www.diarioimagen.net\/wp-content\/uploads\/2014\/03\/eruviel-2318.jpg\"><img loading=\"lazy\" decoding=\"async\" aria-describedby=\"caption-attachment-167595\" class=\"size-medium wp-image-167595\" alt=\"El presidente del Consejo Rector de Transparencia Mexicana, A. C., Federico Reyes Heroles, imparti\u00f3 la conferencia \u201cPerspectivas de desarrollo urbano y vivienda en M\u00e9xico\u201d, donde reconoci\u00f3 el avance econ\u00f3mico del pa\u00eds y del Estado de M\u00e9xico, lo que permitir\u00e1 elevar la competitividad y mejorar la calidad de vida de los mexiquenses.\" src=\"http:\/\/www.diarioimagen.net\/wp-content\/uploads\/2014\/03\/eruviel-2318-240x135.jpg\" width=\"240\" height=\"135\" srcset=\"https:\/\/www.diarioimagen.net\/wp-content\/uploads\/2014\/03\/eruviel-2318-240x135.jpg 240w, https:\/\/www.diarioimagen.net\/wp-content\/uploads\/2014\/03\/eruviel-2318-420x236.jpg 420w, https:\/\/www.diarioimagen.net\/wp-content\/uploads\/2014\/03\/eruviel-2318-235x132.jpg 235w, https:\/\/www.diarioimagen.net\/wp-content\/uploads\/2014\/03\/eruviel-2318-202x114.jpg 202w, https:\/\/www.diarioimagen.net\/wp-content\/uploads\/2014\/03\/eruviel-2318-350x196.jpg 350w, https:\/\/www.diarioimagen.net\/wp-content\/uploads\/2014\/03\/eruviel-2318-220x123.jpg 220w, https:\/\/www.diarioimagen.net\/wp-content\/uploads\/2014\/03\/eruviel-2318-237x132.jpg 237w, https:\/\/www.diarioimagen.net\/wp-content\/uploads\/2014\/03\/eruviel-2318.jpg 480w\" sizes=\"auto, (max-width: 240px) 100vw, 240px\" \/><\/a><p id=\"caption-attachment-167595\" class=\"wp-caption-text\">El presidente del Consejo Rector de Transparencia Mexicana, A. C., Federico Reyes Heroles, imparti\u00f3 la conferencia \u201cPerspectivas de desarrollo urbano y vivienda en M\u00e9xico\u201d, donde reconoci\u00f3 el avance econ\u00f3mico del pa\u00eds y del Estado de M\u00e9xico, lo que permitir\u00e1 elevar la competitividad y mejorar la calidad de vida de los mexiquenses.<\/p><\/div>\n<p><strong>Valle de Bravo, Estado de M\u00e9xico<\/strong>.- Al iniciar los trabajos de la 25 Reuni\u00f3n del Consejo Nacional de Organismos Estatales de Vivienda, inaugurados por el gobernador Eruviel \u00c1vila Villegas, el presidente del Consejo Rector de Transparencia Mexicana A.C., Federico Reyes Heroles, imparti\u00f3 la conferencia \u201cPerspectivas de desarrollo urbano y vivienda en M\u00e9xico\u201d, donde reconoci\u00f3 el avance econ\u00f3mico del pa\u00eds y del Estado de M\u00e9xico, lo que permitir\u00e1 elevar su competitividad y mejorar la calidad de vida de\u00a0 los mexiquenses.<\/p>\n<p>\u201cLo que les prepar\u00e9 es un recuento que va en el tono con uno de los lemas del gobierno del\u00a0 doctor Eruviel \u00c1vila, hay que volver a pensar en grande, necesitamos volver a pensar a M\u00e9xico en grande, y darnos cuenta de lo mucho que tenemos por enfrente y de lo mucho positivo que tenemos por enfrente. El Estado de M\u00e9xico lo ha hecho muy bien, lo felicito, gobernador, porque realmente han logrado atraer inversi\u00f3n de manera muy sensible\u201d, se\u00f1al\u00f3.<\/p>\n<p>En este evento, y ante Jorge Carlos Ram\u00edrez Mar\u00edn, secretario de Desarrollo Agrario, Territorial y Urbano (Sedatu), el gobernador asegur\u00f3 que el gobierno del Estado de M\u00e9xico respalda la nueva pol\u00edtica de vivienda del gobierno federal, que propone construir hogares y no s\u00f3lo casas, procurando que est\u00e9n cerca de los centros de trabajo, escolares y deportivos, que eleven la calidad de vida de los mexiquenses.<\/p>\n<p>\u201cEl objetivo de la nueva pol\u00edtica nacional de vivienda, m\u00e1s que construir viviendas es construir hogares, efectivamente, hogares cerca de los centros de trabajo, cerca de las \u00e1reas para poder hacer deporte, para tener unidad, para tener recreaci\u00f3n. Y en el Estado de M\u00e9xico estamos trabajando en ello y yo le reconozco a los empresarios de la vivienda aqu\u00ed presentes, les reconozco ese esfuerzo, ese compromiso que han hecho con el gobierno federal y, especialmente, con el gobierno del Estado de M\u00e9xico para que, pues la etapa de construir viviendas en su momento funcion\u00f3, ahora viene una nueva etapa, una nueva era que es construir hogares y estoy cierto que todos, los legisladores, a los presidentes municipales, la sociedad, los consultores, el se\u00f1or secretario de la Sedatu y todos, tenemos mucho que aportar en esta materia\u201d.<\/p>\n<p>En esta reuni\u00f3n, Eruviel \u00c1vila reconoci\u00f3 los aportes de Federico Reyes Heroles al pa\u00eds, a trav\u00e9s de Transparencia Mexicana, tal es el caso de la recomendaci\u00f3n para que la federaci\u00f3n realice la compra consolidada de medicamentos, estrategia a la cual el gobierno estatal ya solicit\u00f3 sumarse, con el prop\u00f3sito de generar ahorros en la adquisici\u00f3n de medicamentos; as\u00ed como el Sistema Mexiquense No Te Calles, un buz\u00f3n de quejas a trav\u00e9s de internet en las diferentes agencias del Ministerio P\u00fablico para identificar a malos servidores p\u00fablicos.<\/p>\n<p>Jorge Carlos Ram\u00edrez Mar\u00edn, secretario de Desarrollo Agrario, Territorial y Urbano, indic\u00f3 que en el Estado de M\u00e9xico se firmaron convenios con 25 municipio como parte del programa H\u00e1bitat, 30 m\u00e1s se sign\u00f3 otro acuerdo de rescate de espacios p\u00fablicos, en tanto que otras 12 demarcaciones mexiquenses firmaron convenios para realizar atlas de riesgo.<\/p>\n<p>Agreg\u00f3 que el bienestar comunitario, la\u00a0 productividad y el crecimiento econ\u00f3mico, surgen a partir de la atenci\u00f3n responsable del rezago habitacional, por lo que inform\u00f3 que durante 2013 la Secretar\u00eda a su cargo firm\u00f3 21 convenios para el desarrollo de vivienda, con las entidades del pa\u00eds, mediante los que se realizaron 48 mil acciones. En tanto que este a\u00f1o fue signado un convenio con 24 estados de la Rep\u00fablica, lo que se traduce en un programa de trabajo que contempla 140 mil acciones de vivienda, con un monto conjunto superior a los 14 mil millones de pesos.\u00a0<b><\/b><\/p>\n<p>&nbsp;<\/p>\n","protected":false},"excerpt":{"rendered":"<p>Al iniciar los trabajos de la 25 Reuni\u00f3n del Consejo Nacional de Organismos Estatales de Vivienda, inaugurados por el gobernador Eruviel \u00c1vila Villegas, el presidente del Consejo Rector de Transparencia Mexicana A.C., Federico Reyes Heroles, imparti\u00f3 la conferencia \u201cPerspectivas de desarrollo urbano y vivienda en M\u00e9xico\u201d, donde reconoci\u00f3 el avance econ\u00f3mico del pa\u00eds y del Estado de M\u00e9xico, lo que permitir\u00e1 elevar su competitividad y mejorar la calidad de vida de  los mexiquenses. <\/p>\n","protected":false},"author":3,"featured_media":167595,"comment_status":"open","ping_status":"open","sticky":false,"template":"","format":"standard","meta":{"_monsterinsights_skip_tracking":false,"_monsterinsights_sitenote_active":false,"_monsterinsights_sitenote_note":"","_monsterinsights_sitenote_category":0,"footnotes":""},"categories":[17,5],"tags":[68,5828,43675,1458],"class_list":["post-167524","post","type-post","status-publish","format-standard","has-post-thumbnail","hentry","category-especiales","category-estado-de-mexico","tag-edomex","tag-eruviel-avila-villegas","tag-estado-de-mexico","tag-valle-de-bravo"],"_links":{"self":[{"href":"https:\/\/www.diarioimagen.net\/index.php?rest_route=\/wp\/v2\/posts\/167524","targetHints":{"allow":["GET"]}}],"collection":[{"href":"https:\/\/www.diarioimagen.net\/index.php?rest_route=\/wp\/v2\/posts"}],"about":[{"href":"https:\/\/www.diarioimagen.net\/index.php?rest_route=\/wp\/v2\/types\/post"}],"author":[{"embeddable":true,"href":"https:\/\/www.diarioimagen.net\/index.php?rest_route=\/wp\/v2\/users\/3"}],"replies":[{"embeddable":true,"href":"https:\/\/www.diarioimagen.net\/index.php?rest_route=%2Fwp%2Fv2%2Fcomments&post=167524"}],"version-history":[{"count":0,"href":"https:\/\/www.diarioimagen.net\/index.php?rest_route=\/wp\/v2\/posts\/167524\/revisions"}],"wp:featuredmedia":[{"embeddable":true,"href":"https:\/\/www.diarioimagen.net\/index.php?rest_route=\/wp\/v2\/media\/167595"}],"wp:attachment":[{"href":"https:\/\/www.diarioimagen.net\/index.php?rest_route=%2Fwp%2Fv2%2Fmedia&parent=167524"}],"wp:term":[{"taxonomy":"category","embeddable":true,"href":"https:\/\/www.diarioimagen.net\/index.php?rest_route=%2Fwp%2Fv2%2Fcategories&post=167524"},{"taxonomy":"post_tag","embeddable":true,"href":"https:\/\/www.diarioimagen.net\/index.php?rest_route=%2Fwp%2Fv2%2Ftags&post=167524"}],"curies":[{"name":"wp","href":"https:\/\/api.w.org\/{rel}","templated":true}]}}