{"id":167531,"date":"2014-03-21T00:07:45","date_gmt":"2014-03-21T06:07:45","guid":{"rendered":"http:\/\/www.diarioimagen.net\/?p=167531"},"modified":"2014-03-21T04:19:10","modified_gmt":"2014-03-21T10:19:10","slug":"mancera-entrega-80-viviendas-a-indigenas","status":"publish","type":"post","link":"https:\/\/www.diarioimagen.net\/?p=167531","title":{"rendered":"Mancera entrega 80 viviendas a ind\u00edgenas"},"content":{"rendered":"<ul>\n<li><strong><em>Colonia Buenos Aires<\/em><\/strong><\/li>\n<\/ul>\n<div id=\"attachment_167624\" style=\"width: 250px\" class=\"wp-caption alignleft\"><a href=\"http:\/\/www.diarioimagen.net\/wp-content\/uploads\/2014\/03\/MANCERA-casas-2318.jpg\"><img loading=\"lazy\" decoding=\"async\" aria-describedby=\"caption-attachment-167624\" class=\"size-medium wp-image-167624\" alt=\"Miguel \u00c1ngel Mancera, jefe del GDF, entreg\u00f3 ayer a ind\u00edgenas de cuatro estados 300 viviendas en la colonia Buenos Aires.\" src=\"http:\/\/www.diarioimagen.net\/wp-content\/uploads\/2014\/03\/MANCERA-casas-2318-240x159.jpg\" width=\"240\" height=\"159\" srcset=\"https:\/\/www.diarioimagen.net\/wp-content\/uploads\/2014\/03\/MANCERA-casas-2318-240x159.jpg 240w, https:\/\/www.diarioimagen.net\/wp-content\/uploads\/2014\/03\/MANCERA-casas-2318-420x279.jpg 420w, https:\/\/www.diarioimagen.net\/wp-content\/uploads\/2014\/03\/MANCERA-casas-2318.jpg 500w\" sizes=\"auto, (max-width: 240px) 100vw, 240px\" \/><\/a><p id=\"caption-attachment-167624\" class=\"wp-caption-text\">Miguel \u00c1ngel Mancera, jefe del GDF, entreg\u00f3 ayer a ind\u00edgenas de cuatro estados 300 viviendas en la colonia Buenos Aires.<\/p><\/div>\n<p>El jefe de gobierno del Distrito Federal, Miguel \u00c1ngel Mancera Espinosa, encabez\u00f3 la entrega de 80 viviendas a personas pertenecientes a distintos grupos ind\u00edgenas en la colonia Buenos Aires, delegaci\u00f3n Cuauht\u00e9moc.<\/p>\n<p>El mandatario local detall\u00f3 que para ello se hizo una inversi\u00f3n de 32 millones de pesos y se beneficiar\u00e1 a 300 personas que provienen de Chiapas, Guerrero, Veracruz y Estado de M\u00e9xico.<\/p>\n<p>Para estas viviendas se cont\u00f3 con la participaci\u00f3n de la inversi\u00f3n del gobierno federal que aport\u00f3, a trav\u00e9s de Comisi\u00f3n Nacional para el Desarrollo de los Pueblos Ind\u00edgenas (CDI), 5 millones de pesos para el suelo, en tanto que el gobierno capitalino particip\u00f3 con la construcci\u00f3n.<\/p>\n<p>En su oportunidad, el titular del Instituto de la Vivienda (Invi) del Distrito Federal, Raymundo Collins Flores, se\u00f1al\u00f3 que \u00e9ste fue un esfuerzo que persiguieron los distintos grupos beneficiados desde 2008 para contar con una vivienda digna que ahora es parte de su patrimonio.<\/p>\n<p>Mancera Espinosa entreg\u00f3 las llaves de su vivienda al artista y cantante conocido como \u201cMargarito\u201d, quien fue uno de los beneficiados, y destac\u00f3 que continuar\u00e1 trabajando en este rubro para otorgar tres mil viviendas m\u00e1s en el transcurso de este a\u00f1o.<\/p>\n<p>\u201cHoy estamos haciendo ya entrega, hoy estamos cumpliendo con estas familias, la tarea de Gobierno no se detiene, tenemos que seguir viendo por los ni\u00f1os, aqu\u00ed hay muchas ni\u00f1as y ni\u00f1os, y es uno de los compromisos fundamentales; vivienda digna, vivienda para que se cambie el entorno, vivienda para que podamos encontrar desarrollo\u201d, dijo Mancera.<\/p>\n<p>El mandatario capitalino los felicit\u00f3 porque no perdieron nunca la esperanza de tener un futuro claro, un futuro que pasa por lo primordial, un lugar d\u00f3nde vivir, d\u00f3nde dormir, d\u00f3nde puedan desarrollarse libremente.<\/p>\n<p>\u201cCumplir esta tarea, es un trayecto que todav\u00eda est\u00e1 lejano para nosotros porque todo el tiempo hay m\u00e1s demanda de vivienda, solamente este a\u00f1o estamos pendientes con m\u00e1s de 3 mil viviendas que hay que seguir entregando con Raymundo, realizando la labor de contacto\u201d, afirm\u00f3 el jefe de gobierno.<\/p>\n<p>&nbsp;<\/p>\n","protected":false},"excerpt":{"rendered":"<p>El jefe de gobierno del Distrito Federal, Miguel \u00c1ngel Mancera Espinosa, encabez\u00f3 la entrega de 80 viviendas a personas pertenecientes a distintos grupos ind\u00edgenas en la colonia Buenos Aires, delegaci\u00f3n Cuauht\u00e9moc.<\/p>\n","protected":false},"author":3,"featured_media":167624,"comment_status":"open","ping_status":"open","sticky":false,"template":"","format":"standard","meta":{"_monsterinsights_skip_tracking":false,"_monsterinsights_sitenote_active":false,"_monsterinsights_sitenote_note":"","_monsterinsights_sitenote_category":0,"footnotes":""},"categories":[6],"tags":[808,204,5160,5314],"class_list":["post-167531","post","type-post","status-publish","format-standard","has-post-thumbnail","hentry","category-cd-de-mexico","tag-buenos-aires","tag-ciudad-de-mexico","tag-cuauhtemoc","tag-miguel-angel-mancera-espinosa"],"_links":{"self":[{"href":"https:\/\/www.diarioimagen.net\/index.php?rest_route=\/wp\/v2\/posts\/167531","targetHints":{"allow":["GET"]}}],"collection":[{"href":"https:\/\/www.diarioimagen.net\/index.php?rest_route=\/wp\/v2\/posts"}],"about":[{"href":"https:\/\/www.diarioimagen.net\/index.php?rest_route=\/wp\/v2\/types\/post"}],"author":[{"embeddable":true,"href":"https:\/\/www.diarioimagen.net\/index.php?rest_route=\/wp\/v2\/users\/3"}],"replies":[{"embeddable":true,"href":"https:\/\/www.diarioimagen.net\/index.php?rest_route=%2Fwp%2Fv2%2Fcomments&post=167531"}],"version-history":[{"count":0,"href":"https:\/\/www.diarioimagen.net\/index.php?rest_route=\/wp\/v2\/posts\/167531\/revisions"}],"wp:featuredmedia":[{"embeddable":true,"href":"https:\/\/www.diarioimagen.net\/index.php?rest_route=\/wp\/v2\/media\/167624"}],"wp:attachment":[{"href":"https:\/\/www.diarioimagen.net\/index.php?rest_route=%2Fwp%2Fv2%2Fmedia&parent=167531"}],"wp:term":[{"taxonomy":"category","embeddable":true,"href":"https:\/\/www.diarioimagen.net\/index.php?rest_route=%2Fwp%2Fv2%2Fcategories&post=167531"},{"taxonomy":"post_tag","embeddable":true,"href":"https:\/\/www.diarioimagen.net\/index.php?rest_route=%2Fwp%2Fv2%2Ftags&post=167531"}],"curies":[{"name":"wp","href":"https:\/\/api.w.org\/{rel}","templated":true}]}}