{"id":167658,"date":"2014-03-24T00:04:57","date_gmt":"2014-03-24T06:04:57","guid":{"rendered":"http:\/\/www.diarioimagen.net\/?p=167658"},"modified":"2014-03-26T03:14:20","modified_gmt":"2014-03-26T09:14:20","slug":"cae-el-presidente-de-oceanografia","status":"publish","type":"post","link":"https:\/\/www.diarioimagen.net\/?p=167658","title":{"rendered":"Amado Y\u00e1\u00f1ez declara ante Ministerio P\u00fablico"},"content":{"rendered":"<ul>\n<li><em><strong>Es investigado por uso de recursos de procedencia il\u00edcita y fraude contra Banamex por 400 mdd<\/strong><\/em><\/li>\n<\/ul>\n<div id=\"attachment_167659\" style=\"width: 250px\" class=\"wp-caption alignleft\"><img loading=\"lazy\" decoding=\"async\" aria-describedby=\"caption-attachment-167659\" class=\"size-medium wp-image-167659 \" alt=\"Explic\u00f3 que a solicitud del \u00d3rgano Interno de Control de Pemex, el pasado 11 de febrero la SFP coaccion\u00f3 a dicha empresa por irregularidades en el otorgamiento de fianzas previstas en la normatividad, en materia de contrataciones p\u00fablicas.\" src=\"http:\/\/www.diarioimagen.net\/wp-content\/uploads\/2014\/03\/CAE-portal-240x135.jpg\" width=\"240\" height=\"135\" srcset=\"https:\/\/www.diarioimagen.net\/wp-content\/uploads\/2014\/03\/CAE-portal-240x135.jpg 240w, https:\/\/www.diarioimagen.net\/wp-content\/uploads\/2014\/03\/CAE-portal-420x236.jpg 420w, https:\/\/www.diarioimagen.net\/wp-content\/uploads\/2014\/03\/CAE-portal-235x132.jpg 235w, https:\/\/www.diarioimagen.net\/wp-content\/uploads\/2014\/03\/CAE-portal-202x114.jpg 202w, https:\/\/www.diarioimagen.net\/wp-content\/uploads\/2014\/03\/CAE-portal-350x196.jpg 350w, https:\/\/www.diarioimagen.net\/wp-content\/uploads\/2014\/03\/CAE-portal-220x123.jpg 220w, https:\/\/www.diarioimagen.net\/wp-content\/uploads\/2014\/03\/CAE-portal-237x132.jpg 237w, https:\/\/www.diarioimagen.net\/wp-content\/uploads\/2014\/03\/CAE-portal.jpg 480w\" sizes=\"auto, (max-width: 240px) 100vw, 240px\" \/><p id=\"caption-attachment-167659\" class=\"wp-caption-text\">Finalmente, fue detenido Amado Y\u00e1\u00f1ez y ya declara ante el agente del Ministerio P\u00fablico por la serie de il\u00edcitos de la empresa Oceanograf\u00eda.<\/p><\/div>\n<p>Amado Y\u00e1\u00f1ez Osuna, director general de Oceanograf\u00eda, se encuentra a disposici\u00f3n del Ministerio P\u00fablico Federal para declarar sobre las investigaciones por uso de recursos de procedencia il\u00edcita, fraude y lo que resulte cometido por la naviera en contra de Citigroup Banamex.<\/p>\n<p>Fuentes de la Procuradur\u00eda General de la Rep\u00fablica confirmaron sucintamente el hecho y s\u00f3lo precisaron que Y\u00e1\u00f1ez se encontraba en la Delegaci\u00f3n Metropolitana de la PGR en el Distrito Federal o en Quer\u00e9taro.<\/p>\n<p>Diversas confirmaciones y versiones period\u00edsticas daban cuenta de que el presidente de Oceanograf\u00eda, hab\u00eda sido capturado por la Procuradur\u00eda General de la Rep\u00fablica la madrugada de ayer.<\/p>\n<p>El pasado 28 de febrero, el procurador Jes\u00fas Murillo Karam dio a conocer que la empresa contratista de la paraestatal Petr\u00f3leos Mexicanos fue asegurada debido a presuntas irregularidades en torno a un financiamiento bancario.<\/p>\n<p>La Comisi\u00f3n de Bolsas y Valores de Estados Unidos anunci\u00f3 por su parte el 2 de marzo el inicio de pesquisas al banco Citigroup por un posible fraude contable, luego de que la instituci\u00f3n financiera revel\u00f3 que su filial mexicana, Banamex, hab\u00eda realizado pr\u00e9stamos incobrables por 400 millones de d\u00f3lares a la empresa Oceanograf\u00eda, ex proveedora de Petr\u00f3leos Mexicanos. Banamex inici\u00f3 una revisi\u00f3n de los pr\u00e9stamos a Oceanograf\u00eda y detect\u00f3 que la compa\u00f1\u00eda incurri\u00f3 en una presunta falsificaci\u00f3n de documentaci\u00f3n de cuentas por cobrar a Pemex.<\/p>\n<p>Como Banamex, en su calidad de acreedor, cotej\u00f3 con Pemex la informaci\u00f3n que acreditaba supuestas cuentas por cobrar a cargo de la paraestatal, en el resultado de dicha revisi\u00f3n se advirtieron inconsistencias en la documentaci\u00f3n \u201cque constituyen conductas tipificadas como delitos\u201d, subray\u00f3 Murillo Karam. La situaci\u00f3n se hizo del conocimiento de la PGR, y por ello se inici\u00f3 la averiguaci\u00f3n previa y el aseguramiento.<\/p>\n<p>Murillo Karam dijo en aquella ocasi\u00f3n que el objetivo del aseguramiento de Oceanograf\u00eda era preservar fuentes de empleo y activos de esa empresa, la posibilidad de restituir da\u00f1os y mantener las operaciones. A partir de ese momento el Sistema de Administraci\u00f3n y Enajenaci\u00f3n de Bienes fungir\u00eda como administrador de Oceanograf\u00eda.<\/p>\n<p>Explic\u00f3 que a solicitud del \u00d3rgano Interno de Control de Pemex, el pasado 11 de febrero la empresa ya hab\u00eda sido multada con cerca de 24 millones de pesos adem\u00e1s de su inhabilitaci\u00f3n por parte la Secretar\u00eda de la Funci\u00f3n P\u00fablica por irregularidades en el otorgamiento de fianzas previstas en la normatividad, en materia de contrataciones p\u00fablicas.<\/p>\n<p>La proveedora de Pemex pertenece a la familia de Y\u00e1\u00f1ez Osuna, quien tambi\u00e9n gast\u00f3 millones de d\u00f3lares en la compra de equipos de f\u00fatbol como el Gallos del Quer\u00e9taro y los Delfines del Carmen.<\/p>\n","protected":false},"excerpt":{"rendered":"<p>Amado Y\u00e1\u00f1ez Osuna, director general de Oceanograf\u00eda, se encuentra a disposici\u00f3n del Ministerio P\u00fablico Federal para declarar sobre las investigaciones por uso de recursos de procedencia il\u00edcita, fraude y lo que resulte cometido por la naviera en contra de Citigroup Banamex.<\/p>\n","protected":false},"author":5,"featured_media":167659,"comment_status":"open","ping_status":"open","sticky":false,"template":"","format":"standard","meta":{"_monsterinsights_skip_tracking":false,"_monsterinsights_sitenote_active":false,"_monsterinsights_sitenote_note":"","_monsterinsights_sitenote_category":0,"footnotes":""},"categories":[17,3],"tags":[30880,5428,43673,26076,27887],"class_list":["post-167658","post","type-post","status-publish","format-standard","has-post-thumbnail","hentry","category-especiales","category-nacional","tag-amado-yanez-osuna","tag-jesus-murillo-karam","tag-nacional","tag-oceanografia","tag-procuraduria-general-de-la-republica"],"_links":{"self":[{"href":"https:\/\/www.diarioimagen.net\/index.php?rest_route=\/wp\/v2\/posts\/167658","targetHints":{"allow":["GET"]}}],"collection":[{"href":"https:\/\/www.diarioimagen.net\/index.php?rest_route=\/wp\/v2\/posts"}],"about":[{"href":"https:\/\/www.diarioimagen.net\/index.php?rest_route=\/wp\/v2\/types\/post"}],"author":[{"embeddable":true,"href":"https:\/\/www.diarioimagen.net\/index.php?rest_route=\/wp\/v2\/users\/5"}],"replies":[{"embeddable":true,"href":"https:\/\/www.diarioimagen.net\/index.php?rest_route=%2Fwp%2Fv2%2Fcomments&post=167658"}],"version-history":[{"count":0,"href":"https:\/\/www.diarioimagen.net\/index.php?rest_route=\/wp\/v2\/posts\/167658\/revisions"}],"wp:featuredmedia":[{"embeddable":true,"href":"https:\/\/www.diarioimagen.net\/index.php?rest_route=\/wp\/v2\/media\/167659"}],"wp:attachment":[{"href":"https:\/\/www.diarioimagen.net\/index.php?rest_route=%2Fwp%2Fv2%2Fmedia&parent=167658"}],"wp:term":[{"taxonomy":"category","embeddable":true,"href":"https:\/\/www.diarioimagen.net\/index.php?rest_route=%2Fwp%2Fv2%2Fcategories&post=167658"},{"taxonomy":"post_tag","embeddable":true,"href":"https:\/\/www.diarioimagen.net\/index.php?rest_route=%2Fwp%2Fv2%2Ftags&post=167658"}],"curies":[{"name":"wp","href":"https:\/\/api.w.org\/{rel}","templated":true}]}}