{"id":167673,"date":"2014-03-24T00:08:37","date_gmt":"2014-03-24T06:08:37","guid":{"rendered":"http:\/\/www.diarioimagen.net\/?p=167673"},"modified":"2014-03-24T01:32:35","modified_gmt":"2014-03-24T07:32:35","slug":"seguira-zambrano-en-la-dirigencia-del-prd","status":"publish","type":"post","link":"https:\/\/www.diarioimagen.net\/?p=167673","title":{"rendered":"Seguir\u00e1 Jes\u00fas Zambrano en la dirigencia del PRD"},"content":{"rendered":"<ul>\n<li><em><strong>Decisi\u00f3n del Consejo Nacional<\/strong><\/em><\/li>\n<\/ul>\n<div id=\"attachment_167674\" style=\"width: 250px\" class=\"wp-caption alignleft\"><img loading=\"lazy\" decoding=\"async\" aria-describedby=\"caption-attachment-167674\" class=\"size-medium wp-image-167674 \" alt=\"Las corrientes alcanzaron un acuerdo pol\u00edtico para votar el 4 abril los reglamentos de elecciones y afiliaci\u00f3n, y posteriormente la convocatoria a esos comicios. \" src=\"http:\/\/www.diarioimagen.net\/wp-content\/uploads\/2014\/03\/zambrano-portal1-240x135.jpg\" width=\"240\" height=\"135\" srcset=\"https:\/\/www.diarioimagen.net\/wp-content\/uploads\/2014\/03\/zambrano-portal1-240x135.jpg 240w, https:\/\/www.diarioimagen.net\/wp-content\/uploads\/2014\/03\/zambrano-portal1-420x236.jpg 420w, https:\/\/www.diarioimagen.net\/wp-content\/uploads\/2014\/03\/zambrano-portal1-235x132.jpg 235w, https:\/\/www.diarioimagen.net\/wp-content\/uploads\/2014\/03\/zambrano-portal1-202x114.jpg 202w, https:\/\/www.diarioimagen.net\/wp-content\/uploads\/2014\/03\/zambrano-portal1-350x196.jpg 350w, https:\/\/www.diarioimagen.net\/wp-content\/uploads\/2014\/03\/zambrano-portal1-220x123.jpg 220w, https:\/\/www.diarioimagen.net\/wp-content\/uploads\/2014\/03\/zambrano-portal1-237x132.jpg 237w, https:\/\/www.diarioimagen.net\/wp-content\/uploads\/2014\/03\/zambrano-portal1.jpg 480w\" sizes=\"auto, (max-width: 240px) 100vw, 240px\" \/><p id=\"caption-attachment-167674\" class=\"wp-caption-text\">La asamblea del Consejo Nacional del PRD dispuso que el actual dirigente Jes\u00fas Zambrano Grijalva siga al frente del CEN, hasta agosto.<\/p><\/div>\n<p>Jes\u00fas\u00a0 Zambrano y Alejandro\u00a0 S\u00e1nchez Camacho se mantendr\u00e1n al frente de la presidencia y la secretar\u00eda general del PRD hasta que se realice la elecci\u00f3n en agosto. As\u00ed lo decidi\u00f3 ayer\u00a0 por unanimidad el Consejo\u00a0 Nacional de ese partido.<\/p>\n<p>La permanencia en el cargo est\u00e1 basada en una jurisprudencia del Tribunal Electoral del Poder Judicial de la Federaci\u00f3n que establece que se podr\u00e1 prorrogar el mandato de la dirigencia nacional de un partido cuando existan condiciones extraordinarias que no hayan permitido que se lleve a cabo el proceso de renovaci\u00f3n.<\/p>\n<p>La dirigencia se prorrogar\u00e1 hasta agosto cuando una vez transcurridos los plazos pueda llevarse a cabo la elecci\u00f3n del nuevo dirigente. Tambi\u00e9n la Comisi\u00f3n Pol\u00edtica Nacional y el secretariado se mantendr\u00e1n en su encargo.<\/p>\n<p>Por mayor\u00eda calificada, el Consejo Nacional del PRD aprob\u00f3 en la madrugada de ayer el m\u00e9todo indirecto para la elecci\u00f3n del presidente y del secretario general, tentativamente para el 30 de agosto.<\/p>\n<p>Las corrientes alcanzaron un acuerdo pol\u00edtico para votar el 4 abril los reglamentos de elecciones y afiliaci\u00f3n, y posteriormente la convocatoria a esos comicios. En esa fecha se reanudar\u00e1n los trabajos del consejo partidista, que alrededor de las 4 de la ma\u00f1ana entr\u00f3 en receso. La aprobaci\u00f3n del m\u00e9todo no impide que ese d\u00eda se vuelva a discutir el tema.<\/p>\n<p>Tambi\u00e9n se acord\u00f3 realizar en ese mes, elecciones de consejos municipales, estatales y nacional, as\u00ed como de los delegados a congreso nacional, mediante el voto universal libre, secreto y directo de todos los afiliados al PRD.<\/p>\n<p>Por otra parte, se hizo un llamado a la militancia a reforzar los trabajos para la realizaci\u00f3n de la consulta nacional sobre la reforma energ\u00e9tica. Con ese fin se plante\u00f3 acelerar la creaci\u00f3n de los comit\u00e9s promotores de ese ejercicio.<\/p>\n","protected":false},"excerpt":{"rendered":"<p>Jes\u00fas  Zambrano y Alejandro  S\u00e1nchez Camacho se mantendr\u00e1n al frente de la presidencia y la secretar\u00eda general del PRD hasta que se realice la elecci\u00f3n en agosto. As\u00ed lo decidi\u00f3 ayer  por unanimidad el Consejo  Nacional de ese partido.<\/p>\n","protected":false},"author":5,"featured_media":167674,"comment_status":"open","ping_status":"open","sticky":false,"template":"","format":"standard","meta":{"_monsterinsights_skip_tracking":false,"_monsterinsights_sitenote_active":false,"_monsterinsights_sitenote_note":"","_monsterinsights_sitenote_category":0,"footnotes":""},"categories":[3],"tags":[213,15094,18078,43673,211],"class_list":["post-167673","post","type-post","status-publish","format-standard","has-post-thumbnail","hentry","category-nacional","tag-alejandro-sanchez-camacho","tag-dirigencia","tag-jesus-zambrano-grijalva","tag-nacional","tag-prd"],"_links":{"self":[{"href":"https:\/\/www.diarioimagen.net\/index.php?rest_route=\/wp\/v2\/posts\/167673","targetHints":{"allow":["GET"]}}],"collection":[{"href":"https:\/\/www.diarioimagen.net\/index.php?rest_route=\/wp\/v2\/posts"}],"about":[{"href":"https:\/\/www.diarioimagen.net\/index.php?rest_route=\/wp\/v2\/types\/post"}],"author":[{"embeddable":true,"href":"https:\/\/www.diarioimagen.net\/index.php?rest_route=\/wp\/v2\/users\/5"}],"replies":[{"embeddable":true,"href":"https:\/\/www.diarioimagen.net\/index.php?rest_route=%2Fwp%2Fv2%2Fcomments&post=167673"}],"version-history":[{"count":0,"href":"https:\/\/www.diarioimagen.net\/index.php?rest_route=\/wp\/v2\/posts\/167673\/revisions"}],"wp:featuredmedia":[{"embeddable":true,"href":"https:\/\/www.diarioimagen.net\/index.php?rest_route=\/wp\/v2\/media\/167674"}],"wp:attachment":[{"href":"https:\/\/www.diarioimagen.net\/index.php?rest_route=%2Fwp%2Fv2%2Fmedia&parent=167673"}],"wp:term":[{"taxonomy":"category","embeddable":true,"href":"https:\/\/www.diarioimagen.net\/index.php?rest_route=%2Fwp%2Fv2%2Fcategories&post=167673"},{"taxonomy":"post_tag","embeddable":true,"href":"https:\/\/www.diarioimagen.net\/index.php?rest_route=%2Fwp%2Fv2%2Ftags&post=167673"}],"curies":[{"name":"wp","href":"https:\/\/api.w.org\/{rel}","templated":true}]}}