{"id":167676,"date":"2014-03-24T00:09:11","date_gmt":"2014-03-24T06:09:11","guid":{"rendered":"http:\/\/www.diarioimagen.net\/?p=167676"},"modified":"2014-03-24T00:57:22","modified_gmt":"2014-03-24T06:57:22","slug":"el-gdf-y-china-trabajaran-por-desarrollo-economico","status":"publish","type":"post","link":"https:\/\/www.diarioimagen.net\/?p=167676","title":{"rendered":"El GDF y China trabajar\u00e1n por desarrollo econ\u00f3mico"},"content":{"rendered":"<ul>\n<li><em><strong>Adem\u00e1s, acuerdan colaborar coordinadamente en promoci\u00f3n tur\u00edstica, movilidad y medio ambiente<\/strong><\/em><\/li>\n<\/ul>\n<div id=\"attachment_167677\" style=\"width: 250px\" class=\"wp-caption alignleft\"><img loading=\"lazy\" decoding=\"async\" aria-describedby=\"caption-attachment-167677\" class=\"size-medium wp-image-167677 \" alt=\"Miguel \u00c1ngel Mancera, jefe del GDF, y el embajador de China en M\u00e9xico, Qiu Xiaoqi, se reunieron ayer en el Antiguo Ayuntamiento de la ciudad de M\u00e9xico.\" src=\"http:\/\/www.diarioimagen.net\/wp-content\/uploads\/2014\/03\/MANCERA-portal5-240x135.jpg\" width=\"240\" height=\"135\" srcset=\"https:\/\/www.diarioimagen.net\/wp-content\/uploads\/2014\/03\/MANCERA-portal5-240x135.jpg 240w, https:\/\/www.diarioimagen.net\/wp-content\/uploads\/2014\/03\/MANCERA-portal5-420x236.jpg 420w, https:\/\/www.diarioimagen.net\/wp-content\/uploads\/2014\/03\/MANCERA-portal5-235x132.jpg 235w, https:\/\/www.diarioimagen.net\/wp-content\/uploads\/2014\/03\/MANCERA-portal5-202x114.jpg 202w, https:\/\/www.diarioimagen.net\/wp-content\/uploads\/2014\/03\/MANCERA-portal5-350x196.jpg 350w, https:\/\/www.diarioimagen.net\/wp-content\/uploads\/2014\/03\/MANCERA-portal5-220x123.jpg 220w, https:\/\/www.diarioimagen.net\/wp-content\/uploads\/2014\/03\/MANCERA-portal5-237x132.jpg 237w, https:\/\/www.diarioimagen.net\/wp-content\/uploads\/2014\/03\/MANCERA-portal5.jpg 480w\" sizes=\"auto, (max-width: 240px) 100vw, 240px\" \/><p id=\"caption-attachment-167677\" class=\"wp-caption-text\">Miguel \u00c1ngel Mancera, jefe del GDF, y el embajador de China en M\u00e9xico, Qiu Xiaoqi, se reunieron en el Antiguo Palacio del Ayuntamiento de la ciudad de M\u00e9xico.<\/p><\/div>\n<p>El jefe de gobierno del Distrito Federal, Miguel \u00c1ngel Mancera Espinosa, recibi\u00f3 al embajador de la Rep\u00fablica Popular China en M\u00e9xico, Qiu Xiaoqi, con quien convers\u00f3 sobre desarrollo econ\u00f3mico, promoci\u00f3n tur\u00edstica, movilidad urbana y las pol\u00edticas ambientales tanto de la ciudad de M\u00e9xico como del pa\u00eds asi\u00e1tico.<\/p>\n<p>En las oficinas del Antiguo Palacio del Ayuntamiento, el embajador de China expres\u00f3 al jefe de GDF su disposici\u00f3n para intercambiar experiencias exitosas que puedan aportar al desarrollo y progreso de cada comunidad y reconoci\u00f3 a Mancera \u201cpor el gran desaf\u00edo que representa dirigir una ciudad capital tan compleja como lo es la ciudad de M\u00e9xico\u201d.<\/p>\n<p>El mandatario local y el embajador de China acordaron trabajar de manera conjunta en proyectos bilaterales que sean de mutuo beneficio para las comunidades, como es el caso de una posible investigaci\u00f3n coordinada para mejorar la calidad del aire en China con base en las pol\u00edticas que han permitido que el Distrito Federal ya no sea una de las ciudades m\u00e1s contaminadas del mundo.<\/p>\n<p>Asimismo, Qiu Xiaoqi sugiri\u00f3 aportar a la ciudad de M\u00e9xico, los conocimientos y estrategias que se han implementado en China para ampliar la infraestructura de transporte p\u00fablico y avanzar en medios de movilidad de alta velocidad.<\/p>\n<p>En el encuentro donde tambi\u00e9n estuvo presente el coordinador general de Asuntos Internacionales del Distrito Federal, Cuauht\u00e9moc C\u00e1rdenas Sol\u00f3rzano, se convers\u00f3 tambi\u00e9n sobre las pr\u00e1cticas necesarias para impulsar el dinamismo econ\u00f3mico y el turismo internacional.<\/p>\n","protected":false},"excerpt":{"rendered":"<p>El jefe de gobierno del Distrito Federal, Miguel \u00c1ngel Mancera Espinosa, recibi\u00f3 al embajador de la Rep\u00fablica Popular China en M\u00e9xico, Qiu Xiaoqi, con quien convers\u00f3 sobre desarrollo econ\u00f3mico, promoci\u00f3n tur\u00edstica, movilidad urbana y las pol\u00edticas ambientales tanto de la ciudad de M\u00e9xico como del pa\u00eds asi\u00e1tico.<\/p>\n","protected":false},"author":5,"featured_media":167677,"comment_status":"open","ping_status":"open","sticky":false,"template":"","format":"standard","meta":{"_monsterinsights_skip_tracking":false,"_monsterinsights_sitenote_active":false,"_monsterinsights_sitenote_note":"","_monsterinsights_sitenote_category":0,"footnotes":""},"categories":[6],"tags":[7680,1361,31416,43691,5314],"class_list":["post-167676","post","type-post","status-publish","format-standard","has-post-thumbnail","hentry","category-cd-de-mexico","tag-antiguo-palacio-del-ayuntamiento","tag-china","tag-desarrollo","tag-gdf","tag-miguel-angel-mancera-espinosa"],"_links":{"self":[{"href":"https:\/\/www.diarioimagen.net\/index.php?rest_route=\/wp\/v2\/posts\/167676","targetHints":{"allow":["GET"]}}],"collection":[{"href":"https:\/\/www.diarioimagen.net\/index.php?rest_route=\/wp\/v2\/posts"}],"about":[{"href":"https:\/\/www.diarioimagen.net\/index.php?rest_route=\/wp\/v2\/types\/post"}],"author":[{"embeddable":true,"href":"https:\/\/www.diarioimagen.net\/index.php?rest_route=\/wp\/v2\/users\/5"}],"replies":[{"embeddable":true,"href":"https:\/\/www.diarioimagen.net\/index.php?rest_route=%2Fwp%2Fv2%2Fcomments&post=167676"}],"version-history":[{"count":0,"href":"https:\/\/www.diarioimagen.net\/index.php?rest_route=\/wp\/v2\/posts\/167676\/revisions"}],"wp:featuredmedia":[{"embeddable":true,"href":"https:\/\/www.diarioimagen.net\/index.php?rest_route=\/wp\/v2\/media\/167677"}],"wp:attachment":[{"href":"https:\/\/www.diarioimagen.net\/index.php?rest_route=%2Fwp%2Fv2%2Fmedia&parent=167676"}],"wp:term":[{"taxonomy":"category","embeddable":true,"href":"https:\/\/www.diarioimagen.net\/index.php?rest_route=%2Fwp%2Fv2%2Fcategories&post=167676"},{"taxonomy":"post_tag","embeddable":true,"href":"https:\/\/www.diarioimagen.net\/index.php?rest_route=%2Fwp%2Fv2%2Ftags&post=167676"}],"curies":[{"name":"wp","href":"https:\/\/api.w.org\/{rel}","templated":true}]}}