{"id":167679,"date":"2014-03-23T22:03:31","date_gmt":"2014-03-24T04:03:31","guid":{"rendered":"http:\/\/www.diarioimagen.net\/?p=167679"},"modified":"2014-03-24T03:54:12","modified_gmt":"2014-03-24T09:54:12","slug":"no-mas-descalificaciones-piden-a-madero-y-a-cordero","status":"publish","type":"post","link":"https:\/\/www.diarioimagen.net\/?p=167679","title":{"rendered":"No m\u00e1s descalificaciones exigen a Gustavo Madero  y a Ernesto Cordero"},"content":{"rendered":"<ul>\n<li><em><strong>Dirigencia panista les saca tarjeta amarilla en plena contienda por control partidario<\/strong><\/em><\/li>\n<\/ul>\n<div id=\"attachment_167680\" style=\"width: 250px\" class=\"wp-caption alignleft\"><img loading=\"lazy\" decoding=\"async\" aria-describedby=\"caption-attachment-167680\" class=\"size-medium wp-image-167680 \" alt=\"Romero les record\u00f3 a los candidatos que en la Convocatoria queda manifiesto en el art\u00edculo 24 que las campa\u00f1as deber\u00e1n expresarse en sentido propositivo, haciendo \u00e9nfasis en la trayectoria de los candidatos, sus cualidades para el cargo y las propuestas espec\u00edficas para su ejercicio.\" src=\"http:\/\/www.diarioimagen.net\/wp-content\/uploads\/2014\/03\/MADERO-PORTAL-240x135.jpg\" width=\"240\" height=\"135\" srcset=\"https:\/\/www.diarioimagen.net\/wp-content\/uploads\/2014\/03\/MADERO-PORTAL-240x135.jpg 240w, https:\/\/www.diarioimagen.net\/wp-content\/uploads\/2014\/03\/MADERO-PORTAL-420x236.jpg 420w, https:\/\/www.diarioimagen.net\/wp-content\/uploads\/2014\/03\/MADERO-PORTAL-235x132.jpg 235w, https:\/\/www.diarioimagen.net\/wp-content\/uploads\/2014\/03\/MADERO-PORTAL-202x114.jpg 202w, https:\/\/www.diarioimagen.net\/wp-content\/uploads\/2014\/03\/MADERO-PORTAL-350x196.jpg 350w, https:\/\/www.diarioimagen.net\/wp-content\/uploads\/2014\/03\/MADERO-PORTAL-220x123.jpg 220w, https:\/\/www.diarioimagen.net\/wp-content\/uploads\/2014\/03\/MADERO-PORTAL-237x132.jpg 237w, https:\/\/www.diarioimagen.net\/wp-content\/uploads\/2014\/03\/MADERO-PORTAL.jpg 480w\" sizes=\"auto, (max-width: 240px) 100vw, 240px\" \/><p id=\"caption-attachment-167680\" class=\"wp-caption-text\">La dirigente nacional del PAN, Cecilia Romero lanz\u00f3 un ultim\u00e1tum a los contendientes por la dirigencia, para que no se hagan descalificaciones mutuas.<\/p><\/div>\n<p>La presidenta nacional del PAN, Cecilia Romero inst\u00f3 a Gustavo Madero y Ernesto Cordero, a dejar de lado cualquier descalificaci\u00f3n, y a que se conduzcan limpiamente y se sujeten a los principios de transparencia en la erogaci\u00f3n de gastos de campa\u00f1a.<\/p>\n<p>Cecilia Romero asegur\u00f3 a los candidatos a sucederla en el cargo, as\u00ed como a sus equipos que garantizar\u00e1 piso parejo en la contienda interna.<\/p>\n<p>La l\u00edder panista les record\u00f3 que la Convocatoria prohibe expresamente a los presidentes e integrantes de los Comit\u00e9s Nacional, Estatales y Municipales participar en las campa\u00f1as de los candidatos a la dirigencia.<\/p>\n<p>Explic\u00f3 que desde el CEN se vigilar\u00e1 que el proceso abone a la cultura democr\u00e1tica del PAN y respete el marco institucional, siempre privilegiando el di\u00e1logo.<\/p>\n<p>Romero les record\u00f3 a los candidatos que en la Convocatoria queda manifiesto en el art\u00edculo 24 que las campa\u00f1as deber\u00e1n expresarse en sentido propositivo, haciendo \u00e9nfasis en la trayectoria de los candidatos, sus cualidades para el cargo y las propuestas espec\u00edficas para su ejercicio.<\/p>\n<p>Mientras que en el art\u00edculo 22 se se\u00f1ala que deben abstenerse de hacer declaraciones p\u00fablicas de descalificaci\u00f3n o acciones ofensivas hacia otros candidatos, militantes, dirigentes del partido y funcionarios p\u00fablicos emanados del mismo.<\/p>\n","protected":false},"excerpt":{"rendered":"<p>La presidenta nacional del PAN, Cecilia Romero inst\u00f3 a Gustavo Madero y Ernesto Cordero, a dejar de lado cualquier descalificaci\u00f3n, y a que se conduzcan limpiamente y se sujeten a los principios de transparencia en la erogaci\u00f3n de gastos de campa\u00f1a.<\/p>\n","protected":false},"author":5,"featured_media":167680,"comment_status":"open","ping_status":"open","sticky":false,"template":"","format":"standard","meta":{"_monsterinsights_skip_tracking":false,"_monsterinsights_sitenote_active":false,"_monsterinsights_sitenote_note":"","_monsterinsights_sitenote_category":0,"footnotes":""},"categories":[3],"tags":[12217,8617,10227,43673,91],"class_list":["post-167679","post","type-post","status-publish","format-standard","has-post-thumbnail","hentry","category-nacional","tag-cecilia-romero-castillo","tag-ernesto-cordero-arroyo","tag-gustavo-madero-munoz","tag-nacional","tag-pan"],"_links":{"self":[{"href":"https:\/\/www.diarioimagen.net\/index.php?rest_route=\/wp\/v2\/posts\/167679","targetHints":{"allow":["GET"]}}],"collection":[{"href":"https:\/\/www.diarioimagen.net\/index.php?rest_route=\/wp\/v2\/posts"}],"about":[{"href":"https:\/\/www.diarioimagen.net\/index.php?rest_route=\/wp\/v2\/types\/post"}],"author":[{"embeddable":true,"href":"https:\/\/www.diarioimagen.net\/index.php?rest_route=\/wp\/v2\/users\/5"}],"replies":[{"embeddable":true,"href":"https:\/\/www.diarioimagen.net\/index.php?rest_route=%2Fwp%2Fv2%2Fcomments&post=167679"}],"version-history":[{"count":0,"href":"https:\/\/www.diarioimagen.net\/index.php?rest_route=\/wp\/v2\/posts\/167679\/revisions"}],"wp:featuredmedia":[{"embeddable":true,"href":"https:\/\/www.diarioimagen.net\/index.php?rest_route=\/wp\/v2\/media\/167680"}],"wp:attachment":[{"href":"https:\/\/www.diarioimagen.net\/index.php?rest_route=%2Fwp%2Fv2%2Fmedia&parent=167679"}],"wp:term":[{"taxonomy":"category","embeddable":true,"href":"https:\/\/www.diarioimagen.net\/index.php?rest_route=%2Fwp%2Fv2%2Fcategories&post=167679"},{"taxonomy":"post_tag","embeddable":true,"href":"https:\/\/www.diarioimagen.net\/index.php?rest_route=%2Fwp%2Fv2%2Ftags&post=167679"}],"curies":[{"name":"wp","href":"https:\/\/api.w.org\/{rel}","templated":true}]}}