{"id":167698,"date":"2014-03-24T00:01:25","date_gmt":"2014-03-24T06:01:25","guid":{"rendered":"http:\/\/www.diarioimagen.net\/?p=167698"},"modified":"2014-03-25T01:25:51","modified_gmt":"2014-03-25T07:25:51","slug":"gastronomica-expo-fest-2014-en-ciudad-juarez-el-viernes-29-con-la-vanguardia-de-la-cocina-local","status":"publish","type":"post","link":"https:\/\/www.diarioimagen.net\/?p=167698","title":{"rendered":"Gastron\u00f3mica Expo-Fest 2014, en Ciudad Ju\u00e1rez, el viernes 29, con la vanguardia de la cocina local"},"content":{"rendered":"<h2>De cinco estrellas<\/h2>\n<h5>Victoria Gonz\u00e1lez Prado<\/h5>\n<p>&nbsp;<\/p>\n<ul>\n<li><em><strong>Joost Schuring, nuevo vicepresidente ejecutivo de Amadeus\u00a0para Latinoam\u00e9rica y el Caribe<\/strong><\/em><\/li>\n<li><em><strong>OMA inform\u00f3 que el Aeropuerto Internacional de Durango dio la bienvenida a TAR\u00a0<\/strong><\/em><\/li>\n<li><em><strong>Lo mejor de la moda nacional en el <\/strong><\/em><strong>Mercedes-Benz Fashion Week Mexico powered by American Express<\/strong><\/li>\n<\/ul>\n<div id=\"attachment_167786\" style=\"width: 250px\" class=\"wp-caption alignleft\"><a href=\"http:\/\/www.diarioimagen.net\/wp-content\/uploads\/2014\/03\/turismo-2319.jpg\"><img loading=\"lazy\" decoding=\"async\" aria-describedby=\"caption-attachment-167786\" class=\"size-medium wp-image-167786\" alt=\"En la presentaci\u00f3n Gastron\u00f3mica Expo Fest 2014.\" src=\"http:\/\/www.diarioimagen.net\/wp-content\/uploads\/2014\/03\/turismo-2319-240x118.jpg\" width=\"240\" height=\"118\" srcset=\"https:\/\/www.diarioimagen.net\/wp-content\/uploads\/2014\/03\/turismo-2319-240x118.jpg 240w, https:\/\/www.diarioimagen.net\/wp-content\/uploads\/2014\/03\/turismo-2319-420x207.jpg 420w, https:\/\/www.diarioimagen.net\/wp-content\/uploads\/2014\/03\/turismo-2319.jpg 700w\" sizes=\"auto, (max-width: 240px) 100vw, 240px\" \/><\/a><p id=\"caption-attachment-167786\" class=\"wp-caption-text\">En la presentaci\u00f3n Gastron\u00f3mica Expo Fest 2014.<\/p><\/div>\n<p>Gastron\u00f3mica <i>Expo-Fest 2014<\/i> exhibir\u00e1 la vanguardia de la cocina de Ciudad Ju\u00e1rez, Chihuahua el pr\u00f3ximo viernes 29, en el Centro de Convenciones Cuatro Siglos, ubicado en la Calzada del R\u00edo 8989 esquina con calle Florida, fraccionamiento Quintas Alamedas. As\u00ed lo dieron a conocer <b>\u00d3scar Hern\u00e1ndez<\/b>, <b>C\u00e9sar Dur\u00e1n<\/b>, <b>Jos\u00e9 Luis Fabi\u00e1n Olivas<\/b>, <b>Mayela Serrati<\/b>, <b>Salvador Salazar<\/b>, <b>V\u00edctor Rodr\u00edguez<\/b> y <b>Cinthia Almanza<\/b>, representante del Bur\u00f3 de Convenciones y Visitantes de Ciudad Ju\u00e1rez. Se\u00f1alaron que ser\u00e1 un encuentro incluyente y multidisciplinario alrededor de la cocina, que re\u00fane a los exponentes m\u00e1s destacados de la gastronom\u00eda juarense y binacional a proveedores exitosos que ya existen como carnicer\u00edas, sotoleras, vinos, queser\u00edas, panader\u00edas, restaurantes, harineras y profesionales de otros \u00e1mbitos que complementan el arte culinario. Acudir\u00e1n 70 expositores, 45 firmas restauranteras y proveedores de la regi\u00f3n. <b>Jos\u00e9 Luis Fabi\u00e1n Olivas<\/b>, coordinador general de esta actividad, dijo que los\u00a0\u00a0 chefs invitados ser\u00e1n <b>Miguel \u00c1ngel Guerrero<\/b>, <b>Eduardo Plascencia<\/b>, <b>Benito Molina<\/b> y <b>Solange Muris<\/b>. El costo de entrada ser\u00e1 de 85 pesos por persona, con derecho a asistir a los talleres y conferencias, degustar diferentes platillos, cata de vinos, cerveza, caf\u00e9, tequila y sotol,\u00a0 as\u00ed como disfrutar de m\u00fasica en vivo, entre otras actividades. El horario ser\u00e1 de 10:00 am a 22:00 horas.<\/p>\n<p>\u2730\u2730\u2730\u2730\u2730\u00a0<b>Joost Schuring<\/b> es el nuevo vicepresidente ejecutivo de <i>Amadeus<\/i>\u00a0para Latinoam\u00e9rica &amp; Caribe. Forma\u00a0parte de la empresa desde el a\u00f1o 2001 y previamente ocup\u00f3 el cargo de director global de distribuci\u00f3n a\u00e9rea. Sus principales objetivos ser\u00e1n favorecer cada vez m\u00e1s la experiencia de los viajeros mediante el gran potencial que tiene la regi\u00f3n en inversi\u00f3n tecnol\u00f3gica y crecimiento econ\u00f3mico. La tecnolog\u00eda es un punto clave de diferenciaci\u00f3n en todas las partes de la cadena del mercado y el medio que une a todos los proveedores de la misma -hoteles, agencias, l\u00edneas a\u00e9reas, personal de tierra, aeropuerto, alquiler de autos, etc\u00e9tera-. Tambi\u00e9n, permite las ventajas de la personalizaci\u00f3n y facilidad de uso, prestaci\u00f3n de servicios auxiliares (<i>ancillary services<\/i>), provisi\u00f3n de sistemas avanzados de b\u00fasqueda y viajes a la medida que mejoran la experiencia del viajero. \u201cCada vez m\u00e1s personas viajan, el mundo est\u00e1 cada vez m\u00e1s conectado, medios de pago en maduraci\u00f3n\u2026 Veo un escenario muy alentador para el desarrollo de nuestra industria. Debemos tener en cuenta los desaf\u00edos a los que se enfrenta la industria a nivel mundial y que no difieren en la regi\u00f3n: eficiencia, ahorro de costos, visi\u00f3n de futuro, competencia y la necesidad de proteger los datos de los clientes. En estos puntos Amadeus est\u00e1 constantemente para tener soluciones de vanguardia\u201d, coment\u00f3 <b>Joost Schuring<\/b>. Cabe destacar que el nuevo directivo comenz\u00f3 su carrera en <i>Procter &amp; Gamble<\/i>, en Holanda y despu\u00e9s en Espa\u00f1a. Tras su llegada a <i>Amadeus<\/i>, ocup\u00f3 cargos en la divisi\u00f3n comercial de <i>e-commerce\u00a0 <\/i>y la gerencia de cuentas para las agencias de viajes y l\u00edneas a\u00e9reas. En 2007, trabaj\u00f3 en el \u00e1rea de ventas de distribuci\u00f3n de aerol\u00edneas, particip\u00f3 directamente en los acuerdos de contenidos con IAG, AF\/ KLM y Delta. En 2011, fue transferido a Boston (USA), como vicepresidente de las Am\u00e9ricas de <i>Amadeus Airline Distribution<\/i>, jug\u00f3 un papel clave en los acuerdos con LAN\/TAM, Avianca y Aerom\u00e9xico, entre otros.<\/p>\n<p>\u2730\u2730\u2730\u2730\u2730 Grupo Aeroportuario del Centro Norte \u2013OMA- informa que el Aeropuerto Internacional de Durango dio la bienvenida a la l\u00ednea Transportes A\u00e9reos Regionales -TAR- tras una ceremonia de inauguraci\u00f3n con la presencia del gobernador de Durango, <b>Jorge Herrera Caldera<\/b>, el secretario de Turismo, <b>Jos\u00e9 \u00c1ngel Reinosa Gonz\u00e1lez<\/b>, autoridades municipales, y directivos de TAR y OMA. Con vuelos de ida y vuelta hacia Monterrey y Guadalajara, fue como dio inicio la operaci\u00f3n de la aerol\u00ednea TAR en el aeropuerto de Durango, cubriendo estas dos zonas del pa\u00eds con conexiones sin escalas, son destinos muy demandados por los duranguenses y a los que ahora podr\u00e1n viajar a diario y sin escalas. <b>Reinosa Gonz\u00e1lez<\/b> destac\u00f3 que estos vuelos favorecer\u00e1n la atracci\u00f3n de visitantes y mayores oportunidades para el sector hotelero, restaurantero y comercial. Con la llegada de TAR, el aeropuerto de Durango incrementa su oferta en conexiones directas a diversos destinos regionales del pa\u00eds. El a\u00f1o pasado transport\u00f3 a m\u00e1s de 230 mil pasajeros.<\/p>\n<p>\u2730\u2730\u2730\u2730\u2730\u00a0<i>Mercedes-Benz Fashion Week Mexico powered by American Express<\/i> presentar\u00e1 las colecciones oto\u00f1o\/invierno 2014 con 22 <i>shows<\/i> de los m\u00e1s destacados dise\u00f1adores en el Campo Marte del 1 al 4 de abril. <b>Beatriz Calles<\/b>, directora general del evento dijo: \u201cEs nuestra d\u00e9cimo quinta temporada con las propuestas de moda de 17 de los m\u00e1s reconocidos dise\u00f1adores nacionales, contaremos con representantes de Colombia, Uruguay y Argentina, y talentos emergentes de las Universidades Centro y Jannette Klein, quienes mostrar\u00e1n el trabajo de un grupo de sus estudiantes\u201d. La relaci\u00f3n de <i>Mercedes-Benz<\/i> y la moda tiene un largo recorrido. Desde hace ya m\u00e1s de una d\u00e9cada, cuando decidi\u00f3 apoyar a la moda en varios pa\u00edses y M\u00e9xico no es una excepci\u00f3n. En este evento de moda se ha convertido en la plataforma m\u00e1s vanguardista y en el \u00edcono de las pasarelas de Am\u00e9rica Latina, pues marca tendencia, es innovador, va por delante de los dem\u00e1s, y expresa libremente su concepto est\u00e9tico. Son ya 19 los eventos que se han celebrado semestralmente en las principales ciudades del mundo: Nueva York, Berl\u00edn, Londres, Madrid, Mosc\u00fa, donde la moda se crea desde hace d\u00e9cadas. En M\u00e9xico celebramos la 15\u00aa edici\u00f3n y presentaremos en exclusiva un nuevo lanzamiento que se incorpora al portafolio m\u00e1s amplio y de mayor calidad del mercado. La nueva SUV compacta GLA que entra en un nuevo segmento, el de las SUV compactas de lujo, con una propuesta \u00fanica y magn\u00edfica. Un veh\u00edculo para mujeres y hombres, para el campo y la ciudad, para los d\u00edas laborales y los fines de semana. La GLA es como la moda, belleza y vanguardia. Necesit\u00e1bamos disfrutar de las nuevas ideas de nuestros dise\u00f1adores y el avance de lo que estar\u00e1 de moda el pr\u00f3ximo oto\u00f1o-invierno. Ser\u00e1n d\u00edas magn\u00edficos con la moda mexicana\u201d, afirm\u00f3 <b>Pedro Tabera<\/b>, presidente y director general de <i>Mercedes-Benz M\u00e9xico. <\/i>De igual forma,<i> <\/i><b>Raphaela Berckemeyer<\/b>, vicepresidente de <i>Marketing<\/i> y Publicidad para Tarjetas Personales <i>American Express<\/i>, comenta: \u201cNuestra prioridad es estar presente donde podamos ofrecer experiencias \u00fanicas e inolvidables a nuestros Tarjetahabientes; en esta edici\u00f3n brindaremos beneficios como acceso a nuestro <i>VIP Lounge<\/i>, servicio de bar, retoque de maquillaje y peinado, acceso a eventos alternos como un \u201c<i>Trunk Show\u201d<\/i> con <b>David Salom\u00f3n<\/b> y cocteles especiales para que los invitados puedan tener contacto con los dise\u00f1adores y adquirir las colecciones a meses sin intereses, asesor\u00edas especializadas y accesorios de regalo\u201d. <i>Mercedes-Benz Fashion Week Mexico powered by American Express,<\/i> reafirma su responsabilidad por promover la creaci\u00f3n de marcas y difundir el talento dentro y fuera del pa\u00eds, sumando a Compra Moda Nacional para presentar el primer Pabell\u00f3n Compra Moda Nacional dentro del recinto con m\u00e1s de 30 dise\u00f1adores mexicanos que ofrecer\u00e1n la venta de sus colecciones de la actual temporada. \u201cAdem\u00e1s, gracias al apoyo en conjunto con ProM\u00e9xico contaremos con la presencia de importantes compradores de Francia, interesados en adquirir las propuestas de nuestros dise\u00f1adores\u201d, afirm\u00f3\u00a0 <b>Beatriz Calles<\/b>. Por primera vez, habr\u00e1 el concepto de Foro de Negocios y Conocimiento, para quienes tienen ideas y las quieren hacer realidad; el jueves 3 de abril conferencias enfocadas a distintos aspectos de comercio entre M\u00e9xico-Francia con temas de compatibilidad comercial entre ambos pa\u00edses. El viernes talleres y conferencias en Foro Ciel de la mano de emprendedores y expertos en la industria de la moda. Para m\u00e1s informaci\u00f3n visita www.fashionweek.mx y Mercedes-Benz Fashion Week M\u00e9xico en <i>Facebook<\/i>.<\/p>\n<p><i><em><a href=\"mailto:victoriagprado@gmail.com\" target=\"_blank\">victoriagprado@gmail.com<\/a><\/em><\/i><\/p>\n","protected":false},"excerpt":{"rendered":"<p>Gastron\u00f3mica <i>Expo-Fest 2014<\/i> exhibir\u00e1 la vanguardia de la cocina de Ciudad Ju\u00e1rez, Chihuahua el pr\u00f3ximo viernes 29, en el Centro de Convenciones Cuatro Siglos, ubicado en la Calzada del R\u00edo 8989 esquina con calle Florida, fraccionamiento Quintas Alamedas. <\/p>\n","protected":false},"author":3,"featured_media":167786,"comment_status":"open","ping_status":"open","sticky":false,"template":"","format":"standard","meta":{"_monsterinsights_skip_tracking":false,"_monsterinsights_sitenote_active":false,"_monsterinsights_sitenote_note":"","_monsterinsights_sitenote_category":0,"footnotes":""},"categories":[11],"tags":[9120,574,107,43681,106],"class_list":["post-167698","post","type-post","status-publish","format-standard","has-post-thumbnail","hentry","category-turismo","tag-american-express","tag-ciudad-juarez","tag-de-cinco-estrellas","tag-turismo","tag-victoria-gonzalez-prado"],"_links":{"self":[{"href":"https:\/\/www.diarioimagen.net\/index.php?rest_route=\/wp\/v2\/posts\/167698","targetHints":{"allow":["GET"]}}],"collection":[{"href":"https:\/\/www.diarioimagen.net\/index.php?rest_route=\/wp\/v2\/posts"}],"about":[{"href":"https:\/\/www.diarioimagen.net\/index.php?rest_route=\/wp\/v2\/types\/post"}],"author":[{"embeddable":true,"href":"https:\/\/www.diarioimagen.net\/index.php?rest_route=\/wp\/v2\/users\/3"}],"replies":[{"embeddable":true,"href":"https:\/\/www.diarioimagen.net\/index.php?rest_route=%2Fwp%2Fv2%2Fcomments&post=167698"}],"version-history":[{"count":0,"href":"https:\/\/www.diarioimagen.net\/index.php?rest_route=\/wp\/v2\/posts\/167698\/revisions"}],"wp:featuredmedia":[{"embeddable":true,"href":"https:\/\/www.diarioimagen.net\/index.php?rest_route=\/wp\/v2\/media\/167786"}],"wp:attachment":[{"href":"https:\/\/www.diarioimagen.net\/index.php?rest_route=%2Fwp%2Fv2%2Fmedia&parent=167698"}],"wp:term":[{"taxonomy":"category","embeddable":true,"href":"https:\/\/www.diarioimagen.net\/index.php?rest_route=%2Fwp%2Fv2%2Fcategories&post=167698"},{"taxonomy":"post_tag","embeddable":true,"href":"https:\/\/www.diarioimagen.net\/index.php?rest_route=%2Fwp%2Fv2%2Ftags&post=167698"}],"curies":[{"name":"wp","href":"https:\/\/api.w.org\/{rel}","templated":true}]}}