{"id":167706,"date":"2014-03-24T00:07:36","date_gmt":"2014-03-24T06:07:36","guid":{"rendered":"http:\/\/www.diarioimagen.net\/?p=167706"},"modified":"2014-03-24T01:09:22","modified_gmt":"2014-03-24T07:09:22","slug":"congreso-a-las-carreras","status":"publish","type":"post","link":"https:\/\/www.diarioimagen.net\/?p=167706","title":{"rendered":"Congreso a las carreras"},"content":{"rendered":"<h2>Tras la puerta del poder<\/h2>\n<h5>Roberto Vizca\u00edno<\/h5>\n<p>&nbsp;<\/p>\n<ul>\n<li><em><strong>Casi llega abril y las iniciativas de leyes secundarias de las grandes reformas no arriban a las c\u00e1maras<\/strong><\/em><\/li>\n<li><em><strong>Beltrones y Gamboa destacan la capacidad de di\u00e1logo y acuerdo en el Legislativo\u00a0<\/strong><\/em><\/li>\n<li><em><strong>Los alcaldes panistas exigen aclarar pronto la ejecuci\u00f3n de Gustavo Garibay\u00a0\u00a0<\/strong><\/em><\/li>\n<\/ul>\n<div id=\"attachment_167790\" style=\"width: 250px\" class=\"wp-caption alignleft\"><a href=\"http:\/\/www.diarioimagen.net\/wp-content\/uploads\/2014\/03\/pa-reventar-LUIS-XAVIER-2319.jpg\"><img loading=\"lazy\" decoding=\"async\" aria-describedby=\"caption-attachment-167790\" class=\"size-medium wp-image-167790\" alt=\"Pa'reventar\u2026 | Luis Xavier\" src=\"http:\/\/www.diarioimagen.net\/wp-content\/uploads\/2014\/03\/pa-reventar-LUIS-XAVIER-2319-240x185.jpg\" width=\"240\" height=\"185\" srcset=\"https:\/\/www.diarioimagen.net\/wp-content\/uploads\/2014\/03\/pa-reventar-LUIS-XAVIER-2319-240x185.jpg 240w, https:\/\/www.diarioimagen.net\/wp-content\/uploads\/2014\/03\/pa-reventar-LUIS-XAVIER-2319-420x324.jpg 420w, https:\/\/www.diarioimagen.net\/wp-content\/uploads\/2014\/03\/pa-reventar-LUIS-XAVIER-2319.jpg 700w\" sizes=\"auto, (max-width: 240px) 100vw, 240px\" \/><\/a><p id=\"caption-attachment-167790\" class=\"wp-caption-text\">Pa&#8217;reventar\u2026 | Luis Xavier<\/p><\/div>\n<p>Para efectos pr\u00e1cticos a senadores y diputados ya se les fue en blanco febrero y marzo, y luego de las tres sesiones de esta semana, llegar\u00e1 el tercer y \u00faltimo mes del actual per\u00edodo sin que hayan sido aprobadas las leyes secundarias de las reformas m\u00e1s importantes en M\u00e9xico.<\/p>\n<p>\u00bfQu\u00e9 pasa ah\u00ed? Pues que el presidente\u00a0 Enrique Pe\u00f1a Nieto no ha enviado los proyectos de estas leyes secundarias y en el Congreso no hay materia para legislar.<\/p>\n<p>En este contexto, el presidente del PRI, el doctor C\u00e9sar Camacho -acompa\u00f1ado por los coordinadores parlamentarios de este partido en San L\u00e1zaro, Manlio Fabio Beltrones y en el Senado, Emilio Gamboa-, encabezar\u00e1 esta tarde una conferencia de prensa para explicar la iniciativa de ley secundaria de la reforma pol\u00edtico-electoral que presentar\u00e1 este partido ante el Congreso de la Uni\u00f3n.<\/p>\n<p>Por lo dem\u00e1s el resto de las iniciativas de ley secundarias de las reformas siguen en espera.<\/p>\n<p>Ma\u00f1ana, la Comisi\u00f3n de Econom\u00eda presentar\u00e1 al pleno la iniciativa de Ley Federal de Competencia Econ\u00f3mica que contiene importantes modificaciones.<\/p>\n<p>Al hablar de eso, el coordinador de los diputados del PRI, el sonorense Manlio Fabio Beltrones, indic\u00f3 que con este procedimiento se espera concluir el tr\u00e1mite de la reforma de competencia econ\u00f3mica, \u201ccon cero discrecionalidad\u201d.<\/p>\n<p>Se trata, dijo, de construir un instrumento jur\u00eddico que garantice plenamente la certeza legal de los llamados agentes econ\u00f3micos, que no inhiba la inversi\u00f3n ni la innovaci\u00f3n y que mejore la calidad y el precio de los bienes y servicios en beneficio del consumidor, del crecimiento econ\u00f3mico y el empleo.<\/p>\n<p>La pol\u00edtica de competencia, as\u00ed como su marco regulatorio, indic\u00f3, deben ser un medio para promover la eficiencia econ\u00f3mica de los mercados, no un instrumento discrecional de control gubernamental que restrinja la actividad econ\u00f3mica y castigue el \u00e9xito de las empresas.<\/p>\n<p>Por eso las modificaciones hechas por la Comisi\u00f3n de Econom\u00eda a la iniciativa de ley propuesta por el Ejecutivo federal, coment\u00f3, se realizaron despu\u00e9s de conocer la opini\u00f3n de los sectores productivos y de los especialistas, expresada en un foro realizado en la C\u00e1mara de Diputados.<\/p>\n<p>Es por eso que el dictamen que ser\u00e1 presentado ma\u00f1ana al pleno, dijo Beltrones, fortalece la certeza jur\u00eddica de los agentes econ\u00f3micos con garant\u00edas esenciales en los procedimientos de la Comisi\u00f3n Federal de Competencia Econ\u00f3mica.<\/p>\n<p>Se buscar\u00e1, indic\u00f3, que haya una justicia expedita que evite juicios prolongados con condiciones suficientes para garantizar un debido proceso.<\/p>\n<p>De ah\u00ed que se han anulado conceptos y m\u00e9todos regulatorios que pod\u00edan dar lugar a actos de discrecionalidad de la autoridad y se ha procurado no afectar la capacidad productiva de las empresas en los diversos procedimientos de la COFECE.<\/p>\n<p>El objetivo estrat\u00e9gico, explic\u00f3 Beltrones, es que sus medidas y resoluciones generen incrementos en la eficiencia de los mercados y no inhiban las innovaciones que realizan las empresas para desarrollarse en mercados -locales y globales- que son sumamente competitivos.<\/p>\n<p>El fin \u00faltimo, concluy\u00f3, es el de promover la creaci\u00f3n de riqueza y elevar la productividad y la competitividad del aparato productivo, que junto con el tema de la energ\u00eda, son claves para\u00a0 beneficiar a los consumidores y la econom\u00eda de las familias.<\/p>\n<p>Con todo lo anterior ser\u00e1 factible crecer a tasas sostenidas y generar empleos de calidad.<\/p>\n<p>A pesar del clima de crispaci\u00f3n pol\u00edtica que lamentablemente vivimos, coment\u00f3, confiamos en lograr acuerdos con la mayor\u00eda parlamentaria para continuar impulsando las reformas necesarias y la transformaci\u00f3n del pa\u00eds, concluy\u00f3 el l\u00edder parlamentario.<\/p>\n<p align=\"center\"><strong>\u00a0EN EL SENADO<\/strong><\/p>\n<p>En armon\u00eda con lo anterior, el coordinador de los senadores del PRI, el yucateco Emilio Gamboa indic\u00f3 que su grupo continuar\u00e1 impulsando el di\u00e1logo,\u00a0 la concertaci\u00f3n y la pol\u00edtica, para aprobar las reformas pendientes.<\/p>\n<p>Si algo ha caracterizado a la presente legislatura, dijo, es su capacidad para lograr acuerdos.<\/p>\n<p>De ah\u00ed han salido las aprobaciones a leyes como el C\u00f3digo Nacional de Procedimientos Penales; Contra la Trata de Personas; de Consulta Popular y\u00a0 para Democratizar el Conocimiento Cient\u00edfico o la que busca favorecer al campo.<\/p>\n<p>\u201cSon 50 millones de mexicanos en la pobreza, lo que nos habla de la necesidad de cambios profundos y de la aportaci\u00f3n de todos los sectores de la poblaci\u00f3n\u2026<\/p>\n<p>\u201cPrivilegiar la pol\u00edtica de alto nivel nos ha permitido llegar a las mayor\u00edas calificadas del Senado para reformar nuestra Constituci\u00f3n\u2026<\/p>\n<p>estamos\u00a0 convencidos de que en las pr\u00f3ximas semanas prevalecer\u00e1 la\u00a0 misma voluntad entre las distintas fuerzas pol\u00edticas para sacar adelante las reformas secundarias que faltan\u2026<\/p>\n<p>\u201cLo que est\u00e1 en juego es, ni m\u00e1s ni menos, la materializaci\u00f3n de los beneficios de las reformas constitucionales, porque la gente ya no puede esperar m\u00e1s. No podemos seguir negando oportunidades a nuestros j\u00f3venes, no debemos conjurar las posibilidades de desarrollo nacional\u201d, subray\u00f3.<\/p>\n<p>En cuanto al retraso del env\u00edo de las iniciativas de leyes secundarias, Gamboa coment\u00f3 que \u201cque cuando hay voluntad pol\u00edtica para responder a las demandas de la sociedad, siempre hay tiempo suficiente\u201d.<\/p>\n<p>Pero consider\u00f3 que las condiciones en que se recibir\u00e1n estas iniciativas y se trabajar\u00e1 dentro de las comisiones correspondientes en el Congreso, requerir\u00e1n de un esfuerzo muy intenso \u201cpara no desaprovechar la oportunidad de traducir las reformas constitucionales ya hechas, en cambios que beneficien directamente a los mexicanos\u201d.<\/p>\n<p align=\"center\"><strong>\u00a0ALCALDES RECLAMAN SEGURIDAD<\/strong><\/p>\n<p>Luego de la ejecuci\u00f3n del alcalde panista de Tanhuato, Michoac\u00e1n, Gustavo Garibay, un pol\u00edtico surgido de la migraci\u00f3n y muy cercano a la ahora senadora Luisa Mar\u00eda \u201cLa Cocoa\u201d Calder\u00f3n, hermana del ex presidente Felipe Calder\u00f3n, la Asociaci\u00f3n Nacional de Alcaldes AC, la ANAC, que concentra a los presidentes municipales de extracci\u00f3n blanquiazul, exigieron al Gobierno del presidente Enrique Pe\u00f1a Nieto una inmediata aclaraci\u00f3n de este crimen.<\/p>\n<p>La agrupaci\u00f3n de alcaldes panista, indic\u00f3 en un comunicado que este crimen obliga a las autoridades de los tres \u00f3rdenes de gobierno, sin importar colores e ideolog\u00edas, a una inmediata implementaci\u00f3n de protocolos eficaces, a trav\u00e9s de los cuales se brinde la seguridad necesaria en las zonas m\u00e1s vulnerables del territorio nacional.<\/p>\n<p>En una primera declaraci\u00f3n al respecto, el gobernador Fausto Vallejo indic\u00f3 que el presidente municipal ejecutado no ten\u00eda guardias de seguridad porque el gobierno estatal se las propuso pero \u00e9l las rechaz\u00f3. Esta versi\u00f3n fue refutada por la dirigencia del PAN estatal, la que indic\u00f3 que fue el gobierno estatal quien le retir\u00f3 unilateralmente el 28 de agosto pasado las escoltas que le hab\u00eda asignado.<\/p>\n<p>Y es que Gustavo Garibay hab\u00eda sufri\u00f3 un atentado el 31 de octubre de 2012 del que se salv\u00f3 milagrosamente luego de ser trasladado en helic\u00f3ptero a Morelia para su r\u00e1pida atenci\u00f3n m\u00e9dica.<\/p>\n<p>Ayer su muerte fue casi inmediata al recibir 18 impactos de bala.<\/p>\n<p align=\"center\"><strong>\u00a0CERTIFICACIONES<\/strong><\/p>\n<p>En espera de que en pronto todas las instalaciones hoteleras del pa\u00eds, as\u00ed como los ayuntamientos reconocidos con vocaci\u00f3n tur\u00edstica cuenten con un Certificado de Calidad Ambiental Tur\u00edstica, la Secretaria de Turismo, Claudia Ruiz Massieu; el Secretario del Medio Ambiente y Recursos Naturales, Juan Jos\u00e9 Guerra Abud y el Procurador Federal de Protecci\u00f3n al Ambiente, Guillermo Haro B\u00e9lchez, suscribieron un convenio de coordinaci\u00f3n para promover y difundir\u00a0 los beneficios de los reconocimientos y certificaciones que otorgan.<\/p>\n<p>Un importante segmento tur\u00edstico \u2013sobre todo el proveniente de Europa-, busca cada vez m\u00e1s llegar a sitios con certificaci\u00f3n de alta calidad ambiental.<\/p>\n<p>Es por ello que Sectur, la Semarnat y Profepa quieren impulsar la cultura de la certificaci\u00f3n medioambiental en centros tur\u00edsticos mexicanos.<\/p>\n<p><em><a href=\"mailto:rvizcainoa@gmail.com\">rvizcainoa@gmail.com<\/a><\/em><\/p>\n","protected":false},"excerpt":{"rendered":"<p><span style=\"color: #005497;\"><strong>Roberto Vizca\u00edno<\/strong><\/span><br \/>\n<br \/>\nPara efectos pr\u00e1cticos a senadores y diputados ya se les fue en blanco febrero y marzo, y luego de las tres sesiones de esta semana, llegar\u00e1 el tercer y \u00faltimo mes del actual per\u00edodo sin que hayan sido aprobadas las leyes secundarias de las reformas m\u00e1s importantes en M\u00e9xico.  <\/p>\n","protected":false},"author":3,"featured_media":167790,"comment_status":"open","ping_status":"open","sticky":false,"template":"","format":"standard","meta":{"_monsterinsights_skip_tracking":false,"_monsterinsights_sitenote_active":false,"_monsterinsights_sitenote_note":"","_monsterinsights_sitenote_category":0,"footnotes":""},"categories":[136],"tags":[18,31401,44,43674,93,2865,94],"class_list":["post-167706","post","type-post","status-publish","format-standard","has-post-thumbnail","hentry","category-roberto-vizcaino-opinion","tag-enrique-pena-nieto","tag-gustavo-garibay-garcia","tag-mexico","tag-opinion","tag-roberto-vizcaino","tag-sectur","tag-tras-la-puerta-del-poder"],"_links":{"self":[{"href":"https:\/\/www.diarioimagen.net\/index.php?rest_route=\/wp\/v2\/posts\/167706","targetHints":{"allow":["GET"]}}],"collection":[{"href":"https:\/\/www.diarioimagen.net\/index.php?rest_route=\/wp\/v2\/posts"}],"about":[{"href":"https:\/\/www.diarioimagen.net\/index.php?rest_route=\/wp\/v2\/types\/post"}],"author":[{"embeddable":true,"href":"https:\/\/www.diarioimagen.net\/index.php?rest_route=\/wp\/v2\/users\/3"}],"replies":[{"embeddable":true,"href":"https:\/\/www.diarioimagen.net\/index.php?rest_route=%2Fwp%2Fv2%2Fcomments&post=167706"}],"version-history":[{"count":0,"href":"https:\/\/www.diarioimagen.net\/index.php?rest_route=\/wp\/v2\/posts\/167706\/revisions"}],"wp:featuredmedia":[{"embeddable":true,"href":"https:\/\/www.diarioimagen.net\/index.php?rest_route=\/wp\/v2\/media\/167790"}],"wp:attachment":[{"href":"https:\/\/www.diarioimagen.net\/index.php?rest_route=%2Fwp%2Fv2%2Fmedia&parent=167706"}],"wp:term":[{"taxonomy":"category","embeddable":true,"href":"https:\/\/www.diarioimagen.net\/index.php?rest_route=%2Fwp%2Fv2%2Fcategories&post=167706"},{"taxonomy":"post_tag","embeddable":true,"href":"https:\/\/www.diarioimagen.net\/index.php?rest_route=%2Fwp%2Fv2%2Ftags&post=167706"}],"curies":[{"name":"wp","href":"https:\/\/api.w.org\/{rel}","templated":true}]}}