{"id":167856,"date":"2014-03-25T00:03:52","date_gmt":"2014-03-25T06:03:52","guid":{"rendered":"http:\/\/www.diarioimagen.net\/?p=167856"},"modified":"2014-03-26T03:13:55","modified_gmt":"2014-03-26T09:13:55","slug":"denuncian-a-poire-y-g-luna-por-falsa-muerte-de-el-chayo","status":"publish","type":"post","link":"https:\/\/www.diarioimagen.net\/?p=167856","title":{"rendered":"Denuncian a  Poir\u00e9 Romero y Garc\u00eda Luna por falsa muerte de <i>El Chayo<\/i>"},"content":{"rendered":"<ul>\n<li><em><strong>Falsedad de declaraciones, coalici\u00f3n de servidores y ejercicio indebido del servicio p\u00fablico, los cargos<\/strong><\/em><\/li>\n<\/ul>\n<div id=\"attachment_167857\" style=\"width: 250px\" class=\"wp-caption alignleft\"><img loading=\"lazy\" decoding=\"async\" aria-describedby=\"caption-attachment-167857\" class=\"size-medium wp-image-167857 \" alt=\"Las declaraciones que el 10 de diciembre de 2010 hizo Poir\u00e9 como titular de la secretar\u00eda T\u00e9cnica del Consejo de Seguridad Nacional, en las que afirm\u00f3 que el gobierno federal contaba con indicios aportados por la Polic\u00eda Federal (a cargo de Garc\u00eda Luna) de que Nazario Moreno Gonz\u00e1lez, El Chayo, hab\u00eda muerto durante un enfrentamiento con polic\u00edas en Apatzing\u00e1n, Michoac\u00e1n.\" src=\"http:\/\/www.diarioimagen.net\/wp-content\/uploads\/2014\/03\/poire-portal-240x135.jpg\" width=\"240\" height=\"135\" srcset=\"https:\/\/www.diarioimagen.net\/wp-content\/uploads\/2014\/03\/poire-portal-240x135.jpg 240w, https:\/\/www.diarioimagen.net\/wp-content\/uploads\/2014\/03\/poire-portal-420x236.jpg 420w, https:\/\/www.diarioimagen.net\/wp-content\/uploads\/2014\/03\/poire-portal-235x132.jpg 235w, https:\/\/www.diarioimagen.net\/wp-content\/uploads\/2014\/03\/poire-portal-202x114.jpg 202w, https:\/\/www.diarioimagen.net\/wp-content\/uploads\/2014\/03\/poire-portal-350x196.jpg 350w, https:\/\/www.diarioimagen.net\/wp-content\/uploads\/2014\/03\/poire-portal-220x123.jpg 220w, https:\/\/www.diarioimagen.net\/wp-content\/uploads\/2014\/03\/poire-portal-237x132.jpg 237w, https:\/\/www.diarioimagen.net\/wp-content\/uploads\/2014\/03\/poire-portal.jpg 480w\" sizes=\"auto, (max-width: 240px) 100vw, 240px\" \/><p id=\"caption-attachment-167857\" class=\"wp-caption-text\">El ex secretario de Gobernaci\u00f3n, Alejandro Poir\u00e9, fue demandado por diputados del PRD.<\/p><\/div>\n<p>Diputados del PRD denunciaron penalmente a Alejandro Poir\u00e9 Romero y Genaro Garc\u00eda Luna, ex secretarios de Gobernaci\u00f3n y de Seguridad P\u00fablica Federal, respectivamente, por presunta falsedad de declaraciones, coalici\u00f3n de servidores p\u00fablicos y ejercicio indebido del servicio p\u00fablico.<\/p>\n<p>La diputada Aleyda Alav\u00e9s explic\u00f3 que esta querella deriv\u00f3 de las declaraciones que el 10 de diciembre de 2010 hizo Poir\u00e9 como titular de la secretar\u00eda T\u00e9cnica del Consejo de Seguridad Nacional, en las que afirm\u00f3 que el gobierno federal contaba con indicios aportados por la Polic\u00eda Federal (a cargo de Garc\u00eda Luna) de que Nazario Moreno Gonz\u00e1lez<i> El Chayo<\/i>, hab\u00eda muerto durante un enfrentamiento con polic\u00edas en Apatzing\u00e1n, Michoac\u00e1n.<\/p>\n<p>En conferencia de prensa, en las instalaciones de la PGR, la legisladora explic\u00f3 que luego de que el actual gobierno federal diera a conocer la reciente muerte de <i>El Chayo<\/i>, qued\u00f3 plenamente acreditada la responsabilidad penal de Garc\u00eda Luna y de Poir\u00e9 en los delitos mencionados, por lo que la Procuradur\u00eda General de la Rep\u00fablica debe investigar los motivos que llevaron a estos ex funcionarios calderonistas a mentir.<\/p>\n<p>Hace unos d\u00edas, diputados del PRD y del PAN plantearon que los funcionarios que formaron el gabinete de seguridad de Felipe Calder\u00f3n deb\u00edan explicar por qu\u00e9 se difundi\u00f3 informaci\u00f3n falsa sobre la supuesta muerte de Nazario Moreno Gonz\u00e1lez, en diciembre de 2010.<\/p>\n<p>En tono humor\u00edstico, el coordinador del PRD, Silvano Aureoles, sostuvo que esta vez, en relaci\u00f3n con <i>El Chayo<\/i>, las fuerzas federales abatieron \u201ca un muerto vivo. En efecto, no estaba muerto andaba de parranda, era su cumplea\u00f1os, se ve que festejaba bien este se\u00f1or\u201d.<\/p>\n<p>Adem\u00e1s, Aureoles Conejo consider\u00f3 un acierto de las fuerzas federales que este personaje resultara muerto en un enfrentamiento con militares y marinos en Tumbiscat\u00edo, Michoac\u00e1n.<\/p>\n<p>Resalt\u00f3 que es uno m\u00e1s de los resultados de la intervenci\u00f3n federal en el estado y plante\u00f3 que lo fundamental era que la violencia disminu\u00eda gracias a la intervenci\u00f3n de la sociedad y, espec\u00edficamente de las autodefensas.<\/p>\n<p>Por su parte, el coordinador del PAN, Luis Alberto Villarreal, sostuvo que el ex secretario de Gobernaci\u00f3n, Alejandro Poir\u00e9, deb\u00eda aclarar con certeza por qu\u00e9, en aquella ocasi\u00f3n, asegur\u00f3 que hab\u00eda informaci\u00f3n suficiente para declarar que Nazario Moreno hab\u00eda muerto. \u201cQue sean los funcionarios (del gobierno de Calder\u00f3n) quienes den la explicaci\u00f3n pertinente, no yo\u201d, dijo en respuesta a preguntas respecto de que fue una administraci\u00f3n del PAN la que, en el marco de la guerra declarada contra la delincuencia organizada, asegur\u00f3 hace casi cuatro a\u00f1os que ese presunto delincuente hab\u00eda muerto.<\/p>\n","protected":false},"excerpt":{"rendered":"<p>Diputados del PRD denunciaron penalmente a Alejandro Poir\u00e9 Romero y Genaro Garc\u00eda Luna, ex secretarios de Gobernaci\u00f3n y de Seguridad P\u00fablica Federal, respectivamente, por presunta falsedad de declaraciones, coalici\u00f3n de servidores p\u00fablicos y ejercicio indebido del servicio p\u00fablico.<\/p>\n","protected":false},"author":5,"featured_media":167857,"comment_status":"open","ping_status":"open","sticky":false,"template":"","format":"standard","meta":{"_monsterinsights_skip_tracking":false,"_monsterinsights_sitenote_active":false,"_monsterinsights_sitenote_note":"","_monsterinsights_sitenote_category":0,"footnotes":""},"categories":[17,3],"tags":[4981,12032,9978,707,43673,211],"class_list":["post-167856","post","type-post","status-publish","format-standard","has-post-thumbnail","hentry","category-especiales","category-nacional","tag-alejandro-poire","tag-alejandro-poire-romero","tag-el-chayo","tag-genaro-garcia-luna","tag-nacional","tag-prd"],"_links":{"self":[{"href":"https:\/\/www.diarioimagen.net\/index.php?rest_route=\/wp\/v2\/posts\/167856","targetHints":{"allow":["GET"]}}],"collection":[{"href":"https:\/\/www.diarioimagen.net\/index.php?rest_route=\/wp\/v2\/posts"}],"about":[{"href":"https:\/\/www.diarioimagen.net\/index.php?rest_route=\/wp\/v2\/types\/post"}],"author":[{"embeddable":true,"href":"https:\/\/www.diarioimagen.net\/index.php?rest_route=\/wp\/v2\/users\/5"}],"replies":[{"embeddable":true,"href":"https:\/\/www.diarioimagen.net\/index.php?rest_route=%2Fwp%2Fv2%2Fcomments&post=167856"}],"version-history":[{"count":0,"href":"https:\/\/www.diarioimagen.net\/index.php?rest_route=\/wp\/v2\/posts\/167856\/revisions"}],"wp:featuredmedia":[{"embeddable":true,"href":"https:\/\/www.diarioimagen.net\/index.php?rest_route=\/wp\/v2\/media\/167857"}],"wp:attachment":[{"href":"https:\/\/www.diarioimagen.net\/index.php?rest_route=%2Fwp%2Fv2%2Fmedia&parent=167856"}],"wp:term":[{"taxonomy":"category","embeddable":true,"href":"https:\/\/www.diarioimagen.net\/index.php?rest_route=%2Fwp%2Fv2%2Fcategories&post=167856"},{"taxonomy":"post_tag","embeddable":true,"href":"https:\/\/www.diarioimagen.net\/index.php?rest_route=%2Fwp%2Fv2%2Ftags&post=167856"}],"curies":[{"name":"wp","href":"https:\/\/api.w.org\/{rel}","templated":true}]}}