{"id":167859,"date":"2014-03-24T23:45:09","date_gmt":"2014-03-25T05:45:09","guid":{"rendered":"http:\/\/www.diarioimagen.net\/?p=167859"},"modified":"2014-03-26T03:15:38","modified_gmt":"2014-03-26T09:15:38","slug":"cordova-y-banos-en-lista-por-presidencia-del-ine","status":"publish","type":"post","link":"https:\/\/www.diarioimagen.net\/?p=167859","title":{"rendered":"C\u00f3rdova y Ba\u00f1os, en lista por presidencia del INE"},"content":{"rendered":"<ul>\n<li><em><strong>Cuatro de los once nuevos consejeros, incluido el presidente, ser\u00e1n designados para un periodo de nueve a\u00f1os<\/strong><\/em><\/li>\n<\/ul>\n<div id=\"attachment_167860\" style=\"width: 250px\" class=\"wp-caption alignleft\"><img loading=\"lazy\" decoding=\"async\" aria-describedby=\"caption-attachment-167860\" class=\"size-medium wp-image-167860  \" alt=\"Record\u00f3 que los integrantes del INE deber\u00e1n ser designados por el pleno camaral a m\u00e1s tardar el pr\u00f3ximo 8 de abril, pues de lo contrario ser\u00e1n insaculados de entre las listas le\u00eddas este lunes.\" src=\"http:\/\/www.diarioimagen.net\/wp-content\/uploads\/2014\/03\/ife-portal-240x135.jpg\" width=\"240\" height=\"135\" srcset=\"https:\/\/www.diarioimagen.net\/wp-content\/uploads\/2014\/03\/ife-portal-240x135.jpg 240w, https:\/\/www.diarioimagen.net\/wp-content\/uploads\/2014\/03\/ife-portal-420x236.jpg 420w, https:\/\/www.diarioimagen.net\/wp-content\/uploads\/2014\/03\/ife-portal-235x132.jpg 235w, https:\/\/www.diarioimagen.net\/wp-content\/uploads\/2014\/03\/ife-portal-202x114.jpg 202w, https:\/\/www.diarioimagen.net\/wp-content\/uploads\/2014\/03\/ife-portal-350x196.jpg 350w, https:\/\/www.diarioimagen.net\/wp-content\/uploads\/2014\/03\/ife-portal-220x123.jpg 220w, https:\/\/www.diarioimagen.net\/wp-content\/uploads\/2014\/03\/ife-portal-237x132.jpg 237w, https:\/\/www.diarioimagen.net\/wp-content\/uploads\/2014\/03\/ife-portal.jpg 480w\" sizes=\"auto, (max-width: 240px) 100vw, 240px\" \/><p id=\"caption-attachment-167860\" class=\"wp-caption-text\">Marco Antonio Ba\u00f1os Mart\u00ednez es uno de los finalistas para presidir el Instituto Nacional Electoral, que reemplaza al IFE.<\/p><\/div>\n<p>La Junta de Coordinaci\u00f3n Pol\u00edtica de la C\u00e1mara de Diputados dio a conocer las once listas con 55 aspirantes al Consejo General del Instituto Nacional Electoral (INE).<\/p>\n<p>Como candidatos a la presidencia del nuevo organismo destacan los nombres de los actuales consejeros electorales Marco Antonio Ba\u00f1os y Lorenzo C\u00f3rdova, as\u00ed como los de Edmundo Jacobo Molina (secretario ejecutivo del IFE), Mar\u00eda de los \u00c1ngeles Llanderal y Leticia Catalina Soto.<\/p>\n<p>El coordinador de los diputados del PRI, Manlio Fabio Beltrones, reconoci\u00f3 el profesionalismo del Comit\u00e9 T\u00e9cnico de Evaluaci\u00f3n encargado de integrar las quintetas y expres\u00f3 el compromiso de trabajar con las otras fracciones en la construcci\u00f3n de los consensos para elegir a los consejeros electorales con al menos dos terceras partes de la votaci\u00f3n en el pleno.<\/p>\n<p>Record\u00f3 que los integrantes del INE deber\u00e1n ser designados por el pleno camaral a m\u00e1s tardar el pr\u00f3ximo 8 de abril, pues de lo contrario ser\u00e1n insaculados de entre las listas le\u00eddas ayer.<\/p>\n<p>Cuatro de los once nuevos consejeros, incluido el presidente del INE, ser\u00e1n designados para un periodo de nueve a\u00f1os; cuatro, para seis a\u00f1os, y los restantes tres, para tres a\u00f1os.<\/p>\n<p>Apenas el d\u00eda 14, el Comit\u00e9 T\u00e9cnico de Evaluaci\u00f3n hab\u00eda reducido de 307 a 71 la lista de aspirantes para ocupar uno de los once cargos dentro del Consejo General del Instituto del INE.<\/p>\n","protected":false},"excerpt":{"rendered":"<p>La Junta de Coordinaci\u00f3n Pol\u00edtica de la C\u00e1mara de Diputados dio a conocer las once listas con 55 aspirantes al Consejo General del Instituto Nacional Electoral (INE).<\/p>\n","protected":false},"author":5,"featured_media":167860,"comment_status":"open","ping_status":"open","sticky":false,"template":"","format":"standard","meta":{"_monsterinsights_skip_tracking":false,"_monsterinsights_sitenote_active":false,"_monsterinsights_sitenote_note":"","_monsterinsights_sitenote_category":0,"footnotes":""},"categories":[17,3],"tags":[1843,29347,43673],"class_list":["post-167859","post","type-post","status-publish","format-standard","has-post-thumbnail","hentry","category-especiales","category-nacional","tag-ife","tag-ine","tag-nacional"],"_links":{"self":[{"href":"https:\/\/www.diarioimagen.net\/index.php?rest_route=\/wp\/v2\/posts\/167859","targetHints":{"allow":["GET"]}}],"collection":[{"href":"https:\/\/www.diarioimagen.net\/index.php?rest_route=\/wp\/v2\/posts"}],"about":[{"href":"https:\/\/www.diarioimagen.net\/index.php?rest_route=\/wp\/v2\/types\/post"}],"author":[{"embeddable":true,"href":"https:\/\/www.diarioimagen.net\/index.php?rest_route=\/wp\/v2\/users\/5"}],"replies":[{"embeddable":true,"href":"https:\/\/www.diarioimagen.net\/index.php?rest_route=%2Fwp%2Fv2%2Fcomments&post=167859"}],"version-history":[{"count":0,"href":"https:\/\/www.diarioimagen.net\/index.php?rest_route=\/wp\/v2\/posts\/167859\/revisions"}],"wp:featuredmedia":[{"embeddable":true,"href":"https:\/\/www.diarioimagen.net\/index.php?rest_route=\/wp\/v2\/media\/167860"}],"wp:attachment":[{"href":"https:\/\/www.diarioimagen.net\/index.php?rest_route=%2Fwp%2Fv2%2Fmedia&parent=167859"}],"wp:term":[{"taxonomy":"category","embeddable":true,"href":"https:\/\/www.diarioimagen.net\/index.php?rest_route=%2Fwp%2Fv2%2Fcategories&post=167859"},{"taxonomy":"post_tag","embeddable":true,"href":"https:\/\/www.diarioimagen.net\/index.php?rest_route=%2Fwp%2Fv2%2Ftags&post=167859"}],"curies":[{"name":"wp","href":"https:\/\/api.w.org\/{rel}","templated":true}]}}