{"id":167862,"date":"2014-03-25T00:09:17","date_gmt":"2014-03-25T06:09:17","guid":{"rendered":"http:\/\/www.diarioimagen.net\/?p=167862"},"modified":"2014-03-25T02:37:22","modified_gmt":"2014-03-25T08:37:22","slug":"retienen-la-pgr-al-dueno-de-oceanografia","status":"publish","type":"post","link":"https:\/\/www.diarioimagen.net\/?p=167862","title":{"rendered":"En manos de la PGR, el due\u00f1o de Oceanograf\u00eda"},"content":{"rendered":"<ul>\n<li><em><strong>Un juez federal concedi\u00f3 el arraigo de 40 d\u00edas solicitado por la dependencia<\/strong><\/em><\/li>\n<\/ul>\n<div id=\"attachment_167863\" style=\"width: 250px\" class=\"wp-caption alignleft\"><img loading=\"lazy\" decoding=\"async\" aria-describedby=\"caption-attachment-167863\" class=\"size-medium wp-image-167863 \" alt=\"Amado Y\u00e1\u00f1ez \u201ccompareci\u00f3 por su propia voluntad ante la autoridad ministerial\u201d y rindi\u00f3 declaraci\u00f3n acompa\u00f1ado de sus abogados, dijo. \" src=\"http:\/\/www.diarioimagen.net\/wp-content\/uploads\/2014\/03\/amado-portal1-240x135.jpg\" width=\"240\" height=\"135\" srcset=\"https:\/\/www.diarioimagen.net\/wp-content\/uploads\/2014\/03\/amado-portal1-240x135.jpg 240w, https:\/\/www.diarioimagen.net\/wp-content\/uploads\/2014\/03\/amado-portal1-420x236.jpg 420w, https:\/\/www.diarioimagen.net\/wp-content\/uploads\/2014\/03\/amado-portal1-235x132.jpg 235w, https:\/\/www.diarioimagen.net\/wp-content\/uploads\/2014\/03\/amado-portal1-202x114.jpg 202w, https:\/\/www.diarioimagen.net\/wp-content\/uploads\/2014\/03\/amado-portal1-350x196.jpg 350w, https:\/\/www.diarioimagen.net\/wp-content\/uploads\/2014\/03\/amado-portal1-220x123.jpg 220w, https:\/\/www.diarioimagen.net\/wp-content\/uploads\/2014\/03\/amado-portal1-237x132.jpg 237w, https:\/\/www.diarioimagen.net\/wp-content\/uploads\/2014\/03\/amado-portal1.jpg 480w\" sizes=\"auto, (max-width: 240px) 100vw, 240px\" \/><p id=\"caption-attachment-167863\" class=\"wp-caption-text\">Amado Y\u00e1\u00f1ez Osuna, propietario de la empresa Oceanograf\u00eda, tiene s\u00f3lo calidad de presentado ante la PGR.<\/p><\/div>\n<p>La Procuradur\u00eda General de la Rep\u00fablica hab\u00eda retenido, en calidad de presentado, a Amado Y\u00e1nez Osuna, principal accionista de la firma Oceanograf\u00eda, empresa proveedora de Pemex que es investigada por un presunto fraude en contra de Banamex, inform\u00f3 la dependencia.<\/p>\n<p>La PGR indic\u00f3 que Y\u00e1\u00f1ez se encuentraba retenido, mientras un juez federal decididi\u00f3 concede el arraigo\u00a0 de 40 d\u00edas solicitado por la Procuradur\u00eda.<\/p>\n<p>Luego de versiones que trascendieron en portales de medios de comunicaci\u00f3n, a PGR confirm\u00f3 en un comunicado que Y\u00e1\u00f1ez Osuna compareci\u00f3 el s\u00e1bado ante el Ministerio P\u00fablico despu\u00e9s de que \u00e9ste emiti\u00f3 una orden de localizaci\u00f3n y presentaci\u00f3n, como parte de las investigaciones.<\/p>\n<p>Amado Y\u00e1\u00f1ez \u201ccompareci\u00f3 por su propia voluntad ante la autoridad ministerial\u201d y rindi\u00f3 declaraci\u00f3n con sus abogados, dijo.<\/p>\n<p>Tambi\u00e9n explic\u00f3 que luego de la comparecencia del accionista de Oceanograf\u00eda, la PGR pidi\u00f3 a un juez su arraigo (detenci\u00f3n preventiva) para recabar \u201cmayores pruebas y elementos para una probable consignaci\u00f3n en contra de los responsables del fraude\u201d a Banamex.<\/p>\n<p>Oceanograf\u00eda fue intervenida el 28 de febrero pasado por la PGR, luego de que detectara un fraude por unos 400 millones de d\u00f3lares a Banamex, filial de Citigroup, con documentos ap\u00f3crifos presuntamente avalados por Pemex.<\/p>\n<p>El Servicio de Administraci\u00f3n y Enajenaci\u00f3n de Bienes (SAE) asumi\u00f3 el control de la compa\u00f1\u00eda, para mantenerla en operaci\u00f3n y garantizar el pago de los casi 5 mil trabajadores, a los cuales se les cubrieron salarios atrasados con recursos de la misma empresa.<\/p>\n<p>Adem\u00e1s del fraude contra Banamex, organismos p\u00fablicos como el Instituto Mexicano del Seguro y Social (IMSS) y el Fondo para la Vivienda de los Trabajadores (Infonavit) investigan si hubo otras irregularidades cometidas por Oceanograf\u00eda.<\/p>\n<p>La naviera tiene una flota de 87 barcos y presta, aun bajo esta situaci\u00f3n, servicios de reparaci\u00f3n y mantenimiento de los pozos de Pemex.<\/p>\n","protected":false},"excerpt":{"rendered":"<p>La Procuradur\u00eda General de la Rep\u00fablica hab\u00eda retenido, en calidad de presentado, a Amado Y\u00e1nez Osuna, principal accionista de la firma Oceanograf\u00eda, empresa proveedora de Pemex que es investigada por un presunto fraude en contra de Banamex, inform\u00f3 la dependencia.<\/p>\n","protected":false},"author":5,"featured_media":167863,"comment_status":"open","ping_status":"open","sticky":false,"template":"","format":"standard","meta":{"_monsterinsights_skip_tracking":false,"_monsterinsights_sitenote_active":false,"_monsterinsights_sitenote_note":"","_monsterinsights_sitenote_category":0,"footnotes":""},"categories":[3],"tags":[30880,70,43673,26076,292,232],"class_list":["post-167862","post","type-post","status-publish","format-standard","has-post-thumbnail","hentry","category-nacional","tag-amado-yanez-osuna","tag-banamex","tag-nacional","tag-oceanografia","tag-pemex","tag-pgr"],"_links":{"self":[{"href":"https:\/\/www.diarioimagen.net\/index.php?rest_route=\/wp\/v2\/posts\/167862","targetHints":{"allow":["GET"]}}],"collection":[{"href":"https:\/\/www.diarioimagen.net\/index.php?rest_route=\/wp\/v2\/posts"}],"about":[{"href":"https:\/\/www.diarioimagen.net\/index.php?rest_route=\/wp\/v2\/types\/post"}],"author":[{"embeddable":true,"href":"https:\/\/www.diarioimagen.net\/index.php?rest_route=\/wp\/v2\/users\/5"}],"replies":[{"embeddable":true,"href":"https:\/\/www.diarioimagen.net\/index.php?rest_route=%2Fwp%2Fv2%2Fcomments&post=167862"}],"version-history":[{"count":0,"href":"https:\/\/www.diarioimagen.net\/index.php?rest_route=\/wp\/v2\/posts\/167862\/revisions"}],"wp:featuredmedia":[{"embeddable":true,"href":"https:\/\/www.diarioimagen.net\/index.php?rest_route=\/wp\/v2\/media\/167863"}],"wp:attachment":[{"href":"https:\/\/www.diarioimagen.net\/index.php?rest_route=%2Fwp%2Fv2%2Fmedia&parent=167862"}],"wp:term":[{"taxonomy":"category","embeddable":true,"href":"https:\/\/www.diarioimagen.net\/index.php?rest_route=%2Fwp%2Fv2%2Fcategories&post=167862"},{"taxonomy":"post_tag","embeddable":true,"href":"https:\/\/www.diarioimagen.net\/index.php?rest_route=%2Fwp%2Fv2%2Ftags&post=167862"}],"curies":[{"name":"wp","href":"https:\/\/api.w.org\/{rel}","templated":true}]}}