{"id":168078,"date":"2014-03-26T00:04:20","date_gmt":"2014-03-26T06:04:20","guid":{"rendered":"http:\/\/www.diarioimagen.net\/?p=168078"},"modified":"2014-03-26T02:54:02","modified_gmt":"2014-03-26T08:54:02","slug":"caen-seis-integrantes-de-bandas-de-secuestradores","status":"publish","type":"post","link":"https:\/\/www.diarioimagen.net\/?p=168078","title":{"rendered":"Caen seis integrantes de bandas de secuestradores"},"content":{"rendered":"<ul>\n<li><strong><em>En el municipio de Nezahualc\u00f3yotl, agentes del grupo Coyotes liberan a un hombre y detienen a cuatro delincuentes<\/em><\/strong><\/li>\n<\/ul>\n<div id=\"attachment_168158\" style=\"width: 250px\" class=\"wp-caption alignleft\"><a href=\"http:\/\/www.diarioimagen.net\/wp-content\/uploads\/2014\/03\/seguridad-2321.jpg\"><img loading=\"lazy\" decoding=\"async\" aria-describedby=\"caption-attachment-168158\" class=\"size-medium wp-image-168158\" alt=\"Miguel \u00c1ngel Contreras Nieto, procurador general de Justicia del Estado de M\u00e9xico, inform\u00f3 sobre la captura de integrantes de bandas de plagiarios.\" src=\"http:\/\/www.diarioimagen.net\/wp-content\/uploads\/2014\/03\/seguridad-2321-240x135.jpg\" width=\"240\" height=\"135\" srcset=\"https:\/\/www.diarioimagen.net\/wp-content\/uploads\/2014\/03\/seguridad-2321-240x135.jpg 240w, https:\/\/www.diarioimagen.net\/wp-content\/uploads\/2014\/03\/seguridad-2321-420x236.jpg 420w, https:\/\/www.diarioimagen.net\/wp-content\/uploads\/2014\/03\/seguridad-2321-235x132.jpg 235w, https:\/\/www.diarioimagen.net\/wp-content\/uploads\/2014\/03\/seguridad-2321-202x114.jpg 202w, https:\/\/www.diarioimagen.net\/wp-content\/uploads\/2014\/03\/seguridad-2321-350x196.jpg 350w, https:\/\/www.diarioimagen.net\/wp-content\/uploads\/2014\/03\/seguridad-2321-220x123.jpg 220w, https:\/\/www.diarioimagen.net\/wp-content\/uploads\/2014\/03\/seguridad-2321-237x132.jpg 237w, https:\/\/www.diarioimagen.net\/wp-content\/uploads\/2014\/03\/seguridad-2321.jpg 480w\" sizes=\"auto, (max-width: 240px) 100vw, 240px\" \/><\/a><p id=\"caption-attachment-168158\" class=\"wp-caption-text\">Miguel \u00c1ngel Contreras Nieto, procurador general de Justicia del Estado de M\u00e9xico, inform\u00f3 sobre la captura de integrantes de bandas de plagiarios.<\/p><\/div>\n<p><strong>Toluca, Estado de M\u00e9xico<\/strong>.- La Procuradur\u00eda General de Justicia del Estado de M\u00e9xico (PGJEM) detuvo a seis presuntos integrantes de bandas de secuestradores que operaban en el valle de Toluca.<\/p>\n<p>En conferencia de prensa, el procurador estatal, Miguel \u00c1ngel Contreras Nieto, inform\u00f3 que este a\u00f1o se han denunciado 41 secuestros, y se tiene un total de 110 detenidos relacionados con este delito y vinculados a proceso.<\/p>\n<p>En este mes de marzo se tiene el reporte de siete secuestros, precis\u00f3, mientras que en el mismo mes de 2013 se ten\u00edan 15 casos.<\/p>\n<p>Explic\u00f3 que las detenciones de los presuntos secuestradores de las \u00faltimas horas est\u00e1n relacionadas con hechos que se registraron en los municipios de Zinacantepec, Almoloya de Ju\u00e1rez, y Metepec.<\/p>\n<p>El procurador precis\u00f3 que esta dependencia cuenta con dos \u00f3rdenes de aprensi\u00f3n contra igual n\u00famero de personas que est\u00e1n relacionadas con uno de estos secuestros, y que los seis detenidos ya se encuentran recluidos en el penal de Almoloya de Ju\u00e1rez.<\/p>\n<p align=\"center\"><b>Liberan a un\u00a0<\/b><b style=\"line-height: 1.5em;\">secuestrado<\/b><\/p>\n<p>Por otra parte, durante la tarde de ayer se inform\u00f3 que agentes del grupo Coyotes de Nezahualc\u00f3ytl, del municipio del mismo nombre, liberaron a un hombre que fue plagiado y aprehendieron a cuatro de sus presuntos captores.<\/p>\n<p>Mediante el C4, los uniformados fueron alertados sobre sujetos armados que viajaban por la avenida Sor Juana In\u00e9s de la Cruz en un Chevrolet Monza azul, placas LXK4207; un Mitsubishi Lancer blanco, placas 646ZDB, y un Chevy, del que se desconocen sus caracter\u00edsticas.<\/p>\n<p>En el cruce de Sor Juana y avenida Bordo de Xochiaca fue que los polic\u00edas le cerraron el paso a dichos autom\u00f3viles. Al marcarles el alto, la v\u00edctima -de la que no se revelaron datos y que era llevada por sus captores en el veh\u00edculo Monza- pidi\u00f3 auxilio a los oficiales acusando que el auto Chevy que los segu\u00eda era de su propiedad, por lo que los tripulantes fueron aprehendidos.<\/p>\n","protected":false},"excerpt":{"rendered":"<p>La Procuradur\u00eda General de Justicia del Estado de M\u00e9xico (PGJEM) detuvo a seis presuntos integrantes de bandas de secuestradores que operaban en el valle de Toluca.<\/p>\n","protected":false},"author":3,"featured_media":168158,"comment_status":"open","ping_status":"open","sticky":false,"template":"","format":"standard","meta":{"_monsterinsights_skip_tracking":false,"_monsterinsights_sitenote_active":false,"_monsterinsights_sitenote_note":"","_monsterinsights_sitenote_category":0,"footnotes":""},"categories":[7],"tags":[27260,43675,29695,4030,43677,452],"class_list":["post-168078","post","type-post","status-publish","format-standard","has-post-thumbnail","hentry","category-seguridad","tag-bandas","tag-estado-de-mexico","tag-procuraduria-general-de-justicia-del-estado-de-mexico","tag-secuestradores","tag-seguridad","tag-toluca"],"_links":{"self":[{"href":"https:\/\/www.diarioimagen.net\/index.php?rest_route=\/wp\/v2\/posts\/168078","targetHints":{"allow":["GET"]}}],"collection":[{"href":"https:\/\/www.diarioimagen.net\/index.php?rest_route=\/wp\/v2\/posts"}],"about":[{"href":"https:\/\/www.diarioimagen.net\/index.php?rest_route=\/wp\/v2\/types\/post"}],"author":[{"embeddable":true,"href":"https:\/\/www.diarioimagen.net\/index.php?rest_route=\/wp\/v2\/users\/3"}],"replies":[{"embeddable":true,"href":"https:\/\/www.diarioimagen.net\/index.php?rest_route=%2Fwp%2Fv2%2Fcomments&post=168078"}],"version-history":[{"count":0,"href":"https:\/\/www.diarioimagen.net\/index.php?rest_route=\/wp\/v2\/posts\/168078\/revisions"}],"wp:featuredmedia":[{"embeddable":true,"href":"https:\/\/www.diarioimagen.net\/index.php?rest_route=\/wp\/v2\/media\/168158"}],"wp:attachment":[{"href":"https:\/\/www.diarioimagen.net\/index.php?rest_route=%2Fwp%2Fv2%2Fmedia&parent=168078"}],"wp:term":[{"taxonomy":"category","embeddable":true,"href":"https:\/\/www.diarioimagen.net\/index.php?rest_route=%2Fwp%2Fv2%2Fcategories&post=168078"},{"taxonomy":"post_tag","embeddable":true,"href":"https:\/\/www.diarioimagen.net\/index.php?rest_route=%2Fwp%2Fv2%2Ftags&post=168078"}],"curies":[{"name":"wp","href":"https:\/\/api.w.org\/{rel}","templated":true}]}}