{"id":168089,"date":"2014-03-26T00:07:53","date_gmt":"2014-03-26T06:07:53","guid":{"rendered":"http:\/\/www.diarioimagen.net\/?p=168089"},"modified":"2014-03-26T02:43:31","modified_gmt":"2014-03-26T08:43:31","slug":"por-el-limon-la-profeco-interpone-denuncia-penal","status":"publish","type":"post","link":"https:\/\/www.diarioimagen.net\/?p=168089","title":{"rendered":"Por el lim\u00f3n, la Profeco interpone denuncia penal"},"content":{"rendered":"<ul>\n<li><strong><em>No bajar\u00e1 su precio: mayoristas<\/em><\/strong><\/li>\n<\/ul>\n<div id=\"attachment_168143\" style=\"width: 250px\" class=\"wp-caption alignleft\"><a href=\"http:\/\/www.diarioimagen.net\/wp-content\/uploads\/2014\/03\/LIMON-2321.jpg\"><img loading=\"lazy\" decoding=\"async\" aria-describedby=\"caption-attachment-168143\" class=\"size-medium wp-image-168143\" alt=\"Durante la firma de un convenio de colaboraci\u00f3n con Diconsa, la titular de la Profeco, Lorena Mart\u00ednez, anunci\u00f3 que presentar\u00e1 una denuncia penal ante la PGR por el caso del encarecimiento del lim\u00f3n.\" src=\"http:\/\/www.diarioimagen.net\/wp-content\/uploads\/2014\/03\/LIMON-2321-240x135.jpg\" width=\"240\" height=\"135\" srcset=\"https:\/\/www.diarioimagen.net\/wp-content\/uploads\/2014\/03\/LIMON-2321-240x135.jpg 240w, https:\/\/www.diarioimagen.net\/wp-content\/uploads\/2014\/03\/LIMON-2321-420x236.jpg 420w, https:\/\/www.diarioimagen.net\/wp-content\/uploads\/2014\/03\/LIMON-2321-235x132.jpg 235w, https:\/\/www.diarioimagen.net\/wp-content\/uploads\/2014\/03\/LIMON-2321-202x114.jpg 202w, https:\/\/www.diarioimagen.net\/wp-content\/uploads\/2014\/03\/LIMON-2321-350x196.jpg 350w, https:\/\/www.diarioimagen.net\/wp-content\/uploads\/2014\/03\/LIMON-2321-220x123.jpg 220w, https:\/\/www.diarioimagen.net\/wp-content\/uploads\/2014\/03\/LIMON-2321-237x132.jpg 237w, https:\/\/www.diarioimagen.net\/wp-content\/uploads\/2014\/03\/LIMON-2321.jpg 480w\" sizes=\"auto, (max-width: 240px) 100vw, 240px\" \/><\/a><p id=\"caption-attachment-168143\" class=\"wp-caption-text\">Durante la firma de un convenio de colaboraci\u00f3n con Diconsa, la titular de la Profeco, Lorena Mart\u00ednez, anunci\u00f3 que presentar\u00e1 una denuncia penal ante la PGR por el caso del encarecimiento del lim\u00f3n.<\/p><\/div>\n<p>Mientras la titular de la Procuradur\u00eda Federal del Consumidor (Profeco), Lorena Mart\u00ednez, anuncia que presentar\u00e1 ante la Procuradur\u00eda General de la Rep\u00fablica (PGR) una denuncia penal contra quien resulte responsable por el alto precio del lim\u00f3n, pues hay indicios de acaparamiento, comerciantes mayoristas consideran el precio de la fruta no regresar\u00e1 al nivel de 5 y 7 pesos por kilo debido a distorsiones del mercado y\u00a0 al creciente intermediarismo<\/p>\n<p>Mart\u00ednez Rodr\u00edguez refiri\u00f3\u00a0 que en los \u00faltimos 45 d\u00edas se ha sancionado a distribuidores mayoristas.<\/p>\n<p>A su vez, el director general de Diconsa, H\u00e9ctor Velasco Monroy, anunci\u00f3 que en sus seis mil tiendas se expender\u00e1 el lim\u00f3n a un precio de entre 25 y 26 pesos por kilo, como medida urgente para coadyuvar en la econom\u00eda familiar.<\/p>\n<p>Inform\u00f3 que Diconsa est\u00e1 adquiriendo el c\u00edtrico con productores michoacanos a 21 pesos el kilo.<\/p>\n<p>Por su parte, la subsecretaria de Normatividad y Competitividad de la Secretar\u00eda de Econom\u00eda (SE), Roc\u00edo Ruiz Ch\u00e1vez, aclar\u00f3 que la dependencia no considera abrir cupos de importaci\u00f3n de lim\u00f3n.<\/p>\n<p>Lo anterior se dio a conocer en el marco de un convenio de colaboraci\u00f3n entre la Profeco y Diconsa en apoyo a la econom\u00eda de las familias mexicanas.<\/p>\n<p>&nbsp;<\/p>\n<p align=\"center\"><b>El precio no bajar\u00e1: Flama<\/b><\/p>\n<p>Mientras, el vocero de la Federaci\u00f3n Latinoamericana de Mercados de Alimentos (Flama), Alfredo Neme Mart\u00ednez, se\u00f1al\u00f3 que en los centros de abasto del pa\u00eds el precio del lim\u00f3n no regresar\u00e1 al nivel de 5.00 a 7.00 pesos el kilogramo, debido a la distorsi\u00f3n en el mercado y al creciente intermediarismo.<\/p>\n<p>Para el representante de los mayoristas, la estabilizaci\u00f3n del precio del c\u00edtrico ser\u00e1 entre 15 y 25 pesos.<\/p>\n<p>Neme Mart\u00ednez neg\u00f3 que los comerciantes mayoristas y al menudeo de alimentos de centrales de abasto y mercados sean los responsables del encarecimiento del producto, y que si el precio pas\u00f3 de 12 a 70 pesos el kilogramo en los \u00faltimos meses es resultado de la distorsi\u00f3n del mercado interno.<\/p>\n<p>Por esta raz\u00f3n, dijo, el precio del lim\u00f3n no se ubicar\u00e1 ya entre 5.00 y 7.00 pesos el kilo, como sucedi\u00f3 en su momento con el caso del huevo.<\/p>\n<p>&nbsp;<\/p>\n","protected":false},"excerpt":{"rendered":"<p>Mientras la titular de la Procuradur\u00eda Federal del Consumidor (Profeco), Lorena Mart\u00ednez, anuncia que presentar\u00e1 ante la Procuradur\u00eda General de la Rep\u00fablica (PGR) una denuncia penal contra quien resulte responsable por el alto precio del lim\u00f3n, pues hay indicios de acaparamiento, comerciantes mayoristas consideran el precio de la fruta no regresar\u00e1 al nivel de 5 y 7 pesos por kilo debido a distorsiones del mercado y  al creciente intermediarismo<\/p>\n","protected":false},"author":3,"featured_media":168143,"comment_status":"open","ping_status":"open","sticky":false,"template":"","format":"standard","meta":{"_monsterinsights_skip_tracking":false,"_monsterinsights_sitenote_active":false,"_monsterinsights_sitenote_note":"","_monsterinsights_sitenote_category":0,"footnotes":""},"categories":[3],"tags":[11593,1017,43673,29423,356],"class_list":["post-168089","post","type-post","status-publish","format-standard","has-post-thumbnail","hentry","category-nacional","tag-demanda","tag-limon","tag-nacional","tag-procuraduria-federal-del-consumidor","tag-profeco"],"_links":{"self":[{"href":"https:\/\/www.diarioimagen.net\/index.php?rest_route=\/wp\/v2\/posts\/168089","targetHints":{"allow":["GET"]}}],"collection":[{"href":"https:\/\/www.diarioimagen.net\/index.php?rest_route=\/wp\/v2\/posts"}],"about":[{"href":"https:\/\/www.diarioimagen.net\/index.php?rest_route=\/wp\/v2\/types\/post"}],"author":[{"embeddable":true,"href":"https:\/\/www.diarioimagen.net\/index.php?rest_route=\/wp\/v2\/users\/3"}],"replies":[{"embeddable":true,"href":"https:\/\/www.diarioimagen.net\/index.php?rest_route=%2Fwp%2Fv2%2Fcomments&post=168089"}],"version-history":[{"count":0,"href":"https:\/\/www.diarioimagen.net\/index.php?rest_route=\/wp\/v2\/posts\/168089\/revisions"}],"wp:featuredmedia":[{"embeddable":true,"href":"https:\/\/www.diarioimagen.net\/index.php?rest_route=\/wp\/v2\/media\/168143"}],"wp:attachment":[{"href":"https:\/\/www.diarioimagen.net\/index.php?rest_route=%2Fwp%2Fv2%2Fmedia&parent=168089"}],"wp:term":[{"taxonomy":"category","embeddable":true,"href":"https:\/\/www.diarioimagen.net\/index.php?rest_route=%2Fwp%2Fv2%2Fcategories&post=168089"},{"taxonomy":"post_tag","embeddable":true,"href":"https:\/\/www.diarioimagen.net\/index.php?rest_route=%2Fwp%2Fv2%2Ftags&post=168089"}],"curies":[{"name":"wp","href":"https:\/\/api.w.org\/{rel}","templated":true}]}}