{"id":168213,"date":"2014-03-27T00:01:34","date_gmt":"2014-03-27T06:01:34","guid":{"rendered":"http:\/\/www.diarioimagen.net\/?p=168213"},"modified":"2014-03-27T23:23:23","modified_gmt":"2014-03-28T05:23:23","slug":"miguel-angel-mancera-anuncio-que-dara-mayor-impulso-a-la-actividad-turistica-de-la-ciudad","status":"publish","type":"post","link":"https:\/\/www.diarioimagen.net\/?p=168213","title":{"rendered":"Miguel \u00c1ngel Mancera anunci\u00f3 que dar\u00e1 mayor impulso a la actividad tur\u00edstica de la ciudad"},"content":{"rendered":"<h2>De cinco estrellas<\/h2>\n<h5>Victoria Gonz\u00e1lez Prado<\/h5>\n<p>&nbsp;<\/p>\n<ul>\n<li><em><strong>Claudia Ruiz Massieu acompa\u00f1\u00f3 al presidente Enrique Pe\u00f1a Nieto en su gira por Los Cabos<\/strong><\/em><\/li>\n<li><em><strong>El Aut\u00f3dromo Le\u00f3n ser\u00e1 escenario de eventos, como el Campeonato Mundial de Motocross\u00a0<\/strong><\/em><\/li>\n<li><strong>Avianca Cargo<\/strong><em><strong>, reconocida por la Administraci\u00f3n de Seguridad de Transporte del gobierno de USA<\/strong><\/em><\/li>\n<li><em><strong>El Encuentro Trivago Costa Blanca se realizar\u00e1 el 1 de abril en Benidorm<\/strong><\/em><\/li>\n<\/ul>\n<div id=\"attachment_168294\" style=\"width: 250px\" class=\"wp-caption alignleft\"><a href=\"http:\/\/www.diarioimagen.net\/wp-content\/uploads\/2014\/03\/turismo-2322.jpg\"><img loading=\"lazy\" decoding=\"async\" aria-describedby=\"caption-attachment-168294\" class=\"size-medium wp-image-168294\" alt=\"Luis Barrios, Miguel \u00c1ngel Mancera y Miguel Torruco.\" src=\"http:\/\/www.diarioimagen.net\/wp-content\/uploads\/2014\/03\/turismo-2322-240x110.jpg\" width=\"240\" height=\"110\" srcset=\"https:\/\/www.diarioimagen.net\/wp-content\/uploads\/2014\/03\/turismo-2322-240x110.jpg 240w, https:\/\/www.diarioimagen.net\/wp-content\/uploads\/2014\/03\/turismo-2322-420x194.jpg 420w, https:\/\/www.diarioimagen.net\/wp-content\/uploads\/2014\/03\/turismo-2322.jpg 500w\" sizes=\"auto, (max-width: 240px) 100vw, 240px\" \/><\/a><p id=\"caption-attachment-168294\" class=\"wp-caption-text\">Luis Barrios, Miguel \u00c1ngel Mancera y Miguel Torruco.<\/p><\/div>\n<p>El jefe de gobierno del Distrito Federal, <b>Miguel \u00c1ngel Mancera<\/b>, anunci\u00f3 que dar\u00e1 mayor impulso a la actividad tur\u00edstica<b> <\/b>de la ciudad, luego de\u00a0registrarse 12.5 millones de visitantes, cifra hist\u00f3ricas el a\u00f1o pasado, lo que muestra la confianza de los turistas nacionales y extranjeros y se comprometi\u00f3 a trabajar en nichos de oportunidades como el turismo ecol\u00f3gico y lograr una mayor ocupaci\u00f3n hotelera los fines de semana\u201d. Asegur\u00f3 que la Asociaci\u00f3n Nacional de Cadenas de Hoteles (ANCH), invertir\u00e1 alrededor de\u00a0160 millones de d\u00f3lares, que se destinar\u00e1n a la remodelaci\u00f3n y ampliaci\u00f3n de la infraestructura hotelera. Luego del encuentro con representantes de esta agrupaci\u00f3n, agradeci\u00f3 la confianza de los hoteleros y la inversi\u00f3n que destinar\u00e1n a adquisiciones, remodelaciones y construcci\u00f3n, lo que repercutir\u00e1 directamente en el embellecimiento de la ciudad<b>,<\/b> generar\u00e1 empleos, y transformar\u00e1 al DF en una ciudad generadora de recursos y no solamente recaudadora. Acompa\u00f1ado por el presidente de la ANCH, <b>Luis Barrios<\/b> y el titular de Turismo del DF, <b>Miguel Torruco,<\/b> <b>Mancera<\/b> Espinosa refrend\u00f3 su respaldo a los proyectos que abonen al desarrollo al DF,\u00a0 \u201cpues un hotel representa una carta de presentaci\u00f3n muy importante para la ciudad\u201d. El promedio de ocupaci\u00f3n hotelera en la capital es de\u00a065% y se comprometi\u00f3 a reforzar el trabajo coordinado y las alianzas que contribuyan a incrementar la ocupaci\u00f3n. <b>Barrios<\/b> calific\u00f3 como productiva, la reuni\u00f3n con el jefe de gobierno del DF, al se\u00f1alar que desde la crisis por la epidemia del AH1N1, que repercuti\u00f3 en el desarrollo econ\u00f3mico y tur\u00edstico nacional e internacional, la\u00a0ciudad de<b> <\/b>M\u00e9xico ha registrado mejores niveles de ocupaci\u00f3n hotelera y un incremento en la percepci\u00f3n de seguridad local entre los turistas.<i> \u201c<\/i>Desde entonces hemos tenido un crecimiento sostenido y ya estamos llegando a niveles de 68-70<b>%<\/b>, de ocupaci\u00f3n que est\u00e1 muy consistente con la informaci\u00f3n que maneja la Secretar\u00eda de Turismo capitalina\u201d. Se\u00f1al\u00f3 tambi\u00e9n que la planta hotelera local tiene incrementos en ingresos que se traducen en remodelaciones y mejoras de sus instalaciones<b> <\/b>y estos indicadores generan un atractivo en los empresarios que perciben mercados crecientes.<\/p>\n<p>\u2730\u2730\u2730\u2730\u2730\u00a0La secretaria de Turismo, <b>Claudia Ruiz Massieu<\/b>, acompa\u00f1\u00f3 al presidente <b>Enrique Pe\u00f1a Nieto<\/b> en su gira por Los Cabos, Baja California Sur, donde inaugur\u00f3 el nuevo Hotel<i> Secrets<\/i>, que tuvo un costo de 160 millones de d\u00f3lares. Es uno de los hoteles m\u00e1s grandes de ese destino dedicado al turismo de alta calidad. Se estima que en su operaci\u00f3n crear\u00e1 cerca de 2 mil nuevos empleos directos.<\/p>\n<p>\u2730\u2730\u2730\u2730\u2730 <b>Fernando Olivera Rocha<\/b>, secretario de Turismo de Guanajuato, inaugur\u00f3 las nuevas instalaciones del Aut\u00f3dromo Le\u00f3n, que se suman a la oferta tur\u00edstica de esa ciudad para la celebraci\u00f3n de campeonatos nacionales e internacionales de automovilismo y motociclismo, con lo cual se fortalece su posici\u00f3n como la capital del deporte Motor en nuestro pa\u00eds. <b>Olivera <\/b>acudi\u00f3 con la representaci\u00f3n del gobernador de Guanajuato <b>Miguel M\u00e1rquez <\/b>y expres\u00f3 que el primer mandatario se siente muy complacido con la renovaci\u00f3n de un lugar ic\u00f3nico de la ciudad: el Aut\u00f3dromo Le\u00f3n. \u201cEste esfuerzo llega en un momento muy importante, pues ser\u00e1 escenario de eventos de gran nivel, como el Campeonato Mundial de Motocross y del Mundial de Enduro. Comparti\u00f3 que los esfuerzos que se realizan para la organizaci\u00f3n de eventos, fortalece el turismo en la entidad, que es el segundo generador de econom\u00eda y experimenta un constante crecimiento. Record\u00f3 que recientemente\u00a0se realiz\u00f3 en el Aut\u00f3dromo Le\u00f3n, la etapa superespecial del Mundial de Rally, e inform\u00f3 que en total los municipios de Le\u00f3n, Silao y Guanajuato, donde se celebr\u00f3 el campeonato,\u00a0recibi\u00f3 m\u00e1s de 490 mil asistentes que dejaron una derrama de 515 millones de pesos. \u201cPara el gobierno de Guanajuato y para la Secretar\u00eda de Turismo, es prioritario ofrecer todo el respaldo a los hombres de empresa que invierten en Guanajuato, en el mejoramiento de la infraestructura tur\u00edstica\u201d. Felicit\u00f3 a la direcci\u00f3n del Aut\u00f3dromo Le\u00f3n, y a la empresa <i>Rallymex<\/i> por la inversi\u00f3n de m\u00e1s de 4 millones de pesos en el remozamiento de la pista de\u00a01.2 km y la construcci\u00f3n de una nueva terraza para las diferentes competencias. Augur\u00f3 un futuro promisorio para esta instalaci\u00f3n, que tiene entre sus planes el alargamiento de la pista para atraer otros eventos automovil\u00edsticos de talla internacional. As\u00ed, Le\u00f3n incrementa los atractivos tur\u00edsticos que lo han posicionado como uno de los principales destinos de negocios y sede de grandes eventos. Destac\u00f3 que en 2013, logr\u00f3 la atracci\u00f3n de m\u00e1s de 5.9 millones de visitantes y una derrama econ\u00f3mica por 18 mil 309 millones de pesos. Felicit\u00f3 a <b>Carlos Medina Padilla<\/b>, director del Aut\u00f3dromo Le\u00f3n<b>; <\/b>a <b>Gilles Spitalier<\/b>, director general de <i>Rallymex,<\/i> y a <b>Carlos Medina Plascencia<\/b>,\u00a0 promotor del deporte automotor en Le\u00f3n, por ofrecer nuevos espacios para la convivencia, la pr\u00e1ctica del deporte motor con seguridad y por ser un centro de desarrollo y formaci\u00f3n para pilotos de nivel nacional e internacional, como <b>Rodrigo Fonseca<\/b>, que representa a M\u00e9xico y a Guanajuato en la F\u00f3rmula 4 brit\u00e1nica.<\/p>\n<p>\u2730\u2730\u2730\u2730\u2730\u00a0<i>Avianca<\/i> Cargo obtuvo un reconocimiento de la Administraci\u00f3n de Seguridad de Transporte del gobierno de los Estados Unidos (TSA por sus siglas en ingl\u00e9s), gracias a la excelencia en sus pr\u00e1cticas y protocolos de seguridad. La TSA es la entidad que regula y avala las condiciones de seguridad del transporte de carga desde y hacia Estados Unidos. El reconocimiento se entreg\u00f3 en el marco de la auditor\u00eda realizada que felicit\u00f3 a la aerol\u00ednea por su destacado desempe\u00f1o en los controles implementados. <b>V\u00edctor Mej\u00eda<\/b>, vicepresidente de Carga de <i>Avianca Holdings<\/i> indic\u00f3:\u00a0\u201cel reconocimiento destaca la excelente labor que el equipo de carga y de seguridad desarrollan en cumplimiento de las normas y regulaciones vigentes. La certificaci\u00f3n permite ofrecer un servicio de calidad y atender mercados de alta exigencia operacional que nos convierte en una alternativa para el transporte de mercanc\u00edas en nuevos y modernos equipos cargueros\u201d. <i>Avianca<\/i> Cargo realiza actualmente operaciones en 20 ciudades: nueve en Sudam\u00e9rica, cuatro en Colombia, dos en Norteam\u00e9rica y cinco en Centroam\u00e9rica y el Caribe. En cuanto a la conectividad desde y hacia los Estados Unidos,\u00a0la carguera\u00a0opera 34 vuelos a la semana, dedicados al transporte de carga hacia Miami, partiendo de\u00a0 Bogot\u00e1, Lima, Quito, Medell\u00edn, Guatemala y San Jos\u00e9. Y desde Miami opera 34 vuelos semanales hacia Bogot\u00e1, Cali, Medell\u00edn, Barranquilla, Manaos, Viracopos, Curitiba, Caracas, Valencia, Quito, Guayaquil, Asunci\u00f3n, Montevideo y Lima. A todos estos destinos se transportan productos perecederos: flores, esp\u00e1rragos, lechugas, vegetales, salm\u00f3n, fruta, entre otros.<\/p>\n<p>\u2730\u2730\u2730\u2730\u2730\u00a0El Encuentro Trivago Costa Blanca\u00a0#trivagocostablanca se celebrar\u00e1 el pr\u00f3ximo martes 1 de abril en Benidorm, en colaboraci\u00f3n con INVAT.TUR, el Patronato Provincial de Turismo Costa Blanca y HOSBECer\u00e1, la sede ser\u00e1 en el Edificio INVAT.TUR, y se espera un centenar de hoteleros y profesionales del sector tur\u00edstico, expertos del mundo<i> online<\/i> y redes sociales. El encuentro, gratuito, tiene el prop\u00f3sito de debatir y explicar a los hoteleros de la Costa Blanca c\u00f3mo optimizar su presencia <i>online<\/i>, maximizar beneficios y mejorar su posicionamiento en la red por medio del contenido de calidad, presentando como ejemplo la herramienta gratuita: <a href=\"http:\/\/www.hotelero.trivago.es\" target=\"_blank\">www.hotelero.trivago.es<\/a> Los ponentes ser\u00e1n de Trivago <i>Hotel Relations <\/i>para el mercado espa\u00f1ol, <b>Laura Garrido<\/b> y <b>Diego Alonso<\/b> har\u00e1n una aproximaci\u00f3n a la situaci\u00f3n tur\u00edstica de la Costa Blanca y mostrar\u00e1n casos de buenas y malas pr\u00e1cticas de gesti\u00f3n hotelera <i>online<\/i>. Se dar\u00e1n a conocer datos sobre el impacto econ\u00f3mico de las reservas generadas por medio de la web; el inter\u00e9s que despierta como destino en mercados extranjeros, reputaci\u00f3n <i>online <\/i>y evoluci\u00f3n de precios. Participar\u00e1n tambi\u00e9n, <b>Sebasti\u00e1n Fern\u00e1ndez<\/b> <b>Miralles<\/b>, director general de Turismo de la Comunidad Valenciana; <b>Joaqu\u00edn Albaladejo<\/b>, diputado de Turismo de Costa Blanca; <b>Antonio Mayor<\/b>, presidente de HOSBEC y <b>Alberto Calcerrada<\/b>, Comunicaci\u00f3n de Trivago Espa\u00f1a. Una mesa redonda moderada por <b>Javier Jim\u00e9nez<\/b>, socio y director comercial de <i>Convershare,<\/i> y con\u00a0\u00a0 profesionales de comunicaci\u00f3n y <i>social media <\/i>que<i> d<\/i>ebatir\u00e1n sobre la importancia del contenido y los <i>influencers<\/i> en internet y redes sociales. Participar\u00e1n <b>Pau Garc\u00eda Solbes<\/b>, autor del pachinko.com; <b>Mario Schumacher<\/b>, <i>social media manager<\/i> de <i>X\u00e1bia Turisme<\/i>; <b>Clara Soler<\/b>, fundadora de Turist\u00edcate; <b>Pau Klein<\/b>, autor de pasaporteblog.com y especialista en marketing <i>online<\/i>; <b>Mariano Torres<\/b>, director de elsanto.es, empresa de comunicaci\u00f3n y marketing, y <b>Natan Valencia<\/b>, <i>freelance <\/i>y autor del <i>blo<\/i>g tecnicaseo.com Programa completo y registro: <a href=\"http:\/\/checkin.trivago.es\/2014\/03\/20\/encuentro-trivagocostablanca-en-benidorm\/\" target=\"_blank\">revista digital de trivago<\/a><\/p>\n<p><i><em><a href=\"mailto:victoriagprado@gmail.com\" target=\"_blank\">victoriagprado@gmail.com<\/a><\/em><\/i><\/p>\n","protected":false},"excerpt":{"rendered":"<p>El jefe de gobierno del Distrito Federal, <b>Miguel \u00c1ngel Mancera<\/b>, anunci\u00f3 que dar\u00e1 mayor impulso a la actividad tur\u00edstica<b> <\/b>de la ciudad, luego de registrarse 12.5 millones de visitantes, cifra hist\u00f3ricas el a\u00f1o pasado, lo que muestra la confianza de los turistas nacionales y extranjeros y se comprometi\u00f3 a trabajar en nichos de oportunidades como el turismo ecol\u00f3gico y lograr una mayor ocupaci\u00f3n hotelera los fines de semana\u201d.<\/p>\n","protected":false},"author":3,"featured_media":168294,"comment_status":"open","ping_status":"open","sticky":false,"template":"","format":"standard","meta":{"_monsterinsights_skip_tracking":false,"_monsterinsights_sitenote_active":false,"_monsterinsights_sitenote_note":"","_monsterinsights_sitenote_category":0,"footnotes":""},"categories":[11],"tags":[107,18,5314,43681,106],"class_list":["post-168213","post","type-post","status-publish","format-standard","has-post-thumbnail","hentry","category-turismo","tag-de-cinco-estrellas","tag-enrique-pena-nieto","tag-miguel-angel-mancera-espinosa","tag-turismo","tag-victoria-gonzalez-prado"],"_links":{"self":[{"href":"https:\/\/www.diarioimagen.net\/index.php?rest_route=\/wp\/v2\/posts\/168213","targetHints":{"allow":["GET"]}}],"collection":[{"href":"https:\/\/www.diarioimagen.net\/index.php?rest_route=\/wp\/v2\/posts"}],"about":[{"href":"https:\/\/www.diarioimagen.net\/index.php?rest_route=\/wp\/v2\/types\/post"}],"author":[{"embeddable":true,"href":"https:\/\/www.diarioimagen.net\/index.php?rest_route=\/wp\/v2\/users\/3"}],"replies":[{"embeddable":true,"href":"https:\/\/www.diarioimagen.net\/index.php?rest_route=%2Fwp%2Fv2%2Fcomments&post=168213"}],"version-history":[{"count":0,"href":"https:\/\/www.diarioimagen.net\/index.php?rest_route=\/wp\/v2\/posts\/168213\/revisions"}],"wp:featuredmedia":[{"embeddable":true,"href":"https:\/\/www.diarioimagen.net\/index.php?rest_route=\/wp\/v2\/media\/168294"}],"wp:attachment":[{"href":"https:\/\/www.diarioimagen.net\/index.php?rest_route=%2Fwp%2Fv2%2Fmedia&parent=168213"}],"wp:term":[{"taxonomy":"category","embeddable":true,"href":"https:\/\/www.diarioimagen.net\/index.php?rest_route=%2Fwp%2Fv2%2Fcategories&post=168213"},{"taxonomy":"post_tag","embeddable":true,"href":"https:\/\/www.diarioimagen.net\/index.php?rest_route=%2Fwp%2Fv2%2Ftags&post=168213"}],"curies":[{"name":"wp","href":"https:\/\/api.w.org\/{rel}","templated":true}]}}