{"id":168240,"date":"2014-03-27T00:02:17","date_gmt":"2014-03-27T06:02:17","guid":{"rendered":"http:\/\/www.diarioimagen.net\/?p=168240"},"modified":"2014-03-27T02:05:57","modified_gmt":"2014-03-27T08:05:57","slug":"de-p-e-r-r-o-al-cobro-de-impuestos","status":"publish","type":"post","link":"https:\/\/www.diarioimagen.net\/?p=168240","title":{"rendered":"De P.E.R.R.O. al cobro de impuestos"},"content":{"rendered":"<h2>Acta P\u00fablica<\/h2>\n<h5>Claudia Rodr\u00edguez<\/h5>\n<p><span><br \/>\nUn compa\u00f1ero de trabajo comentaba hace unos d\u00edas, que la \u00e9poca de la esclavitud ya era historia. Yo me atrev\u00ed a se\u00f1alar que al igual que todo, me parec\u00eda que simplemente, la esclavitud se hab\u00eda modernizado y correspond\u00eda a los tiempos del consumismo y en donde por todas nuestras dizque posesiones, tambi\u00e9n ten\u00edamos que pagar impuestos.<\/span><\/p>\n<p>Total que el producto de nuestro trabajo estaba siempre comprometido con nuestros acreedores cautivos y con quienes nos administran.<\/p>\n<p>Ahora que me entero que el gobierno del Distrito Federal, present\u00f3 ayer el programa de empadronamiento de animales de compa\u00f1\u00eda conocido ya como Programa Especializado de Registro Responsable Organizado (P.E.R.R.O.), justo as\u00ed.<\/p>\n<p>Me queda claro que aquello de que se cobrar\u00e1 impuesto hasta por las mascotas, va para las autoridades, por buen camino.<\/p>\n<p>No hay que olvidar que la compra de mascotas, su alimento y cualquier otro producto relacionado con las mismas, causan ya, desde este a\u00f1o, un impuesto anexo.<\/p>\n<p>Es decir, las mascotas, como los autos por decir lo menos, son en este pa\u00eds, art\u00edculos suntuarios.<\/p>\n<p>Ya en el Distrito Federal, los due\u00f1os de perros y gatos, pueden acudir de manera opcional ante un juez c\u00edvico a registrar a su animalito y recibir para \u00e9ste, una constancia con n\u00famero, una placa de identificaci\u00f3n, adem\u00e1s de una cartilla cl\u00ednica. Claro que el anzuelo ser\u00e1 la atenci\u00f3n que pueda proporcionarse a los usuarios de ese padr\u00f3n.<\/p>\n<p>Desde una cl\u00ednica especializada en perros y gatos hasta cualquier asesor\u00eda en cuestiones de adopciones, maltrato animal u otro incidente que implique a terceros.<\/p>\n<p>Pero es eso. Un gancho con el que adem\u00e1s del orden en cuanto a existencias de mascotas de los gobernados, se afinan \u00a0a la vez los mecanismos para el cobro de impuestos sobre las mismas. Al tiempo.<\/p>\n<p>As\u00ed que de la esclavitud hist\u00f3rica a la moderna, s\u00f3lo hay\u00a0distintos\u00a0administradores.<\/p>\n<p><b><i>Acta Divina\u2026<\/i><\/b> Al presentar el Programa de Empadronamiento de Animales de Compa\u00f1\u00eda en la Ciudad de M\u00e9xico, el jefe de gobierno del Distrito Federal, se\u00f1al\u00f3 que se han destinado ya, 60 millones de pesos para construir el primer hospital de mascotas, a ubicarse en la delegaci\u00f3n Iztapalapa.<\/p>\n<p><b><i>Para advertir\u2026<\/i><\/b> \u00bfSe podr\u00e1 burlar el padr\u00f3n de mascotas del Distrito Federal, c\u00f3mo se hace con el de los autom\u00f3viles?<\/p>\n<p><em><a href=\"mailto:actapublica@gmail.com\" target=\"_blank\">actapublica@gmail.com<\/a><\/em><\/p>\n","protected":false},"excerpt":{"rendered":"<p><span style=\"color: #005497;\"><strong>Claudia Rodr\u00edguez<\/strong><\/span><\/p>\n","protected":false},"author":3,"featured_media":0,"comment_status":"open","ping_status":"open","sticky":false,"template":"","format":"standard","meta":{"_monsterinsights_skip_tracking":false,"_monsterinsights_sitenote_active":false,"_monsterinsights_sitenote_note":"","_monsterinsights_sitenote_category":0,"footnotes":""},"categories":[1281],"tags":[39,43674],"class_list":["post-168240","post","type-post","status-publish","format-standard","hentry","category-claudia-rodriguez","tag-distrito-federal","tag-opinion"],"_links":{"self":[{"href":"https:\/\/www.diarioimagen.net\/index.php?rest_route=\/wp\/v2\/posts\/168240","targetHints":{"allow":["GET"]}}],"collection":[{"href":"https:\/\/www.diarioimagen.net\/index.php?rest_route=\/wp\/v2\/posts"}],"about":[{"href":"https:\/\/www.diarioimagen.net\/index.php?rest_route=\/wp\/v2\/types\/post"}],"author":[{"embeddable":true,"href":"https:\/\/www.diarioimagen.net\/index.php?rest_route=\/wp\/v2\/users\/3"}],"replies":[{"embeddable":true,"href":"https:\/\/www.diarioimagen.net\/index.php?rest_route=%2Fwp%2Fv2%2Fcomments&post=168240"}],"version-history":[{"count":0,"href":"https:\/\/www.diarioimagen.net\/index.php?rest_route=\/wp\/v2\/posts\/168240\/revisions"}],"wp:attachment":[{"href":"https:\/\/www.diarioimagen.net\/index.php?rest_route=%2Fwp%2Fv2%2Fmedia&parent=168240"}],"wp:term":[{"taxonomy":"category","embeddable":true,"href":"https:\/\/www.diarioimagen.net\/index.php?rest_route=%2Fwp%2Fv2%2Fcategories&post=168240"},{"taxonomy":"post_tag","embeddable":true,"href":"https:\/\/www.diarioimagen.net\/index.php?rest_route=%2Fwp%2Fv2%2Ftags&post=168240"}],"curies":[{"name":"wp","href":"https:\/\/api.w.org\/{rel}","templated":true}]}}