{"id":168288,"date":"2014-03-27T00:07:21","date_gmt":"2014-03-27T06:07:21","guid":{"rendered":"http:\/\/www.diarioimagen.net\/?p=168288"},"modified":"2014-03-27T02:19:35","modified_gmt":"2014-03-27T08:19:35","slug":"huixquilucan-lleva-cine-a-comunidades","status":"publish","type":"post","link":"https:\/\/www.diarioimagen.net\/?p=168288","title":{"rendered":"Huixquilucan lleva cine a comunidades"},"content":{"rendered":"<ul>\n<li><strong><em>Gratuitamente<\/em><\/strong><\/li>\n<\/ul>\n<p><strong><a href=\"http:\/\/www.diarioimagen.net\/wp-content\/uploads\/2014\/03\/HUIXQUILUCAN-2322.jpg\"><img loading=\"lazy\" decoding=\"async\" class=\"alignleft size-medium wp-image-168311\" style=\"margin-right: 9px; margin-bottom: 9px;\" alt=\"HUIXQUILUCAN-2322\" src=\"http:\/\/www.diarioimagen.net\/wp-content\/uploads\/2014\/03\/HUIXQUILUCAN-2322-240x135.jpg\" width=\"240\" height=\"135\" srcset=\"https:\/\/www.diarioimagen.net\/wp-content\/uploads\/2014\/03\/HUIXQUILUCAN-2322-240x135.jpg 240w, https:\/\/www.diarioimagen.net\/wp-content\/uploads\/2014\/03\/HUIXQUILUCAN-2322-420x236.jpg 420w, https:\/\/www.diarioimagen.net\/wp-content\/uploads\/2014\/03\/HUIXQUILUCAN-2322-235x132.jpg 235w, https:\/\/www.diarioimagen.net\/wp-content\/uploads\/2014\/03\/HUIXQUILUCAN-2322-202x114.jpg 202w, https:\/\/www.diarioimagen.net\/wp-content\/uploads\/2014\/03\/HUIXQUILUCAN-2322-350x196.jpg 350w, https:\/\/www.diarioimagen.net\/wp-content\/uploads\/2014\/03\/HUIXQUILUCAN-2322-220x123.jpg 220w, https:\/\/www.diarioimagen.net\/wp-content\/uploads\/2014\/03\/HUIXQUILUCAN-2322-237x132.jpg 237w, https:\/\/www.diarioimagen.net\/wp-content\/uploads\/2014\/03\/HUIXQUILUCAN-2322.jpg 480w\" sizes=\"auto, (max-width: 240px) 100vw, 240px\" \/><\/a>Huixquilucan, Estado de M\u00e9xico<\/strong>.- Como parte de las acciones para promover actividades culturales entre la poblaci\u00f3n, de este ayuntamiento\u00a0 encabezado por Carlos Iriarte Mercado, lleva a cabo el programa \u201cCine en Comunidad\u201d de car\u00e1cter gratuito, que recorre espacios del municipio con diversas proyecciones, y en esta ocasi\u00f3n, los asistentes podr\u00e1n disfrutar de importantes pel\u00edculas francesas y mexicanas, gracias a la colaboraci\u00f3n del IMCINE y la Alianza Francesa de M\u00e9xico A.C.<\/p>\n<p>En una primera etapa, los huixquiluquenses que habitan las comunidades de San Mart\u00edn, El Plan y San Juan Bautista podr\u00e1n conocer mediante el s\u00e9ptimo arte las corrientes art\u00edsticas de otras culturas como la francesa; escuelas de educaci\u00f3n media y superior son algunos de los sitios en los que se exhibir\u00e1n los filmes <em>La Escurridiza<\/em>, <em>La Chica del Tren<\/em>, y <em>Zim and Co.<\/em> \u00a0Cabe se\u00f1alar que la calidad de las cintas que se proyectan est\u00e1 garantizada por el apoyo que recibe el municipio de las instituciones antes se\u00f1aladas.<\/p>\n","protected":false},"excerpt":{"rendered":"<p>Como parte de las acciones para promover actividades culturales entre la poblaci\u00f3n, de este ayuntamiento  encabezado por Carlos Iriarte Mercado, lleva a cabo el programa \u201cCine en Comunidad\u201d de car\u00e1cter gratuito, que recorre espacios del municipio con diversas proyecciones, y en esta ocasi\u00f3n, los asistentes podr\u00e1n disfrutar de importantes pel\u00edculas francesas y mexicanas, gracias a la colaboraci\u00f3n del IMCINE y la Alianza Francesa de M\u00e9xico A.C.<\/p>\n","protected":false},"author":3,"featured_media":168311,"comment_status":"open","ping_status":"open","sticky":false,"template":"","format":"standard","meta":{"_monsterinsights_skip_tracking":false,"_monsterinsights_sitenote_active":false,"_monsterinsights_sitenote_note":"","_monsterinsights_sitenote_category":0,"footnotes":""},"categories":[5],"tags":[22988,43675,1097,7353],"class_list":["post-168288","post","type-post","status-publish","format-standard","has-post-thumbnail","hentry","category-estado-de-mexico","tag-carlos-iriarte-mercado","tag-estado-de-mexico","tag-huixquilucan","tag-imcine"],"_links":{"self":[{"href":"https:\/\/www.diarioimagen.net\/index.php?rest_route=\/wp\/v2\/posts\/168288","targetHints":{"allow":["GET"]}}],"collection":[{"href":"https:\/\/www.diarioimagen.net\/index.php?rest_route=\/wp\/v2\/posts"}],"about":[{"href":"https:\/\/www.diarioimagen.net\/index.php?rest_route=\/wp\/v2\/types\/post"}],"author":[{"embeddable":true,"href":"https:\/\/www.diarioimagen.net\/index.php?rest_route=\/wp\/v2\/users\/3"}],"replies":[{"embeddable":true,"href":"https:\/\/www.diarioimagen.net\/index.php?rest_route=%2Fwp%2Fv2%2Fcomments&post=168288"}],"version-history":[{"count":0,"href":"https:\/\/www.diarioimagen.net\/index.php?rest_route=\/wp\/v2\/posts\/168288\/revisions"}],"wp:featuredmedia":[{"embeddable":true,"href":"https:\/\/www.diarioimagen.net\/index.php?rest_route=\/wp\/v2\/media\/168311"}],"wp:attachment":[{"href":"https:\/\/www.diarioimagen.net\/index.php?rest_route=%2Fwp%2Fv2%2Fmedia&parent=168288"}],"wp:term":[{"taxonomy":"category","embeddable":true,"href":"https:\/\/www.diarioimagen.net\/index.php?rest_route=%2Fwp%2Fv2%2Fcategories&post=168288"},{"taxonomy":"post_tag","embeddable":true,"href":"https:\/\/www.diarioimagen.net\/index.php?rest_route=%2Fwp%2Fv2%2Ftags&post=168288"}],"curies":[{"name":"wp","href":"https:\/\/api.w.org\/{rel}","templated":true}]}}