{"id":168337,"date":"2014-03-27T12:24:31","date_gmt":"2014-03-27T18:24:31","guid":{"rendered":"http:\/\/www.diarioimagen.net\/?p=168337"},"modified":"2014-03-28T03:32:21","modified_gmt":"2014-03-28T09:32:21","slug":"senado-da-tramite-a-solicitud-de-consulta-popular","status":"publish","type":"post","link":"https:\/\/www.diarioimagen.net\/?p=168337","title":{"rendered":"Senado da tr\u00e1mite a solicitud de Consulta Popular"},"content":{"rendered":"<ul>\n<li><em><strong>Se acord\u00f3 dar tr\u00e1mite a la solicitud para convocar a una Consulta Popular sobre las reformas a los art\u00edculos 27 y 28 constitucionales en materia energ\u00e9tica<\/strong><\/em><\/li>\n<\/ul>\n<div id=\"attachment_168338\" style=\"width: 250px\" class=\"wp-caption alignleft\"><img loading=\"lazy\" decoding=\"async\" aria-describedby=\"caption-attachment-168338\" class=\"size-medium wp-image-168338\" alt=\"En virtud de que en la solicitud presentada al Senado de la Rep\u00fablica no se nombra a un representante, la Mesa Directiva acord\u00f3 que la Secretar\u00eda de Servicios Parlamentarios notifique a los peticionarios para que designen a su representante.\" src=\"http:\/\/www.diarioimagen.net\/wp-content\/uploads\/2014\/03\/SENADO-PORTAL1-240x135.jpg\" width=\"240\" height=\"135\" srcset=\"https:\/\/www.diarioimagen.net\/wp-content\/uploads\/2014\/03\/SENADO-PORTAL1-240x135.jpg 240w, https:\/\/www.diarioimagen.net\/wp-content\/uploads\/2014\/03\/SENADO-PORTAL1-420x236.jpg 420w, https:\/\/www.diarioimagen.net\/wp-content\/uploads\/2014\/03\/SENADO-PORTAL1-235x132.jpg 235w, https:\/\/www.diarioimagen.net\/wp-content\/uploads\/2014\/03\/SENADO-PORTAL1-202x114.jpg 202w, https:\/\/www.diarioimagen.net\/wp-content\/uploads\/2014\/03\/SENADO-PORTAL1-350x196.jpg 350w, https:\/\/www.diarioimagen.net\/wp-content\/uploads\/2014\/03\/SENADO-PORTAL1-220x123.jpg 220w, https:\/\/www.diarioimagen.net\/wp-content\/uploads\/2014\/03\/SENADO-PORTAL1-237x132.jpg 237w, https:\/\/www.diarioimagen.net\/wp-content\/uploads\/2014\/03\/SENADO-PORTAL1.jpg 480w\" sizes=\"auto, (max-width: 240px) 100vw, 240px\" \/><p id=\"caption-attachment-168338\" class=\"wp-caption-text\">En virtud de que en la solicitud presentada al Senado de la Rep\u00fablica no se nombra a un representante, la Mesa Directiva acord\u00f3 que la Secretar\u00eda de Servicios Parlamentarios notifique a los peticionarios para que designen a su representante.<\/p><\/div>\n<p><span style=\"line-height: 1.5em;\">La Mesa Directiva del Senado acord\u00f3 dar tr\u00e1mite a la solicitud para convocar a una Consulta Popular sobre las reformas a los art\u00edculos 27 y 28 constitucionales en materia energ\u00e9tica, conforme a la Ley Federal de Consulta Popular promulgada el 14 de marzo.<\/span><\/p>\n<p><span style=\"line-height: 1.5em;\">El acuerdo de la Mesa presidida por el pri\u00edsta Ra\u00fal Cervantes Andrade, se public\u00f3 este jueves en la Gaceta Parlamentaria y se refiere a la solicitud de consulta popular presentada el 3 de diciembre de 2013.<\/span><\/p>\n<p><span style=\"line-height: 1.5em;\">La petici\u00f3n estuvo a cargo de los senadores Luis Miguel Barbosa Huerta, Dolores Padierna Luna, Manuel Camacho Sol\u00eds y Alejandro Encinas Rodr\u00edguez, todos del Partido de la Revoluci\u00f3n Democr\u00e1tica (PRD).<\/span><\/p>\n<p>La petici\u00f3n fue convocada por senadores del PRD.<\/p>\n<p><span style=\"line-height: 1.5em;\">Tambi\u00e9n por los ciudadanos Cuauht\u00e9moc C\u00e1rdenas Sol\u00f3rzano, Jes\u00fas Zambrano Grijalva, Alejandro S\u00e1nchez Camacho, Porfirio Mu\u00f1oz Ledo, Ifigenia Mart\u00ednez y Hern\u00e1ndez, Marta Lamas Encabo y Clara Jusidman Rapaport.<\/span><\/p>\n<p><span style=\"line-height: 1.5em;\">Seg\u00fan el acuerdo, acorde al Art\u00edculo 23 fracci\u00f3n I de la Ley Federal de Consulta Popular, toda solicitud de consulta popular que provenga de ciudadanos deber\u00e1 complementarse con el nombre completo y domicilio de su representante.<\/span><\/p>\n<p><span style=\"line-height: 1.5em;\">En caso de no tenerlo, el Art\u00edculo 25 de la misma ley dispone que debe prevenirse a los peticionarios para que subsanen errores u omisiones, aclara la disposici\u00f3n.<\/span><\/p>\n","protected":false},"excerpt":{"rendered":"<p>La Mesa Directiva del Senado acord\u00f3 dar tr\u00e1mite a la solicitud para convocar a una Consulta Popular sobre las reformas a los art\u00edculos 27 y 28 constitucionales en materia energ\u00e9tica, conforme a la Ley Federal de Consulta Popular promulgada el 14 de marzo.<\/p>\n","protected":false},"author":5,"featured_media":168338,"comment_status":"open","ping_status":"open","sticky":false,"template":"","format":"standard","meta":{"_monsterinsights_skip_tracking":false,"_monsterinsights_sitenote_active":false,"_monsterinsights_sitenote_note":"","_monsterinsights_sitenote_category":0,"footnotes":""},"categories":[17,3],"tags":[29432,30672,1409],"class_list":["post-168337","post","type-post","status-publish","format-standard","has-post-thumbnail","hentry","category-especiales","category-nacional","tag-consulta-popular","tag-raul-cervantes-andrade","tag-senado"],"_links":{"self":[{"href":"https:\/\/www.diarioimagen.net\/index.php?rest_route=\/wp\/v2\/posts\/168337","targetHints":{"allow":["GET"]}}],"collection":[{"href":"https:\/\/www.diarioimagen.net\/index.php?rest_route=\/wp\/v2\/posts"}],"about":[{"href":"https:\/\/www.diarioimagen.net\/index.php?rest_route=\/wp\/v2\/types\/post"}],"author":[{"embeddable":true,"href":"https:\/\/www.diarioimagen.net\/index.php?rest_route=\/wp\/v2\/users\/5"}],"replies":[{"embeddable":true,"href":"https:\/\/www.diarioimagen.net\/index.php?rest_route=%2Fwp%2Fv2%2Fcomments&post=168337"}],"version-history":[{"count":0,"href":"https:\/\/www.diarioimagen.net\/index.php?rest_route=\/wp\/v2\/posts\/168337\/revisions"}],"wp:featuredmedia":[{"embeddable":true,"href":"https:\/\/www.diarioimagen.net\/index.php?rest_route=\/wp\/v2\/media\/168338"}],"wp:attachment":[{"href":"https:\/\/www.diarioimagen.net\/index.php?rest_route=%2Fwp%2Fv2%2Fmedia&parent=168337"}],"wp:term":[{"taxonomy":"category","embeddable":true,"href":"https:\/\/www.diarioimagen.net\/index.php?rest_route=%2Fwp%2Fv2%2Fcategories&post=168337"},{"taxonomy":"post_tag","embeddable":true,"href":"https:\/\/www.diarioimagen.net\/index.php?rest_route=%2Fwp%2Fv2%2Ftags&post=168337"}],"curies":[{"name":"wp","href":"https:\/\/api.w.org\/{rel}","templated":true}]}}