{"id":168627,"date":"2014-03-31T00:09:53","date_gmt":"2014-03-31T06:09:53","guid":{"rendered":"http:\/\/www.diarioimagen.net\/?p=168627"},"modified":"2014-03-31T03:36:55","modified_gmt":"2014-03-31T09:36:55","slug":"politica-social-dejo-de-ser-asistencialista","status":"publish","type":"post","link":"https:\/\/www.diarioimagen.net\/?p=168627","title":{"rendered":"Pol\u00edtica social dej\u00f3 de ser asistencialista"},"content":{"rendered":"<ul>\n<li><strong><em>Ernesto Nemer \u00c1lvarez<\/em><\/strong><\/li>\n<\/ul>\n<div id=\"attachment_168670\" style=\"width: 250px\" class=\"wp-caption alignleft\"><a href=\"http:\/\/www.diarioimagen.net\/wp-content\/uploads\/2014\/03\/NEMER-2324.jpg\"><img loading=\"lazy\" decoding=\"async\" aria-describedby=\"caption-attachment-168670\" class=\"size-medium wp-image-168670\" alt=\"Ernesto Nemer \u00c1lvarez, subsecretario de Desarrollo Social y Humano de la Secretar\u00eda de Desarrollo Social.\" src=\"http:\/\/www.diarioimagen.net\/wp-content\/uploads\/2014\/03\/NEMER-2324-240x135.jpg\" width=\"240\" height=\"135\" srcset=\"https:\/\/www.diarioimagen.net\/wp-content\/uploads\/2014\/03\/NEMER-2324-240x135.jpg 240w, https:\/\/www.diarioimagen.net\/wp-content\/uploads\/2014\/03\/NEMER-2324-420x236.jpg 420w, https:\/\/www.diarioimagen.net\/wp-content\/uploads\/2014\/03\/NEMER-2324-235x132.jpg 235w, https:\/\/www.diarioimagen.net\/wp-content\/uploads\/2014\/03\/NEMER-2324-202x114.jpg 202w, https:\/\/www.diarioimagen.net\/wp-content\/uploads\/2014\/03\/NEMER-2324-350x196.jpg 350w, https:\/\/www.diarioimagen.net\/wp-content\/uploads\/2014\/03\/NEMER-2324-220x123.jpg 220w, https:\/\/www.diarioimagen.net\/wp-content\/uploads\/2014\/03\/NEMER-2324-237x132.jpg 237w, https:\/\/www.diarioimagen.net\/wp-content\/uploads\/2014\/03\/NEMER-2324.jpg 480w\" sizes=\"auto, (max-width: 240px) 100vw, 240px\" \/><\/a><p id=\"caption-attachment-168670\" class=\"wp-caption-text\">Ernesto Nemer \u00c1lvarez, subsecretario de Desarrollo Social y Humano de la Secretar\u00eda de Desarrollo Social.<\/p><\/div>\n<p>La pol\u00edtica social impulsada por el presidente Enrique Pe\u00f1a Nieto busca transitar del asistencialismo a la promoci\u00f3n del desarrollo de las capacidades de las personas, expres\u00f3 el\u00a0 subsecretario de Desarrollo Social y Humano de la Secretar\u00eda de Desarrollo Social (Sedesol), Ernesto Nemer \u00c1lvarez, al reunirse con la Comisi\u00f3n de Desarrollo Social de la C\u00e1mara de Diputados.<\/p>\n<p>Nemer \u00c1lvarez destac\u00f3 que las acciones del Programa para el Desarrollo de Zonas Prioritarias (PDZP) se fortalecer\u00e1n con la participaci\u00f3n de los estados y municipios a trav\u00e9s del Fondo de Aportaciones para la Infraestructura Social (FAIS), encaminadas a realizar obras de infraestructura y mejoramiento en las viviendas y su entorno.<\/p>\n<p>Enfatiz\u00f3 que deber\u00e1n tener un verdadero impacto social, elevar la calidad de vida de las persona y mover los indicadores de la pobreza se\u00f1alados por el Consejo Nacional de Evaluaci\u00f3n de la Pol\u00edtica de Desarrollo Social (Coneval).<\/p>\n<p>En este sentido, destac\u00f3 que a partir de agosto se realizar\u00e1 la Encuesta Nacional de Ingreso y Gasto en los Hogares, ENIGH 2014, que permitir\u00e1 conocer c\u00f3mo se han movido los indicadores de la pobreza y conocer las caracter\u00edsticas de infraestructura de las viviendas y su equipamiento.<\/p>\n<p>Al referirse a la\u00a0 Cruzada Nacional Contra el Hambre (CNCH), el subsecretario de la Sedesol dijo que es una estrategia que se fundamenta en resultados y\u00a0 no debe tener tintes partidistas, porque el combate a la pobreza es tarea de todos, como lo ha manifestado la secretaria de Desarrollo Social, Rosario Robles Berlanga.<\/p>\n<p>\u201cSi seguimos entregando s\u00f3lo apoyos econ\u00f3micos, no vamos a abatir la pobreza; tenemos que hacer un gran esfuerzo porque combatirla no es tarea exclusiva del desarrollo social; tiene que ver con el crecimiento econ\u00f3mico, la generaci\u00f3n de empleos y la distribuci\u00f3n de la riqueza\u201d, manifest\u00f3.<\/p>\n<p>Durante su encuentro con la Comisi\u00f3n de Desarrollo Social de la C\u00e1mara de Diputados, Nemer \u00c1lvarez reconoci\u00f3 el trabajo\u00a0 comprometido y la sensibilidad pol\u00edtica que los legisladores mostraron, ante la reciente aprobaci\u00f3n de la Ley de Pensi\u00f3n Universal.<\/p>\n<p>&nbsp;<\/p>\n","protected":false},"excerpt":{"rendered":"<p>La pol\u00edtica social impulsada por el presidente Enrique Pe\u00f1a Nieto busca transitar del asistencialismo a la promoci\u00f3n del desarrollo de las capacidades de las personas, expres\u00f3 el  subsecretario de Desarrollo Social y Humano de la Secretar\u00eda de Desarrollo Social (Sedesol), Ernesto Nemer \u00c1lvarez, al reunirse con la Comisi\u00f3n de Desarrollo Social de la C\u00e1mara de Diputados.<\/p>\n","protected":false},"author":3,"featured_media":168670,"comment_status":"open","ping_status":"open","sticky":false,"template":"","format":"standard","meta":{"_monsterinsights_skip_tracking":false,"_monsterinsights_sitenote_active":false,"_monsterinsights_sitenote_note":"","_monsterinsights_sitenote_category":0,"footnotes":""},"categories":[3],"tags":[98,18,1495,43673],"class_list":["post-168627","post","type-post","status-publish","format-standard","has-post-thumbnail","hentry","category-nacional","tag-camara-de-diputados","tag-enrique-pena-nieto","tag-ernesto-nemer-alvarez","tag-nacional"],"_links":{"self":[{"href":"https:\/\/www.diarioimagen.net\/index.php?rest_route=\/wp\/v2\/posts\/168627","targetHints":{"allow":["GET"]}}],"collection":[{"href":"https:\/\/www.diarioimagen.net\/index.php?rest_route=\/wp\/v2\/posts"}],"about":[{"href":"https:\/\/www.diarioimagen.net\/index.php?rest_route=\/wp\/v2\/types\/post"}],"author":[{"embeddable":true,"href":"https:\/\/www.diarioimagen.net\/index.php?rest_route=\/wp\/v2\/users\/3"}],"replies":[{"embeddable":true,"href":"https:\/\/www.diarioimagen.net\/index.php?rest_route=%2Fwp%2Fv2%2Fcomments&post=168627"}],"version-history":[{"count":0,"href":"https:\/\/www.diarioimagen.net\/index.php?rest_route=\/wp\/v2\/posts\/168627\/revisions"}],"wp:featuredmedia":[{"embeddable":true,"href":"https:\/\/www.diarioimagen.net\/index.php?rest_route=\/wp\/v2\/media\/168670"}],"wp:attachment":[{"href":"https:\/\/www.diarioimagen.net\/index.php?rest_route=%2Fwp%2Fv2%2Fmedia&parent=168627"}],"wp:term":[{"taxonomy":"category","embeddable":true,"href":"https:\/\/www.diarioimagen.net\/index.php?rest_route=%2Fwp%2Fv2%2Fcategories&post=168627"},{"taxonomy":"post_tag","embeddable":true,"href":"https:\/\/www.diarioimagen.net\/index.php?rest_route=%2Fwp%2Fv2%2Ftags&post=168627"}],"curies":[{"name":"wp","href":"https:\/\/api.w.org\/{rel}","templated":true}]}}