{"id":168716,"date":"2014-04-01T00:07:59","date_gmt":"2014-04-01T06:07:59","guid":{"rendered":"http:\/\/www.diarioimagen.net\/?p=168716"},"modified":"2014-04-01T01:56:36","modified_gmt":"2014-04-01T07:56:36","slug":"pena-hace-suyo-el-asunto-de-la-linea-12","status":"publish","type":"post","link":"https:\/\/www.diarioimagen.net\/?p=168716","title":{"rendered":"Pe\u00f1a hace suyo el asunto de la L\u00ednea 12"},"content":{"rendered":"<h2>Tras la puerta del poder<\/h2>\n<h5>Roberto Vizca\u00edno<\/h5>\n<p>&nbsp;<\/p>\n<ul>\n<li><strong><i>La Secretar\u00eda de la Funci\u00f3n P\u00fablica dar\u00e1 elementos al gobierno capitalino para que act\u00fae contra Ebrard<\/i><\/strong><\/li>\n<li><strong><i>Resulta que ahora sabemos que la mayor parte de la inversi\u00f3n de la L\u00ednea 12 fue federal<\/i><\/strong><\/li>\n<li><strong><i>Silvano Aureoles dio a conocer la apretada agenda legislativa de abril y no descart\u00f3 un extraordinario<\/i><\/strong><\/li>\n<\/ul>\n<div id=\"attachment_168776\" style=\"width: 250px\" class=\"wp-caption alignleft\"><a href=\"http:\/\/www.diarioimagen.net\/wp-content\/uploads\/2014\/04\/SU-VERDAD-Jose-Luis-2325.jpg\"><img loading=\"lazy\" decoding=\"async\" aria-describedby=\"caption-attachment-168776\" class=\"size-medium wp-image-168776\" alt=\"Su verdad\u2026 | Trizas\" src=\"http:\/\/www.diarioimagen.net\/wp-content\/uploads\/2014\/04\/SU-VERDAD-Jose-Luis-2325-240x185.jpg\" width=\"240\" height=\"185\" srcset=\"https:\/\/www.diarioimagen.net\/wp-content\/uploads\/2014\/04\/SU-VERDAD-Jose-Luis-2325-240x185.jpg 240w, https:\/\/www.diarioimagen.net\/wp-content\/uploads\/2014\/04\/SU-VERDAD-Jose-Luis-2325-420x325.jpg 420w, https:\/\/www.diarioimagen.net\/wp-content\/uploads\/2014\/04\/SU-VERDAD-Jose-Luis-2325.jpg 700w\" sizes=\"auto, (max-width: 240px) 100vw, 240px\" \/><\/a><p id=\"caption-attachment-168776\" class=\"wp-caption-text\">Su verdad\u2026 | Trizas<\/p><\/div>\n<p>En un sorpresivo golpe y giro de poder pol\u00edtico, el presidente Enrique Pe\u00f1a Nieto se apoder\u00f3 ayer del control y destino del conflicto y posible fraude cometidos por la administraci\u00f3n de Marcelo Ebrard en la L\u00ednea 12 del Metro.<\/p>\n<p>Y, al exigirle a la administraci\u00f3n de Miguel \u00c1ngel Mancera el reembolso inmediato de 489 millones 422 mil 377 pesos desviados de entre m\u00e1s de 14 mil millones de pesos de fondos federales aportados para la L\u00ednea 12, y que no pudieron ser justificados por el gobierno de Ebrard, Pe\u00f1a Nieto obliga al actual jefe de Gobierno del DF a actuar no s\u00f3lo administrativa, sino penalmente contra su antecesor.<\/p>\n<p>Todo esto qued\u00f3 establecido luego del informe dado a conocer por el titular encargado de la Secretar\u00eda de la Funci\u00f3n P\u00fablica, Juli\u00e1n Olivas Ugalde quien dej\u00f3 adem\u00e1s en claro que de los 17 mil millones considerados como el costo inicial de la L\u00ednea 12, el gobierno federal entonces encabezado por el panista Felipe Calder\u00f3n aport\u00f3 14 mil 361 millones.<\/p>\n<p>Con esta aclaraci\u00f3n queda evidenciado que el tan cacareado proyecto de la L\u00ednea 12 como una obra de la administraci\u00f3n de Marcelo Ebrard, no fue tal, sino que se hizo con fondos federales.<\/p>\n<p>Lo que popularmente se conoce \u201chacer caravana con sombrero ajeno\u201d.<\/p>\n<p>Y el gobierno de Enrique Pe\u00f1a Nieto decidi\u00f3 entrar y conducir este conflicto porque estos 14 mil 361 millones de pesos provinieron de tres fuentes federales, indic\u00f3 Olivas Ugalde:<\/p>\n<p>&#8211; Del Fideicomiso para la Infraestructura en los Estados \u00a0&#8211;conocido como FIES&#8211;; del convenio de Reasignaci\u00f3n de Recursos de la Secretar\u00eda de Comunicaciones y Transportes, y del Fondo Metropolitano.<\/p>\n<p>De esos 14 mil 361 millones de pesos de fondos federales que se aplicaron en la construcci\u00f3n de la L\u00ednea 12, indic\u00f3 el funcionario, s\u00f3lo han sido auditados 7 mil, y en esas revisiones fue que se encontr\u00f3 que no hab\u00eda justificantes para los 489 millones 422 mil 377 pesos que ahora reclama el gobierno federal se le reintegren de inmediato por parte del gobierno del DF.<\/p>\n<p>El caso es que frente a todo lo ocurrido durante las \u00faltimas semanas, en que el gobierno capitalino par\u00f3 la operaci\u00f3n de la mayor parte de esta L\u00ednea 12, el gobierno del presidente Pe\u00f1a Nieto decidi\u00f3 no s\u00f3lo asumir el control del problema sino auditar la aplicaci\u00f3n de otros 3 mil 500 pesos.<\/p>\n<p>Y eso se har\u00e1 en forma conjunta por la Auditor\u00eda Superior de la Federaci\u00f3n, por la Contralor\u00eda del DF y por la Secretar\u00eda de la Funci\u00f3n P\u00fablica, por lo cual el gobierno federal podr\u00eda exigir una devoluci\u00f3n mayor a los 489 millones de pesos.<\/p>\n<p>Esto ocurre porque como aportador de la mayor parte de la inversi\u00f3n en la construcci\u00f3n de la L\u00ednea 12, el gobierno federal es el que recibi\u00f3 el da\u00f1o mayor.<\/p>\n<p>Si todav\u00eda le quedaban algunas esperanzas a Ebrard de colocarse para una diputaci\u00f3n federal en el 2015, y de ah\u00ed poder remontar quiz\u00e1 para una senadur\u00eda en el 2018, el golpe dado ayer por el gobierno de Pe\u00f1a Nieto lo inhabilita en pol\u00edtica y lo deja al filo de una acci\u00f3n penal.<\/p>\n<p>Salvo que ocurra un milagro y los comprobantes y facturas de esos 489 millones 422 mil 377 pesos aparezcan en alg\u00fan caj\u00f3n olvidado del despacho de Ebrard todo indica que Marcelo va a tener serios problemas de reclusorios y barandillas.<\/p>\n<p align=\"center\">\u00a0<b>GOLPAZO DE FOX<\/b><\/p>\n<p>En otra pista medi\u00e1tica, al indicar que su sucesor es responsable de \u201cuna fosa de 80 mil muertos\u201d, el ex presidente Fox no s\u00f3lo sintetiz\u00f3 lo que millones de mexicanos piensan fue el gobierno de Felipe Calder\u00f3n, sino que lo exhibe como un gobernante poco tolerante e incapaz.<\/p>\n<p>Ocurrente, dicharachero, en su entrevista , Fox plantea l\u00edneas que son populares y que le llegan a muchos mexicanos y como tal sin duda influir\u00e1 en la contienda interna que encabezan Ernesto Cordero &#8211;indudable e inocultable alfil de Felipe Calder\u00f3n&#8211;_ y el chihuahuense Gustavo Madero.<\/p>\n<p>Si ayuda a alguno de los dos contendientes por la dirigencia nacional del PAN, la entrevista de Fox apoya a Madero al desmitificar el apoyo de un panista a un presidente de la Rep\u00fablica emanado del PRI.<\/p>\n<p>El golpazo de Fox a Calder\u00f3n obliga al michoacano a \u00a0salir de donde est\u00e9, para responder a lo de la fosa de 80 mil muertos.<\/p>\n<p align=\"center\">\u00a0<b>MUCHO TRABAJO<\/b><\/p>\n<p>El presidente de la Junta de Coordinaci\u00f3n Pol\u00edtica de la C\u00e1mara de Diputados, el perredista michoacano Silvano Aureoles dibuj\u00f3 ayer un escenario legislativo para abril lleno de responsabilidades y tiempos cortos del cual no excluy\u00f3 la posibilidad de ir a uno o varios extraordinarios.<\/p>\n<p>Como usted sabe, la Jucopo est\u00e1 integrada por todos los coordinadores de los grupos parlamentarios representados en cada c\u00e1mara y es donde se decide c\u00f3mo y qu\u00e9 se tramita.<\/p>\n<p>As\u00ed, ayer los coordinadores parlamentarios de San L\u00e1zaro convinieron en que van a ampliar las sesiones del pleno de la C\u00e1mara de Diputados en los d\u00edas previos y posteriores a la Semana Santa.<\/p>\n<p>Es tal la cantidad y acumulaci\u00f3n de trabajo que ven dif\u00edcil aunque no imposible, poder desahogar todo lo que tienen y deben aprobar.<\/p>\n<p>Es as\u00ed que de la semana del 7 al 11 de abril, el pleno sesionar\u00e1 los d\u00edas martes, mi\u00e9rcoles y jueves, lo que se repetir\u00e1 en la semana del 21 al 25, y con la posibilidad de sesionar tambi\u00e9n los viernes, de ser necesario, dijo.<\/p>\n<p>Y es que entre los dict\u00e1menes acumulados y pendientes en la C\u00e1mara de Diputados, se encuentran las legislaciones secundarias de las reformas en materia de telecomunicaciones, pol\u00edtico-electoral y la de energ\u00eda.<\/p>\n<p>Por su importancia y magnitud, la aprobaci\u00f3n de estas leyes secundarias podr\u00edan requerir \u201cla posibilidad de convocar a un periodo extraordinario\u201d, algo que a\u00fan no se ha consensuado, aclar\u00f3 Aureoles.<\/p>\n<p>Por si no fuese suficiente lidiar con todo lo anterior, los diputados tienen ante s\u00ed el desahogo del proceso de selecci\u00f3n de los consejeros del Instituto Nacional Electoral, el INE, para lo cual Aureoles consider\u00f3 que se ha construido un camino \u00f3ptimo para que quede concluido a m\u00e1s tardar el martes 8 de abril, como lo establecen los plazos oficiales.<\/p>\n<p>Los miembros de la Jucopo, dijo, est\u00e1n conscientes que debe ser la C\u00e1mara de Diputados la que designe a los consejeros y de que no haya necesidad de que este tr\u00e1mite sea resuelto por insaculaci\u00f3n por parte de la Suprema Corte de Justicia de la Naci\u00f3n, como lo se\u00f1ala ahora la Constituci\u00f3n.<\/p>\n<p>\u201cEstamos en los tiempos necesarios, el tema estar\u00e1 resuelto conforme lo establece la convocatoria y como se acord\u00f3 en Jucopo\u201d, precis\u00f3.<\/p>\n<p>Explic\u00f3 que se present\u00f3 un punto de acuerdo a la Jucopo a fin de solicitar al Comit\u00e9 T\u00e9cnico de Evaluaci\u00f3n diera a conocer el procedimiento de conformaci\u00f3n de las 11 quintetas finales, en virtud de que algunos grupos parlamentarios manifestaron que este mecanismo careci\u00f3 de transparencia.<\/p>\n<p>Esta propuesta tendr\u00e1 el cauce correspondiente por parte de la Jucopo, como ocurre con cualquier otra solicitud que se registra y se somete a discusi\u00f3n y votaci\u00f3n.<\/p>\n<p>Sin embargo, explic\u00f3 Aureoles, se sabe que el comit\u00e9 que integr\u00f3 las quintetas es aut\u00f3nomo y est\u00e1 facultado para definir sus criterios y mecanismos de forma independiente.<\/p>\n<p>Y se est\u00e1 adem\u00e1s consciente que la Junta de Coordinaci\u00f3n Pol\u00edtica no est\u00e1 autorizada constitucionalmente para solicitar al CTE que d\u00e9 a conocer las formas de evaluaci\u00f3n para integrar las quintetas.<\/p>\n<p>Y por si fuese poco todo lo anterior, ese Comit\u00e9 dej\u00f3 de existir una vez entregadas las listas de las quintetas, conforme a lo establecido en las normas.<\/p>\n<p>Aureoles reconoci\u00f3 as\u00ed que este \u00f3rgano hizo su trabajo en tiempo y forma, adem\u00e1s de que en uno de sus boletines dio cuenta de los pasos que se siguieron para llegar a las conclusiones ya conocidas y de que por lo tanto la aclaraci\u00f3n exigida por algunos otros grupos parlamentarios ser\u00e1 evidentemente in\u00fatil.<\/p>\n<p>Vaya oso legislativo, dijera un chavo.<\/p>\n<p><em><a href=\"mailto:rvizcainoa@gmail.com\">rvizcainoa@gmail.com<\/a><\/em><\/p>\n","protected":false},"excerpt":{"rendered":"<p><span style=\"color: #005497;\"><strong>Roberto Vizca\u00edno<\/strong><\/span><br \/>\n<br \/>\nEn un sorpresivo golpe y giro de poder pol\u00edtico, el presidente Enrique Pe\u00f1a Nieto se apoder\u00f3 ayer del control y destino del conflicto y posible fraude cometidos por la administraci\u00f3n de Marcelo Ebrard en la L\u00ednea 12 del Metro.<\/p>\n","protected":false},"author":3,"featured_media":168776,"comment_status":"open","ping_status":"open","sticky":false,"template":"","format":"standard","meta":{"_monsterinsights_skip_tracking":false,"_monsterinsights_sitenote_active":false,"_monsterinsights_sitenote_note":"","_monsterinsights_sitenote_category":0,"footnotes":""},"categories":[136],"tags":[5314,43674,93,7420,94],"class_list":["post-168716","post","type-post","status-publish","format-standard","has-post-thumbnail","hentry","category-roberto-vizcaino-opinion","tag-miguel-angel-mancera-espinosa","tag-opinion","tag-roberto-vizcaino","tag-secretaria-de-la-funcion-publica","tag-tras-la-puerta-del-poder"],"_links":{"self":[{"href":"https:\/\/www.diarioimagen.net\/index.php?rest_route=\/wp\/v2\/posts\/168716","targetHints":{"allow":["GET"]}}],"collection":[{"href":"https:\/\/www.diarioimagen.net\/index.php?rest_route=\/wp\/v2\/posts"}],"about":[{"href":"https:\/\/www.diarioimagen.net\/index.php?rest_route=\/wp\/v2\/types\/post"}],"author":[{"embeddable":true,"href":"https:\/\/www.diarioimagen.net\/index.php?rest_route=\/wp\/v2\/users\/3"}],"replies":[{"embeddable":true,"href":"https:\/\/www.diarioimagen.net\/index.php?rest_route=%2Fwp%2Fv2%2Fcomments&post=168716"}],"version-history":[{"count":0,"href":"https:\/\/www.diarioimagen.net\/index.php?rest_route=\/wp\/v2\/posts\/168716\/revisions"}],"wp:featuredmedia":[{"embeddable":true,"href":"https:\/\/www.diarioimagen.net\/index.php?rest_route=\/wp\/v2\/media\/168776"}],"wp:attachment":[{"href":"https:\/\/www.diarioimagen.net\/index.php?rest_route=%2Fwp%2Fv2%2Fmedia&parent=168716"}],"wp:term":[{"taxonomy":"category","embeddable":true,"href":"https:\/\/www.diarioimagen.net\/index.php?rest_route=%2Fwp%2Fv2%2Fcategories&post=168716"},{"taxonomy":"post_tag","embeddable":true,"href":"https:\/\/www.diarioimagen.net\/index.php?rest_route=%2Fwp%2Fv2%2Ftags&post=168716"}],"curies":[{"name":"wp","href":"https:\/\/api.w.org\/{rel}","templated":true}]}}