{"id":168762,"date":"2014-04-01T00:01:48","date_gmt":"2014-04-01T06:01:48","guid":{"rendered":"http:\/\/www.diarioimagen.net\/?p=168762"},"modified":"2014-04-01T23:32:26","modified_gmt":"2014-04-02T05:32:26","slug":"hoteles-city-refuerza-su-programa-de-recompensas-y-firma-una-alianza-con-payback","status":"publish","type":"post","link":"https:\/\/www.diarioimagen.net\/?p=168762","title":{"rendered":"<i>Hoteles City<\/i> refuerza su programa de recompensas y firma una alianza con <i>PayBack<\/i>"},"content":{"rendered":"<h2>De cinco estrellas<\/h2>\n<h5>Victoria Gonz\u00e1lez Prado<\/h5>\n<p>&nbsp;<\/p>\n<ul>\n<li><strong><em>Bernard de Vill\u00e8le es el nuevo director general del <\/em>The St. Regis Mexico City<\/strong><\/li>\n<li><strong><em>A partir de abril 30 se da por terminado el contrato del hotel Hyatt Regency Canc\u00fan, para convertirse en <\/em>Krystal Grand Canc\u00fan<\/strong><\/li>\n<\/ul>\n<p>Hoteles <i>City<\/i> refuerza su programa de recompensas <i>City <\/i>Premios con una alianza con <i>PayBack,<\/i> el programa de lealtad multi-socio. A partir de ahora, los socios <i>City <\/i>Premios podr\u00e1n transferir sus puntos a su Monedero <i>PayBack<\/i>. Asimismo, quienes se hospeden en los m\u00e1s de 80 hoteles de la cadena podr\u00e1n acumular puntos PayBack. \u201cCon esta alianza enriquecemos los beneficios de <i>City<\/i> Premios, al ampliar la gama de productos y servicios donde nuestros afiliados pueden redimir sus puntos que obtienen al hospedarse en nuestros hoteles\u201d, coment\u00f3 <b>Blanca Herrera<\/b>, directora de Servicios a Franquicias de Hoteles <i>City.<\/i> \u201cBuscamos que los beneficios de nuestro programa de lealtad sean de gran utilidad, por ello, estamos muy contentos en realizar esta alianza con <i>PayBack,<\/i> un programa s\u00f3lido y de gran aceptaci\u00f3n\u201d. \u201cA un a\u00f1o y medio de nuestra incursi\u00f3n en M\u00e9xico, PayBack cuenta con m\u00e1s de 70 socios afiliados al programa, operando en m\u00e1s de 1300 establecimientos a lo largo del pa\u00eds. La alianza entre ambas empresas les permitir\u00e1 a los hu\u00e9spedes acumular puntos\u00a0 o transferir sus puntos a su monedero con s\u00f3lo presentarlo en recepci\u00f3n. La acumulaci\u00f3n de puntos quedar\u00e1 reflejada en 72 horas h\u00e1biles despu\u00e9s del <i>check out<\/i>. Adem\u00e1s, <i>City Express<\/i> bonificar\u00e1 100 puntos PayBack al cliente, por cada 600 pesos. Los puntos acumulados podr\u00e1n ser utilizados con diferentes empresas.<\/p>\n<p>\u2730\u2730\u2730\u2730\u2730\u00a0<b>Bernard de Vill\u00e8le<\/b> es el nuevo director general del <i>The St. Regis Mexico City<\/i>. Cuenta con m\u00e1s de 30 a\u00f1os de experiencia en la industria de la hospitalidad, y es el candidato ideal para tomar las riendas de la direcci\u00f3n m\u00e1s exclusiva y cosmopolita del lujo y servicio personalizado en M\u00e9xico; previamente ocup\u00f3 el mismo puesto en <i>The St. Regis Mauritius Resort<\/i>. <b>Batya Brykman<\/b>, vice presidente y directora de operaciones para M\u00e9xico y Centroam\u00e9rica, Starwood Hotels &amp; Resorts, fue quien le dio la bienvenida. <b>De Vill\u00e8le<\/b> es reconocido como un hotelero y emprendedor exitoso dentro de la industria de la hospitalidad de lujo, fungi\u00f3 como gerente general de <i>The St. Regis Mauritius Resort<\/i>, donde supervis\u00f3 la apertura del hotel en 2011. Bajo su liderazgo, \u00e9ste fue premiado El Hotel\u00a0<i>Hideaways\u00a0<\/i>del A\u00f1o en 2012 e incluido en la\u00a0<i>Hot List<\/i>\u00a0de la revista <i>Cond\u00e9 Nast Traveler<\/i> en 2013, entre otros muchos reconocimientos. Su amplia experiencia incluye la gerencia general de \u00e1rea de <i>Habtoor Hotels<\/i> en el L\u00edbano, liderando la apertura de <i>The Lanesborough Hotel<\/i>, proyectos de renovaci\u00f3n del legendario Resort <i>La Samanna<\/i> con <i>Orient Express Hotels<\/i> y el establecimiento de 51 <i>Buckingham Gate, TAJ Suites &amp; Residences.<\/i> Ha sido premiado con numerosas distinciones por sus logros, incluyendo ser nombrado como uno de los mejores hoteleros del mundo por la Academia Americana de Ciencias de la Hospitalidad en 2013. <b>De Vill\u00e8le<\/b> es hijo de un diplom\u00e1tico franc\u00e9s y pas\u00f3 su ni\u00f1ez en M\u00e9xico. Habla franc\u00e9s, ingl\u00e9s, espa\u00f1ol y tiene una buena noci\u00f3n de italiano y alem\u00e1n.<\/p>\n<p>\u2730\u2730\u2730\u2730\u2730\u00a0Una empresa afiliada de <i>Hyatt Hotels Corporation<\/i> (\u201cHyatt\u201d) y el\u00a0Santa Fe Grupo Hotelero\u00a0dieron a conocer un acuerdo en el que a partir del d\u00eda pr\u00f3ximo 30 de abril se da por terminado el contrato administrativo del hotel <i>Hyatt<\/i>.\u00a0Santa Fe Grupo Hotelero, empresa propietaria de <i>Hyatt Regency<\/i> Canc\u00fan tiene en puerta planes para renovar la marca de la propiedad de 295 habitaciones el 1 de mayo de este a\u00f1o, para convertirse en <i>Krystal Grand Canc\u00fan<\/i>, y realizar la transici\u00f3n de su administraci\u00f3n hacia Santa Fe Grupo Hotelero. En torno al anuncio,\u00a0<b>Francisco Zinser Cieslik<\/b>, CEO de Santa Fe Grupo Hotelero\u00a0coment\u00f3, \u201creconocemos que el hotel <i>Hyatt Regency Canc\u00fan<\/i> lleva tres d\u00e9cadas como una gran referencia en la localidad, y desde que lo adquirimos hemos gozado de una excelente relaci\u00f3n de trabajo con <i>Hyatt<\/i>. Esta decisi\u00f3n va en sinton\u00eda con nuestras necesidades en este mercado y fortalece nuestra cartera de la marca <i>Krystal.<\/i> Nos sentimos muy entusiasmados de brindarle al viajero de Canc\u00fan, <i>Krystal Grand Canc\u00fan<\/i>\u201d. Hyatt Regency Canc\u00fan contin\u00faa sus operaciones normalmente hasta el 30 de abril de 2014, y seguir\u00e1 brindando a sus hu\u00e9spedes y clientes el nivel de servicio y profesionalismo consistente que siempre lo ha distinguido.\u00a0Santa Fe Grupo Hotelero\u00a0y <i>Hyatt <\/i>trabajar\u00e1n en conjunto para que la transici\u00f3n no sea motivo de interrupciones para el viajero o los grupos que visiten el hotel.\u00a0 M\u00e1s informaci\u00f3n de reservaciones y tarifas pactadas con <i>Hyatt Regency Canc\u00fan<\/i> ser\u00e1n respetadas. M\u00e1s informaci\u00f3n:\u00a0<a href=\"mailto:reservaciones@krystal-hotels.com\" target=\"_blank\"><span style=\"text-decoration: underline;\">reservaciones@krystal-hotels.com<\/span><\/a><\/p>\n<p>\u2730\u2730\u2730\u2730\u2730\u00a0<b>Bernard de Vill\u00e8le<\/b> es el nuevo director general del <i>The St. Regis Mexico City<\/i>. Cuenta con m\u00e1s de 30 a\u00f1os de experiencia en la industria de la hospitalidad, y es el candidato ideal para tomar las riendas de la direcci\u00f3n m\u00e1s exclusiva y cosmopolita del lujo y servicio personalizado en M\u00e9xico; previamente ocup\u00f3 el mismo puesto en <i>The St. Regis Mauritius Resort<\/i>. <b>Batya Brykman<\/b>, vice presidente y directora de operaciones para M\u00e9xico y Centroam\u00e9rica, Starwood Hotels &amp; Resorts, fue quien le dio la bienvenida. E hotel se ubica en el Paseo de la Reforma y ofrece moderna sofisticaci\u00f3n, servicio personalizado y lujo incomparable. Dise\u00f1ado por el legendario arquitecto <b>C\u00e9sar Pelli<\/b> y <b>Yabu Pushelberg<\/b>, cuenta con 189 elegantes habitaciones y suites, el legendario servicio de mayordomo de <i>St. Regis,<\/i> un <i>Rem\u00e8de Spa<\/i>, m\u00e1s de 3 mil m<sup>2\u00a0<\/sup>de espacio para eventos y reuniones, un gimnasio con instalaciones de \u00faltima generaci\u00f3n, incluyendo una piscina interior con vistas panor\u00e1mica de la ciudad. <b>De Vill\u00e8le<\/b> es reconocido como un hotelero y emprendedor exitoso dentro de la industria de la hospitalidad de lujo, fungi\u00f3 como gerente general de <i>The St. Regis Mauritius Resort<\/i>, donde supervis\u00f3 la apertura del hotel en 2011. Bajo su liderazgo, \u00e9ste fue premiado El Hotel\u00a0<i>Hideaways\u00a0<\/i>del A\u00f1o en 2012 e incluido en la\u00a0<i>Hot List<\/i>\u00a0de la revista <i>Cond\u00e9 Nast Traveler<\/i> en 2013, entre otros muchos reconocimientos. Empezando su carrera con una licenciatura en Administraci\u00f3n Hotelera en la <i>\u00c9cole H\u00f4teli\u00e8re<\/i> de Lausanne en Suiza, la trayectoria de <b>De Vill\u00e8le<\/b> cruza m\u00faltiples continentes ocupando diversos puestos en galardonados hoteles as\u00ed como roles ejecutivos para <i>St. Regis, Four Seasons, Hilton, InterContinental, Orient Express Hotels, Rosewood Hotels, Savoy Group and TAJ Hotels Suites &amp; Residences,<\/i> donde sirvi\u00f3 como vice presidente de operaciones para Europa y Las Am\u00e9ricas. Su amplia experiencia incluye tambi\u00e9n la gerencia general de \u00e1rea de <i>Habtoor Hotels<\/i> en el L\u00edbano, liderando la apertura de <i>The Lanesborough Hotel<\/i>, proyectos de renovaci\u00f3n del legendario Resort <i>La Samanna<\/i> con <i>Orient Express Hotels<\/i> y el establecimiento de 51 <i>Buckingham Gate, TAJ Suites &amp; Residences.<\/i> Tambi\u00e9n ha sido premiado con numerosas distinciones por sus logros, incluyendo ser nombrado como uno de los mejores hoteleros del mundo por la Academia Americana de Ciencias de la Hospitalidad en 2013. <b>De Vill\u00e8le<\/b> es hijo de un diplom\u00e1tico franc\u00e9s y pas\u00f3 su ni\u00f1ez en M\u00e9xico. Habla franc\u00e9s, ingl\u00e9s, espa\u00f1ol y tiene una buena noci\u00f3n de italiano y alem\u00e1n.<\/p>\n<div id=\"attachment_168831\" style=\"width: 250px\" class=\"wp-caption alignleft\"><a href=\"http:\/\/www.diarioimagen.net\/wp-content\/uploads\/2014\/04\/turismo-2325.jpg\"><img loading=\"lazy\" decoding=\"async\" aria-describedby=\"caption-attachment-168831\" class=\"size-medium wp-image-168831\" alt=\"Cesvi da tips para conducir en vacaciones.\" src=\"http:\/\/www.diarioimagen.net\/wp-content\/uploads\/2014\/04\/turismo-2325-240x135.jpg\" width=\"240\" height=\"135\" srcset=\"https:\/\/www.diarioimagen.net\/wp-content\/uploads\/2014\/04\/turismo-2325-240x135.jpg 240w, https:\/\/www.diarioimagen.net\/wp-content\/uploads\/2014\/04\/turismo-2325-420x236.jpg 420w, https:\/\/www.diarioimagen.net\/wp-content\/uploads\/2014\/04\/turismo-2325-235x132.jpg 235w, https:\/\/www.diarioimagen.net\/wp-content\/uploads\/2014\/04\/turismo-2325-202x114.jpg 202w, https:\/\/www.diarioimagen.net\/wp-content\/uploads\/2014\/04\/turismo-2325-350x196.jpg 350w, https:\/\/www.diarioimagen.net\/wp-content\/uploads\/2014\/04\/turismo-2325-220x123.jpg 220w, https:\/\/www.diarioimagen.net\/wp-content\/uploads\/2014\/04\/turismo-2325-237x132.jpg 237w, https:\/\/www.diarioimagen.net\/wp-content\/uploads\/2014\/04\/turismo-2325.jpg 480w\" sizes=\"auto, (max-width: 240px) 100vw, 240px\" \/><\/a><p id=\"caption-attachment-168831\" class=\"wp-caption-text\">Cesvi da tips para conducir en vacaciones.<\/p><\/div>\n<p>\u2730\u2730\u2730\u2730\u2730\u00a0En este periodo vacacional de semana santa se incrementa notablemente el flujo de veh\u00edculos en carretera, y aunado a ello los riesgos visuales que conlleva el conducir en periodo de mucho calor, propiciando diversos riesgos. El Centro de Experimentaci\u00f3n y Seguridad Vial, Cesvi M\u00e9xico, hace algunas recomendaciones para evitar los riesgos que representan algunos efectos visuales provocados por el calor, as\u00ed como sugerencias adecuadas al salir a carretera bajo estas condiciones. Las situaciones de riesgo por deslumbramiento m\u00e1s frecuentes son las producidas por efectos del sol, colisi\u00f3n por alcances, salidas de la v\u00eda y p\u00e9rdida de visibilidad a la salida de un t\u00fanel. El espejismo es una ilusi\u00f3n \u00f3ptica en la que los objetos lejanos aparecen reflejados en una superficie lisa como si se estuviera contemplando una superficie l\u00edquida que, en realidad, no existe. Cesvi M\u00e9xico afirma que una fotoprotecci\u00f3n ocular adecuada aten\u00faa la fatiga visual al conducir y evita riesgos de deslumbramiento durante la conducci\u00f3n. Para conducir es necesario protegerse con lentes de sol, preferentemente con cristales de color gris, ya que respetan mejor los colores naturales. Los lentes polarizados evitan los reflejos m\u00e1s molestos del sol y previene la fatiga ocular. Si se usan lentes de contacto, aunque haya un filtro solar es recomendable el uso a\u00f1adido de lentes de sol. En el caso de llevar lentes graduados, es necesario llevar lentes de sol graduados, adaptados a las necesidades de cada quien. Si viajas en motocicleta, llevar lentes de sol que sean lo suficientemente envolventes para impedir que las particular de polvo y otros cuerpos extra\u00f1os penetren en los ojos. Adem\u00e1s Cesvi M\u00e9xco hace algunas recomendaciones generales de preparaci\u00f3n y conducci\u00f3n en este periodo vacacional. Si a pesar de llevar lentes de sol, se sufre un deslumbramiento no responder frenando bruscamente, reducir poco a poco la velocidad hasta que se adecue a las condiciones de velocidad. Antes de comenzar un viaje duerma lo suficiente. Ya que las consecuencias de dormir poco (menos de cuatro horas por d\u00eda), repercute de manera importante en el organismo y genera un deterioro en las tareas que requieren vigilancia como es el caso de manejar veh\u00edculos. La p\u00e9rdida regular de una o dos horas de sue\u00f1o puede generar \u201cdeudas de sue\u00f1o\u201d y lo llevar\u00e1 a un adormecimiento cr\u00f3nico, s\u00f3lo dormir el tiempo suficiente puede reducir esa deuda de sue\u00f1o. Programe su viaje, nunca debe fijarse horas r\u00edgidas de llegada a su destino, si sale con tiempo holgado, podr\u00e1 disfrutar el recorrido, sin prisas y en forma segura. Es recomendable iniciar el viaje a primera hora de la ma\u00f1ana de esta forma aprovechar\u00e1 toda la luz del d\u00eda para conducir, si el viaje es muy largo antes de caer la noche hosp\u00e9dese en un lugar seguro. No es recomendable conducir por la noche debido a que se puede desconocer la carretera y sobre todo por no contar con la luz del d\u00eda suficiente.<b> <\/b><\/p>\n<p><i><em><a href=\"mailto:victoriagprado@gmail.com\" target=\"_blank\">victoriagprado@gmail.com<\/a><\/em><\/i><\/p>\n","protected":false},"excerpt":{"rendered":"<p>Hoteles <i>City<\/i> refuerza su programa de recompensas <i>City <\/i>Premios con una alianza con <i>PayBack,<\/i> el programa de lealtad multi-socio. A partir de ahora, los socios <i>City <\/i>Premios podr\u00e1n transferir sus puntos a su Monedero <i>PayBack<\/i>. <\/p>\n","protected":false},"author":3,"featured_media":168831,"comment_status":"open","ping_status":"open","sticky":false,"template":"","format":"standard","meta":{"_monsterinsights_skip_tracking":false,"_monsterinsights_sitenote_active":false,"_monsterinsights_sitenote_note":"","_monsterinsights_sitenote_category":0,"footnotes":""},"categories":[11],"tags":[107,43681,106],"class_list":["post-168762","post","type-post","status-publish","format-standard","has-post-thumbnail","hentry","category-turismo","tag-de-cinco-estrellas","tag-turismo","tag-victoria-gonzalez-prado"],"_links":{"self":[{"href":"https:\/\/www.diarioimagen.net\/index.php?rest_route=\/wp\/v2\/posts\/168762","targetHints":{"allow":["GET"]}}],"collection":[{"href":"https:\/\/www.diarioimagen.net\/index.php?rest_route=\/wp\/v2\/posts"}],"about":[{"href":"https:\/\/www.diarioimagen.net\/index.php?rest_route=\/wp\/v2\/types\/post"}],"author":[{"embeddable":true,"href":"https:\/\/www.diarioimagen.net\/index.php?rest_route=\/wp\/v2\/users\/3"}],"replies":[{"embeddable":true,"href":"https:\/\/www.diarioimagen.net\/index.php?rest_route=%2Fwp%2Fv2%2Fcomments&post=168762"}],"version-history":[{"count":0,"href":"https:\/\/www.diarioimagen.net\/index.php?rest_route=\/wp\/v2\/posts\/168762\/revisions"}],"wp:featuredmedia":[{"embeddable":true,"href":"https:\/\/www.diarioimagen.net\/index.php?rest_route=\/wp\/v2\/media\/168831"}],"wp:attachment":[{"href":"https:\/\/www.diarioimagen.net\/index.php?rest_route=%2Fwp%2Fv2%2Fmedia&parent=168762"}],"wp:term":[{"taxonomy":"category","embeddable":true,"href":"https:\/\/www.diarioimagen.net\/index.php?rest_route=%2Fwp%2Fv2%2Fcategories&post=168762"},{"taxonomy":"post_tag","embeddable":true,"href":"https:\/\/www.diarioimagen.net\/index.php?rest_route=%2Fwp%2Fv2%2Ftags&post=168762"}],"curies":[{"name":"wp","href":"https:\/\/api.w.org\/{rel}","templated":true}]}}