{"id":168779,"date":"2014-04-01T00:07:11","date_gmt":"2014-04-01T06:07:11","guid":{"rendered":"http:\/\/www.diarioimagen.net\/?p=168779"},"modified":"2014-04-01T02:25:05","modified_gmt":"2014-04-01T08:25:05","slug":"mexico-ahorro-1635-mdp-con-horario-de-verano-2013","status":"publish","type":"post","link":"https:\/\/www.diarioimagen.net\/?p=168779","title":{"rendered":"M\u00e9xico ahorr\u00f3 1,635 mdp con Horario de Verano 2013"},"content":{"rendered":"<ul>\n<li><strong><em>Adem\u00e1s, se evit\u00f3 la emisi\u00f3n a la atm\u00f3sfera de 595 mil toneladas de bi\u00f3xido de carbono y la quema de 771 mil barriles de petr\u00f3leo<\/em><\/strong><\/li>\n<\/ul>\n<div id=\"attachment_168824\" style=\"width: 250px\" class=\"wp-caption alignleft\"><a href=\"http:\/\/www.diarioimagen.net\/wp-content\/uploads\/2014\/04\/ENERGIA-2325.jpg\"><img loading=\"lazy\" decoding=\"async\" aria-describedby=\"caption-attachment-168824\" class=\"size-medium wp-image-168824\" alt=\"El objetivo del Horario de Verano es ahorrar energ\u00eda y se aplica entre los meses de abril y octubre de cada a\u00f1o.\" src=\"http:\/\/www.diarioimagen.net\/wp-content\/uploads\/2014\/04\/ENERGIA-2325-240x135.jpg\" width=\"240\" height=\"135\" srcset=\"https:\/\/www.diarioimagen.net\/wp-content\/uploads\/2014\/04\/ENERGIA-2325-240x135.jpg 240w, https:\/\/www.diarioimagen.net\/wp-content\/uploads\/2014\/04\/ENERGIA-2325-420x236.jpg 420w, https:\/\/www.diarioimagen.net\/wp-content\/uploads\/2014\/04\/ENERGIA-2325-235x132.jpg 235w, https:\/\/www.diarioimagen.net\/wp-content\/uploads\/2014\/04\/ENERGIA-2325-202x114.jpg 202w, https:\/\/www.diarioimagen.net\/wp-content\/uploads\/2014\/04\/ENERGIA-2325-350x196.jpg 350w, https:\/\/www.diarioimagen.net\/wp-content\/uploads\/2014\/04\/ENERGIA-2325-220x123.jpg 220w, https:\/\/www.diarioimagen.net\/wp-content\/uploads\/2014\/04\/ENERGIA-2325-237x132.jpg 237w, https:\/\/www.diarioimagen.net\/wp-content\/uploads\/2014\/04\/ENERGIA-2325.jpg 480w\" sizes=\"auto, (max-width: 240px) 100vw, 240px\" \/><\/a><p id=\"caption-attachment-168824\" class=\"wp-caption-text\">El objetivo del Horario de Verano es ahorrar energ\u00eda y se aplica entre los meses de abril y octubre de cada a\u00f1o.<\/p><\/div>\n<p>Durante el a\u00f1o pasado, el ahorro de electricidad fue de mil 224 gigawatts por hora (GWh) gracias a la aplicaci\u00f3n del Horario de Verano, lo cual se tradujo en un ahorro de mil 635 millones de pesos, inform\u00f3 el Fideicomiso para el Ahorro de Energ\u00eda El\u00e9ctrica (Fide).<\/p>\n<p>Ello, precisa el organismo en un comunicado, si se considera un costo medio de la energ\u00eda el\u00e9ctrica de 1.33 pesos el kilowatt por hora para los usuarios dom\u00e9sticos, por lo que dicho ahorro fue 18 por ciento mayor en relaci\u00f3n al consumo de 2012.<\/p>\n<p>Mientras que en materia ambiental se evit\u00f3 la emisi\u00f3n de 595 mil toneladas de bi\u00f3xido de carbono, as\u00ed como la quema de 771 mil barriles de petr\u00f3leo crudo, tomando en cuenta que gran parte de la energ\u00eda que se consume en el pa\u00eds se gener\u00f3 a partir de combustibles f\u00f3siles.<\/p>\n<p>De acuerdo con el Fide, el ahorro acumulado por la aplicaci\u00f3n del programa, desde su inicio hasta el a\u00f1o pasado, permiti\u00f3 dejar de consumir 20 mil 648 GWh, lo cual representa el consumo el\u00e9ctrico de 11.9 millones de hogares durante todo un a\u00f1o.<\/p>\n<p>El Horario de Verano se aplica en M\u00e9xico desde 1996, con el objetivo de ahorrar energ\u00eda el\u00e9ctrica, y dicho programa consiste en modificar la hora del encendido de la luz en los intervalos en los cuales se muestra un mayor consumo de energ\u00eda en los hogares.<\/p>\n<p>Estas diferencias, abunda el Fide, suelen ser mayores en un horario de 5:00 a 8:00 horas; mientras que durante la tarde y la noche este horario corre desde las 17:00 hasta las 24:00 horas, aproximadamente.<\/p>\n<p>En M\u00e9xico, el Horario de Verano inicia el primer domingo de abril y concluye el \u00faltimo domingo de octubre, excepto en los 33 municipios de la franja fronteriza norte, en donde se aplica del segundo domingo de marzo al primer domingo de noviembre.<\/p>\n<p>&nbsp;<\/p>\n","protected":false},"excerpt":{"rendered":"<p>Durante el a\u00f1o pasado, el ahorro de electricidad fue de mil 224 gigawatts por hora (GWh) gracias a la aplicaci\u00f3n del Horario de Verano, lo cual se tradujo en un ahorro de mil 635 millones de pesos, inform\u00f3 el Fideicomiso para el Ahorro de Energ\u00eda El\u00e9ctrica (Fide).<\/p>\n","protected":false},"author":3,"featured_media":168824,"comment_status":"open","ping_status":"open","sticky":false,"template":"","format":"standard","meta":{"_monsterinsights_skip_tracking":false,"_monsterinsights_sitenote_active":false,"_monsterinsights_sitenote_note":"","_monsterinsights_sitenote_category":0,"footnotes":""},"categories":[3],"tags":[31619,4659,44,43673],"class_list":["post-168779","post","type-post","status-publish","format-standard","has-post-thumbnail","hentry","category-nacional","tag-ahorro","tag-horario-de-verano","tag-mexico","tag-nacional"],"_links":{"self":[{"href":"https:\/\/www.diarioimagen.net\/index.php?rest_route=\/wp\/v2\/posts\/168779","targetHints":{"allow":["GET"]}}],"collection":[{"href":"https:\/\/www.diarioimagen.net\/index.php?rest_route=\/wp\/v2\/posts"}],"about":[{"href":"https:\/\/www.diarioimagen.net\/index.php?rest_route=\/wp\/v2\/types\/post"}],"author":[{"embeddable":true,"href":"https:\/\/www.diarioimagen.net\/index.php?rest_route=\/wp\/v2\/users\/3"}],"replies":[{"embeddable":true,"href":"https:\/\/www.diarioimagen.net\/index.php?rest_route=%2Fwp%2Fv2%2Fcomments&post=168779"}],"version-history":[{"count":0,"href":"https:\/\/www.diarioimagen.net\/index.php?rest_route=\/wp\/v2\/posts\/168779\/revisions"}],"wp:featuredmedia":[{"embeddable":true,"href":"https:\/\/www.diarioimagen.net\/index.php?rest_route=\/wp\/v2\/media\/168824"}],"wp:attachment":[{"href":"https:\/\/www.diarioimagen.net\/index.php?rest_route=%2Fwp%2Fv2%2Fmedia&parent=168779"}],"wp:term":[{"taxonomy":"category","embeddable":true,"href":"https:\/\/www.diarioimagen.net\/index.php?rest_route=%2Fwp%2Fv2%2Fcategories&post=168779"},{"taxonomy":"post_tag","embeddable":true,"href":"https:\/\/www.diarioimagen.net\/index.php?rest_route=%2Fwp%2Fv2%2Ftags&post=168779"}],"curies":[{"name":"wp","href":"https:\/\/api.w.org\/{rel}","templated":true}]}}