{"id":168850,"date":"2014-04-02T00:04:16","date_gmt":"2014-04-02T06:04:16","guid":{"rendered":"http:\/\/www.diarioimagen.net\/?p=168850"},"modified":"2014-04-02T03:11:39","modified_gmt":"2014-04-02T09:11:39","slug":"vuelca-trailer-con-basura-en-periferico-y-palmas","status":"publish","type":"post","link":"https:\/\/www.diarioimagen.net\/?p=168850","title":{"rendered":"Vuelca tr\u00e1iler en carriles centrales del Perif\u00e9rico"},"content":{"rendered":"<ul>\n<li><em><strong>El chofer result\u00f3 ileso<\/strong><\/em><\/li>\n<\/ul>\n<div id=\"attachment_168851\" style=\"width: 250px\" class=\"wp-caption alignleft\"><img loading=\"lazy\" decoding=\"async\" aria-describedby=\"caption-attachment-168851\" class=\"size-medium wp-image-168851 \" alt=\"Al lugar arribaron param\u00e9dicos de la Cruz Roja, as\u00ed como patrullas, quienes abanderan el accidente y agilizan el tr\u00e1nsito. \" src=\"http:\/\/www.diarioimagen.net\/wp-content\/uploads\/2014\/04\/TRAILER-portal-240x135.jpg\" width=\"240\" height=\"135\" srcset=\"https:\/\/www.diarioimagen.net\/wp-content\/uploads\/2014\/04\/TRAILER-portal-240x135.jpg 240w, https:\/\/www.diarioimagen.net\/wp-content\/uploads\/2014\/04\/TRAILER-portal-420x236.jpg 420w, https:\/\/www.diarioimagen.net\/wp-content\/uploads\/2014\/04\/TRAILER-portal-235x132.jpg 235w, https:\/\/www.diarioimagen.net\/wp-content\/uploads\/2014\/04\/TRAILER-portal-202x114.jpg 202w, https:\/\/www.diarioimagen.net\/wp-content\/uploads\/2014\/04\/TRAILER-portal-350x196.jpg 350w, https:\/\/www.diarioimagen.net\/wp-content\/uploads\/2014\/04\/TRAILER-portal-220x123.jpg 220w, https:\/\/www.diarioimagen.net\/wp-content\/uploads\/2014\/04\/TRAILER-portal-237x132.jpg 237w, https:\/\/www.diarioimagen.net\/wp-content\/uploads\/2014\/04\/TRAILER-portal.jpg 480w\" sizes=\"auto, (max-width: 240px) 100vw, 240px\" \/><p id=\"caption-attachment-168851\" class=\"wp-caption-text\">La pesada unidad qued\u00f3 recargada sobre su lado derecho en los carriles centrales del Perif\u00e9rico.<\/p><\/div>\n<p>Un tr\u00e1iler que transportaba basura volc\u00f3 en carriles centrales del Perif\u00e9rico al salir del puente que cruza Paseo de las Palmas, con direcci\u00f3n al norte de la ciudad.<\/p>\n<p>El conductor perdi\u00f3 el control del cami\u00f3n el cual se volte\u00f3 a su lado derecho provocando la obstrucci\u00f3n del carril de extrema derecha de los carriles centrales y gran parte de la basura cay\u00f3 en la extrema izquierda tambi\u00e9n de los carriles centrales.<\/p>\n<p>El chofer tuvo lesiones leves y fue atendido en el lugar sin necesidad de ser trasladado al hospital.<\/p>\n<p>El accidente ocurri\u00f3 poco antes de las 9:00 horas, con direcci\u00f3n al norte, cuando al pesado tr\u00e1iler le gan\u00f3\u00a0 el peso de la carga.<\/p>\n<p>El tr\u00e1iler con placas 182DG5 qued\u00f3 reclinado en el camell\u00f3n donde se ubican las columnas del segundo piso.<\/p>\n<p>Elementos de la Secretar\u00eda de Protecci\u00f3n Civil informaron que el chofer, C\u00e9sar R\u00edos Barrera, de 55 a\u00f1os de edad, result\u00f3 ileso.<\/p>\n","protected":false},"excerpt":{"rendered":"<p>Un tr\u00e1iler que transportaba basura volc\u00f3 en carriles centrales del Perif\u00e9rico al salir del puente que cruza Paseo de las Palmas, con direcci\u00f3n al norte de la ciudad.<\/p>\n","protected":false},"author":5,"featured_media":168851,"comment_status":"open","ping_status":"open","sticky":false,"template":"","format":"standard","meta":{"_monsterinsights_skip_tracking":false,"_monsterinsights_sitenote_active":false,"_monsterinsights_sitenote_note":"","_monsterinsights_sitenote_category":0,"footnotes":""},"categories":[7],"tags":[18179,1021,43677,2173,13021],"class_list":["post-168850","post","type-post","status-publish","format-standard","has-post-thumbnail","hentry","category-seguridad","tag-basura","tag-periferico","tag-seguridad","tag-trailer","tag-volcadura"],"_links":{"self":[{"href":"https:\/\/www.diarioimagen.net\/index.php?rest_route=\/wp\/v2\/posts\/168850","targetHints":{"allow":["GET"]}}],"collection":[{"href":"https:\/\/www.diarioimagen.net\/index.php?rest_route=\/wp\/v2\/posts"}],"about":[{"href":"https:\/\/www.diarioimagen.net\/index.php?rest_route=\/wp\/v2\/types\/post"}],"author":[{"embeddable":true,"href":"https:\/\/www.diarioimagen.net\/index.php?rest_route=\/wp\/v2\/users\/5"}],"replies":[{"embeddable":true,"href":"https:\/\/www.diarioimagen.net\/index.php?rest_route=%2Fwp%2Fv2%2Fcomments&post=168850"}],"version-history":[{"count":0,"href":"https:\/\/www.diarioimagen.net\/index.php?rest_route=\/wp\/v2\/posts\/168850\/revisions"}],"wp:featuredmedia":[{"embeddable":true,"href":"https:\/\/www.diarioimagen.net\/index.php?rest_route=\/wp\/v2\/media\/168851"}],"wp:attachment":[{"href":"https:\/\/www.diarioimagen.net\/index.php?rest_route=%2Fwp%2Fv2%2Fmedia&parent=168850"}],"wp:term":[{"taxonomy":"category","embeddable":true,"href":"https:\/\/www.diarioimagen.net\/index.php?rest_route=%2Fwp%2Fv2%2Fcategories&post=168850"},{"taxonomy":"post_tag","embeddable":true,"href":"https:\/\/www.diarioimagen.net\/index.php?rest_route=%2Fwp%2Fv2%2Ftags&post=168850"}],"curies":[{"name":"wp","href":"https:\/\/api.w.org\/{rel}","templated":true}]}}