{"id":168905,"date":"2014-04-02T00:06:35","date_gmt":"2014-04-02T06:06:35","guid":{"rendered":"http:\/\/www.diarioimagen.net\/?p=168905"},"modified":"2014-04-02T03:38:54","modified_gmt":"2014-04-02T09:38:54","slug":"evangelicos-en-el-desplome-de-ebrard","status":"publish","type":"post","link":"https:\/\/www.diarioimagen.net\/?p=168905","title":{"rendered":"Evang\u00e9licos, en el desplome de Ebrard"},"content":{"rendered":"<h2>\u00cdndice pol\u00edtico<\/h2>\n<h5>Francisco Rodr\u00edguez<\/h5>\n<p><span><br \/>\nHasta hace poco, quienes eran funcionarios del gobierno capitalino se disputaban el honor de haberle conseguido a Marcelo Ebrard \u2014al precio que fuera, sacado de nuestro bolsillo\u2014 el premio al \u201cmejor alcalde del mundo\u201d.<\/span><\/p>\n<p>Nadie crey\u00f3 nunca el dichoso premio, pues pasaba chabacanamente sobre las cabezas de hombres pol\u00edticos de a de veras, sobresalientes al frente de ciudades de verdad, en pa\u00edses serios, de primer mundo y no en aldeas saqueadas por corruptos perredistas, como Chilangotitl\u00e1n.<\/p>\n<p>Todos los espacios que publicaron en la prensa y en medios electr\u00f3nicos los \u201cjefes\u201d de prensa y de turismo, \u00d3scar Arg\u00fcelles y Alejandro Rojas, entre los que peleaban la primac\u00eda, s\u00f3lo sirvieron para ridiculizarlo y dejarlo a merced de las tribus amarillas que se lo comieron vivo y lo dejaron seriamente da\u00f1ado entre los damnificados por sus abusos, oblig\u00e1ndolo a buscar refugio en su quinto partido pol\u00edtico \u2014ya fue del PRI, del Verde, del PCD (del cual Manuel Camacho dijo que, si no consegu\u00eda el registro, se retiraba), del PRD y ahora \u00bfser\u00e1? del MC.<\/p>\n<p>El sexto ser\u00eda el Partido del Encuentro Social, un grupo de pastores evang\u00e9licos que le costaron varias decenas de millones de los ahora \u201cperdidos\u201d 489 que le reclama la Federaci\u00f3n al GCDMX.<\/p>\n<p>Y es que Federico Escobedo Miramontes, quien cobr\u00f3 seis a\u00f1os como coordinador general de Modernizaci\u00f3n (?) Administrativa en el finalizado periodo de Ebrard, tambi\u00e9n era el administrador de las ministraciones que se le otorgaron, desde el Antiguo Palacio del Ayuntamiento al sedicente Partido del Encuentro Social, en tr\u00e1mite de registro ante el IFE, el INE o lo que sea que vaya a resultar.<\/p>\n<p>Carretonadas de dinero del erario p\u00fablico que se usaron para financiar a Hugo Flores y a una horda de vividores que se ostentan como pastores de la grey evang\u00e9lica y que crecen a expensas de los errores y \u201cagasajos\u201d de los purpurados cat\u00f3licos, entregados a toda laya de desenfrenos y corruptelas.<\/p>\n<p>No quiere decir que unos sean mejores que otros. Lo que quiere decir es que si los registros se van a entregar a troche y moche, sin conocer los or\u00edgenes del financiamiento, al rato nos vamos a enterar que no s\u00f3lo cancelan la L\u00ednea 12 \u2014que en dinero actual cost\u00f3 tanto como la obra m\u00e1s grande del emperador Claudio (la V\u00eda Acqua) que dot\u00f3 de l\u00edquido vital a una Roma de m\u00e1s de un mill\u00f3n de habitantes\u2014, sino que vamos a tener que descolgar hasta los retratos de la familia para obsequiar los caprichos de cualquier prevaricador que se presente con piel de cordero, escondiendo el rabo de lobo.<\/p>\n<p align=\"center\"><b>Y CAMACHO, CALLADITO<\/b><\/p>\n<p>Desde hace unas semanas, cuando su ex amigo Carlos Salinas lo evidenci\u00f3 y maltrat\u00f3, Manuel Camacho guarda silencio.<\/p>\n<p>Parece mentira. Despu\u00e9s de haber dedicado los \u00faltimos 30 a\u00f1os a crear, alimentar y publicitar a su favorito Ebrard, hoy no se atreve a escribir una sola l\u00ednea, a balbucear una sola declaraci\u00f3n, a mandar una carta de tres p\u00e1rrafos a cualquier redacci\u00f3n de medio cachete para defender su honorabilidad, o al menos, su inocencia.<\/p>\n<p>Despu\u00e9s que dej\u00f3 hasta la zalea contra moros y cristianos, profetas y fariseos, por hacer de Ebrard una figura de proyecci\u00f3n hist\u00f3rica \u2014claro, poco menos que la suya, que de hecho es ya emblem\u00e1tica en la historia moderna de lo chusco y rampl\u00f3n\u2014, Camacho Sol\u00eds no ha empe\u00f1ado una sola de sus lapidarias frases para defenderlo, ahora que m\u00e1s necesita de su prestigio protector.<\/p>\n<p>El \u201cpadre de la patria\u201d, como se le conoce en el PRD despu\u00e9s de aquella declaraci\u00f3n de Acosta Naranjo (\u201ctodo est\u00e1 mal si no se lo consultan\u201d o si es propuesta de un grupo al que no lo invitaron) ha preferido defender a los panistas de Calder\u00f3n \u2014Cordero, Gil\u2014 o a Ren\u00e9 Bejarano, antes de salir, aunque sea unos minutos, a defender a su pupilo.<\/p>\n<p>\u00bfPor qu\u00e9 ser\u00e1?<\/p>\n<p><b><i>\u00cdndice Flam\u00edgero:<\/i><\/b> Qui\u00e9n autoriza las comisiones que todav\u00eda cobran por sus contratos p\u00fablicos las dos alegres divorciadas de Marcelo Ebrard. \u00a1Qu\u00e9 bonitas familias hizo y deshizo! Y es que, tanto la primera como la segunda de las tres esposas del insaciable gal\u00e1n (Francesca Ramos y Mariagna Pratts), siguen cobrando sus (negocios?) divorcios en jugosos contratos en n\u00f3minas. \u00a1Ah, qu\u00e9 Marcelo! \u00bfY cu\u00e1l es la f\u00f3rmula? Ni modo de preguntar qu\u00e9 les da, pues ya lo sabemos: dinero.<\/p>\n<p><em><a href=\"http:\/\/www.indicepolitico.com\/\" target=\"_blank\"><em>www.indicepolitico.com<\/em><\/a><br \/>\n<\/em><em><a href=\"mailto:pacorodriguez@journalist.com\" target=\"_blank\">pacorodriguez@journalist.com<\/a><\/em><\/p>\n","protected":false},"excerpt":{"rendered":"<p><span style=\"color: #005497;\"><strong>Francisco Rodr\u00edguez<\/strong><\/span><\/p>\n","protected":false},"author":3,"featured_media":0,"comment_status":"open","ping_status":"open","sticky":false,"template":"","format":"standard","meta":{"_monsterinsights_skip_tracking":false,"_monsterinsights_sitenote_active":false,"_monsterinsights_sitenote_note":"","_monsterinsights_sitenote_category":0,"footnotes":""},"categories":[549],"tags":[43689,550,7350],"class_list":["post-168905","post","type-post","status-publish","format-standard","hentry","category-francisco-rodriguez","tag-francisco-rodriguez","tag-indice-politico","tag-marcelo-ebrard-casaubon"],"_links":{"self":[{"href":"https:\/\/www.diarioimagen.net\/index.php?rest_route=\/wp\/v2\/posts\/168905","targetHints":{"allow":["GET"]}}],"collection":[{"href":"https:\/\/www.diarioimagen.net\/index.php?rest_route=\/wp\/v2\/posts"}],"about":[{"href":"https:\/\/www.diarioimagen.net\/index.php?rest_route=\/wp\/v2\/types\/post"}],"author":[{"embeddable":true,"href":"https:\/\/www.diarioimagen.net\/index.php?rest_route=\/wp\/v2\/users\/3"}],"replies":[{"embeddable":true,"href":"https:\/\/www.diarioimagen.net\/index.php?rest_route=%2Fwp%2Fv2%2Fcomments&post=168905"}],"version-history":[{"count":0,"href":"https:\/\/www.diarioimagen.net\/index.php?rest_route=\/wp\/v2\/posts\/168905\/revisions"}],"wp:attachment":[{"href":"https:\/\/www.diarioimagen.net\/index.php?rest_route=%2Fwp%2Fv2%2Fmedia&parent=168905"}],"wp:term":[{"taxonomy":"category","embeddable":true,"href":"https:\/\/www.diarioimagen.net\/index.php?rest_route=%2Fwp%2Fv2%2Fcategories&post=168905"},{"taxonomy":"post_tag","embeddable":true,"href":"https:\/\/www.diarioimagen.net\/index.php?rest_route=%2Fwp%2Fv2%2Ftags&post=168905"}],"curies":[{"name":"wp","href":"https:\/\/api.w.org\/{rel}","templated":true}]}}