{"id":168936,"date":"2014-04-02T00:07:47","date_gmt":"2014-04-02T06:07:47","guid":{"rendered":"http:\/\/www.diarioimagen.net\/?p=168936"},"modified":"2014-04-07T01:47:10","modified_gmt":"2014-04-07T06:47:10","slug":"pena-nieto-anuncia-mayor-coordinacion-con-estados","status":"publish","type":"post","link":"https:\/\/www.diarioimagen.net\/?p=168936","title":{"rendered":"Pe\u00f1a Nieto anuncia mayor coordinaci\u00f3n con estados"},"content":{"rendered":"<ul>\n<li><strong><em>El Presidente se\u00f1ala que su gobierno trabaja para todos los mexicanos, sin distingo del origen partidario de los gobiernos de cada entidad<\/em><\/strong><\/li>\n<\/ul>\n<h6>Jos\u00e9 Luis Monta\u00f1ez<\/h6>\n<p>&nbsp;<\/p>\n<div id=\"attachment_168969\" style=\"width: 250px\" class=\"wp-caption alignleft\"><a href=\"http:\/\/www.diarioimagen.net\/wp-content\/uploads\/2014\/04\/epn-cruzada-2326.jpg\"><img loading=\"lazy\" decoding=\"async\" aria-describedby=\"caption-attachment-168969\" class=\"size-medium wp-image-168969\" alt=\"Luego de encabezar la entrega de apoyos, el presidente Enrique Pe\u00f1a Nieto, recorri\u00f3, junto con algunos ni\u00f1os, un comedor, un huerto, un tianguis comunitario y una tienda m\u00f3vil de Diconsa.\" src=\"http:\/\/www.diarioimagen.net\/wp-content\/uploads\/2014\/04\/epn-cruzada-2326-240x135.jpg\" width=\"240\" height=\"135\" srcset=\"https:\/\/www.diarioimagen.net\/wp-content\/uploads\/2014\/04\/epn-cruzada-2326-240x135.jpg 240w, https:\/\/www.diarioimagen.net\/wp-content\/uploads\/2014\/04\/epn-cruzada-2326-420x236.jpg 420w, https:\/\/www.diarioimagen.net\/wp-content\/uploads\/2014\/04\/epn-cruzada-2326-235x132.jpg 235w, https:\/\/www.diarioimagen.net\/wp-content\/uploads\/2014\/04\/epn-cruzada-2326-202x114.jpg 202w, https:\/\/www.diarioimagen.net\/wp-content\/uploads\/2014\/04\/epn-cruzada-2326-350x196.jpg 350w, https:\/\/www.diarioimagen.net\/wp-content\/uploads\/2014\/04\/epn-cruzada-2326-220x123.jpg 220w, https:\/\/www.diarioimagen.net\/wp-content\/uploads\/2014\/04\/epn-cruzada-2326-237x132.jpg 237w, https:\/\/www.diarioimagen.net\/wp-content\/uploads\/2014\/04\/epn-cruzada-2326.jpg 480w\" sizes=\"auto, (max-width: 240px) 100vw, 240px\" \/><\/a><p id=\"caption-attachment-168969\" class=\"wp-caption-text\">Luego de encabezar la entrega de apoyos, el presidente Enrique Pe\u00f1a Nieto, recorri\u00f3, junto con algunos ni\u00f1os, un comedor, un huerto, un tianguis comunitario y una tienda m\u00f3vil de Diconsa.<\/p><\/div>\n<p><strong>San Jos\u00e9 del Rinc\u00f3n, Estado de M\u00e9xico<\/strong>.- El presidente Enrique Pe\u00f1a Nieto reafirm\u00f3 el compromiso del gobierno de la Rep\u00fablica \u201cpara seguir haciendo equipo y trabajo coordinado con la autoridad estatal y las autoridades municipales\u201d del Estado de M\u00e9xico, como se est\u00e1 haciendo en otras entidades.<\/p>\n<p>\u201cQueremos seguir haciendo una mayor coordinaci\u00f3n, seguir trabajando. Ahora hemos decidido coordinarnos de mejor manera en los trabajos para la seguridad p\u00fablica del Estado de M\u00e9xico\u201d, a\u00f1adi\u00f3.<\/p>\n<p>Al encabezar la entrega de apoyos de distintos programas sociales, en el marco de la Cruzada Nacional Contra el Hambre, en \u00e9ste que es uno de los municipios m\u00e1s pobres de la entidad, el primer mandatario subray\u00f3: somos un gobierno que trabaja para los mexicanos, sin distingo del origen partidario que los gobiernos tengan en cada entidad.<\/p>\n<p>\u201cLo importante es que nuestro actuar se acredite de manera eficiente, de manera eficaz, en resultados y en beneficios para todos los mexicanos\u201d, en especial pensando en las ni\u00f1as y ni\u00f1os de todo el pa\u00eds, y que \u201cdebemos trabajar para asegurarles un mejor ma\u00f1ana como legado de nuestro esfuerzo, un mejor futuro para todas y todos ellos\u201d.<\/p>\n<p>Destac\u00f3 que ese es el principal motivo \u201cde todo lo que venimos haciendo para que las familias tengan condiciones de mayor bienestar. Es pensando en nuestros hijos, para que puedan tener un mejor porvenir, para que el futuro les sonr\u00eda y que en \u00e9l encuentren oportunidades y condiciones que les permitan alcanzar sus sue\u00f1os, sus anhelos, todo lo que se propongan llevar a cabo\u201d.<\/p>\n<p>Dijo que los ni\u00f1os y j\u00f3venes que reciben los apoyos de la pol\u00edtica social del gobierno de la Rep\u00fablica van a sentir en carne propia esos beneficios porque van a tener una mejor alimentaci\u00f3n, una mejor vivienda, porque sus padres podr\u00e1n tener acceso a los proyectos productivos que les van a permitir tener abasto alimenticio, y adem\u00e1s tener un ingreso excedente para mejorar la calidad de vida de sus ni\u00f1os.<\/p>\n<p>El titular del Ejecutivo federal se\u00f1al\u00f3 que ha dado indicaciones a la Secretaria de Desarrollo Social (Sedesol) para ampliar los programas sociales \u201cespecialmente en zonas que est\u00e1n a mayor distancia, en zonas rec\u00f3nditas, y en donde estos programas no hab\u00edan llegado en los \u00faltimos a\u00f1os\u201d.<\/p>\n<p>Para el caso espec\u00edfico del Estado de M\u00e9xico, dio a conocer algunas cifras relevantes de los avances que se han registrado en los distintos programas sociales: \u201cla Tarjeta Sin Hambre se ha extendido a 110 mil mexiquenses; ha crecido en 176 el n\u00famero de tiendas Diconsa, y solamente en el Estado de M\u00e9xico son 32 mil nuevos beneficiarios del Programa Liconsa\u201d.<\/p>\n<p>A\u00f1adi\u00f3 que ha dado la instrucci\u00f3n a la Sedesol para acelerar en la entidad la construcci\u00f3n de m\u00e1s comedores comunitarios, para que \u201clleguen no s\u00f3lo a las comunidades rurales, sino tambi\u00e9n a las zonas urbanas donde hemos encontrado est\u00e1 el mayor \u00edndice de pobreza\u201d.<\/p>\n<p>Mencion\u00f3 que ya son m\u00e1s de 3 millones de mexicanos \u201cque a trav\u00e9s de distintos programas hoy est\u00e1n teniendo una alimentaci\u00f3n diaria, y este programa tiene que seguir creciendo\u201d.<\/p>\n<p>El Presidente de la Rep\u00fablica anunci\u00f3 que el pr\u00f3ximo mes de mayo ser\u00e1 dedicado a la Cruzada Nacional Contra el Hambre, y se estar\u00e1n significando \u201cvarias de las acciones que el gobierno de la Rep\u00fablica est\u00e1 haciendo en todo el pa\u00eds para asegurar que todos los mexicanos, especialmente aquellos que padecen hambre, tengan una diaria alimentaci\u00f3n\u201d.<\/p>\n<p align=\"center\"><b>Nuestros hijos ya comen mejor: Mar\u00eda Ana Toribio L\u00f3pez<\/b><\/p>\n<p>Por su parte, Mar\u00eda Ana Toribio L\u00f3pez, beneficiaria del Programa Opciones Productivas de la Sedesol, y quien tiene un proyecto de frutas en conserva, agradeci\u00f3 al Presidente de la Rep\u00fablica el apoyo que reciben a trav\u00e9s de los diferentes programas, ya que en sus comunidades y hogares, dijo, \u201cya tenemos productos para que nuestros hijos coman mejor\u201d.<\/p>\n<p>\u201cNos han tra\u00eddo beneficios, hemos visto el cambio que hemos tenido en cada una de nuestras familias, y que todav\u00eda siguen familias que van a ser beneficiadas\u201d, agreg\u00f3 Mar\u00eda Ana.<\/p>\n<p>Se\u00f1al\u00f3 que sus productos y proyectos los pueden llevar a cabo, y lo \u00fanico que necesitan es un \u201cempujoncito\u201d para que \u201ctengan mercado nacional y, por qu\u00e9 no decirlo, internacionalmente, se\u00f1or Presidente\u201d.<\/p>\n<p>\u201cNosotras como mujeres ya no queremos seguir estirando la mano al marido. Porque nosotras las mujeres tenemos las capacidades, tenemos la fuerza, tenemos la inquietud de seguir adelante\u201d, expres\u00f3.<\/p>\n<p align=\"center\"><b>La pol\u00edtica social se construye desde abajo: Rosario Robles<\/b><\/p>\n<p>La pol\u00edtica social del gobierno de la Rep\u00fablica se trabaja y construye desde abajo; con la gente y las comunidades, como fue la instrucci\u00f3n del presidente Enrique Pe\u00f1a Nieto desde el inicio de su administraci\u00f3n, asegur\u00f3 la secretaria de Desarrollo Social, Rosario Robles Berlanga.<\/p>\n<p>Indic\u00f3 que a m\u00e1s de un a\u00f1o del lanzamiento de la Cruzada Nacional Contra el Hambre, los resultados son tangibles: de los 7 millones de mexicanos planteados como poblaci\u00f3n-objetivo, hoy 3 millones de mexicanos comen mejor, muchos de ellos de comunidades ind\u00edgenas.<\/p>\n<p>Entre los beneficios que est\u00e1n otorgando los diversos programas sociales, la titular de la Sedesol destac\u00f3 la enorme ampliaci\u00f3n del padr\u00f3n de beneficiarios de la leche Liconsa, cuyo costo de producci\u00f3n es de 9.50 pesos por litro, pero el precio se mantiene en 4.50 pesos porque es para las familias de m\u00e1s bajos ingresos.<\/p>\n<p>\u201cEn el transcurso de 2014 llegaremos a 263 mil beneficiarios m\u00e1s de la leche Liconsa; es decir, 263 mil nuevas familias, personas, mujeres y, sobre todo, ni\u00f1os y ni\u00f1as que podr\u00e1n consumir este producto, que es a favor de la alimentaci\u00f3n\u00a0 y de la nutrici\u00f3n, que es lo que marca la Cruzada Nacional Contra el Hambre\u201d, concluy\u00f3.<\/p>\n","protected":false},"excerpt":{"rendered":"<p><span style=\"color: #005497;\"><strong>Jos\u00e9 Luis Monta\u00f1ez<\/strong><\/span><br \/>\n<br \/>\nEl presidente Enrique Pe\u00f1a Nieto reafirm\u00f3 el compromiso del gobierno de la Rep\u00fablica \u201cpara seguir haciendo equipo y trabajo coordinado con la autoridad estatal y las autoridades municipales\u201d del Estado de M\u00e9xico, como se est\u00e1 haciendo en otras entidades.<\/p>\n","protected":false},"author":3,"featured_media":168969,"comment_status":"open","ping_status":"open","sticky":false,"template":"","format":"standard","meta":{"_monsterinsights_skip_tracking":false,"_monsterinsights_sitenote_active":false,"_monsterinsights_sitenote_note":"","_monsterinsights_sitenote_category":0,"footnotes":""},"categories":[3],"tags":[18,43675,43673,10308],"class_list":["post-168936","post","type-post","status-publish","format-standard","has-post-thumbnail","hentry","category-nacional","tag-enrique-pena-nieto","tag-estado-de-mexico","tag-nacional","tag-san-jose-del-rincon"],"_links":{"self":[{"href":"https:\/\/www.diarioimagen.net\/index.php?rest_route=\/wp\/v2\/posts\/168936","targetHints":{"allow":["GET"]}}],"collection":[{"href":"https:\/\/www.diarioimagen.net\/index.php?rest_route=\/wp\/v2\/posts"}],"about":[{"href":"https:\/\/www.diarioimagen.net\/index.php?rest_route=\/wp\/v2\/types\/post"}],"author":[{"embeddable":true,"href":"https:\/\/www.diarioimagen.net\/index.php?rest_route=\/wp\/v2\/users\/3"}],"replies":[{"embeddable":true,"href":"https:\/\/www.diarioimagen.net\/index.php?rest_route=%2Fwp%2Fv2%2Fcomments&post=168936"}],"version-history":[{"count":0,"href":"https:\/\/www.diarioimagen.net\/index.php?rest_route=\/wp\/v2\/posts\/168936\/revisions"}],"wp:featuredmedia":[{"embeddable":true,"href":"https:\/\/www.diarioimagen.net\/index.php?rest_route=\/wp\/v2\/media\/168969"}],"wp:attachment":[{"href":"https:\/\/www.diarioimagen.net\/index.php?rest_route=%2Fwp%2Fv2%2Fmedia&parent=168936"}],"wp:term":[{"taxonomy":"category","embeddable":true,"href":"https:\/\/www.diarioimagen.net\/index.php?rest_route=%2Fwp%2Fv2%2Fcategories&post=168936"},{"taxonomy":"post_tag","embeddable":true,"href":"https:\/\/www.diarioimagen.net\/index.php?rest_route=%2Fwp%2Fv2%2Ftags&post=168936"}],"curies":[{"name":"wp","href":"https:\/\/api.w.org\/{rel}","templated":true}]}}