{"id":169681,"date":"2014-04-08T00:08:55","date_gmt":"2014-04-08T05:08:55","guid":{"rendered":"http:\/\/www.diarioimagen.net\/?p=169681"},"modified":"2014-04-08T02:38:12","modified_gmt":"2014-04-08T07:38:12","slug":"reestructuracion-del-sistema-financiero-rural","status":"publish","type":"post","link":"https:\/\/www.diarioimagen.net\/?p=169681","title":{"rendered":"Reestructuraci\u00f3n del sistema financiero rural"},"content":{"rendered":"<ul>\n<li><strong><em>El objetivo es impulsar un campo m\u00e1s productivo, justo y competitivo, afirma Enrique Mart\u00ednez<\/em><\/strong><\/li>\n<\/ul>\n<div id=\"attachment_169710\" style=\"width: 250px\" class=\"wp-caption alignleft\"><a href=\"http:\/\/www.diarioimagen.net\/wp-content\/uploads\/2014\/04\/SAGARPA-2330.jpg\"><img loading=\"lazy\" decoding=\"async\" aria-describedby=\"caption-attachment-169710\" class=\"size-medium wp-image-169710\" alt=\"El director general de Financiera Nacional de Desarrollo Agropecuario, Rural, Forestal y Pesquero, Juan Carlos Cort\u00e9s, y el titular de la Sagarpa, Enrique Mart\u00ednez y Mart\u00ednez, durante su reuni\u00f3n.\" src=\"http:\/\/www.diarioimagen.net\/wp-content\/uploads\/2014\/04\/SAGARPA-2330-240x135.jpg\" width=\"240\" height=\"135\" srcset=\"https:\/\/www.diarioimagen.net\/wp-content\/uploads\/2014\/04\/SAGARPA-2330-240x135.jpg 240w, https:\/\/www.diarioimagen.net\/wp-content\/uploads\/2014\/04\/SAGARPA-2330-420x236.jpg 420w, https:\/\/www.diarioimagen.net\/wp-content\/uploads\/2014\/04\/SAGARPA-2330-235x132.jpg 235w, https:\/\/www.diarioimagen.net\/wp-content\/uploads\/2014\/04\/SAGARPA-2330-202x114.jpg 202w, https:\/\/www.diarioimagen.net\/wp-content\/uploads\/2014\/04\/SAGARPA-2330-350x196.jpg 350w, https:\/\/www.diarioimagen.net\/wp-content\/uploads\/2014\/04\/SAGARPA-2330-220x123.jpg 220w, https:\/\/www.diarioimagen.net\/wp-content\/uploads\/2014\/04\/SAGARPA-2330-237x132.jpg 237w, https:\/\/www.diarioimagen.net\/wp-content\/uploads\/2014\/04\/SAGARPA-2330.jpg 480w\" sizes=\"auto, (max-width: 240px) 100vw, 240px\" \/><\/a><p id=\"caption-attachment-169710\" class=\"wp-caption-text\">El director general de Financiera Nacional de Desarrollo Agropecuario, Rural, Forestal y Pesquero, Juan Carlos Cort\u00e9s, y el titular de la Sagarpa, Enrique Mart\u00ednez y Mart\u00ednez, durante su reuni\u00f3n.<\/p><\/div>\n<p>El sistema financiero rural es pilar fundamental en la conformaci\u00f3n de la reforma del campo y factor clave para cumplir con los objetivos del gobierno de la Rep\u00fablica de impulsar un campo m\u00e1s productivo, justo y competitivo, asegur\u00f3 el secretario de Agricultura, Ganader\u00eda, Desarrollo Rural, Pesca y Alimentaci\u00f3n, Enrique Mart\u00ednez y Mart\u00ednez.<\/p>\n<p>Durante la primera reuni\u00f3n de trabajo con el director general de Financiera Nacional de Desarrollo Agropecuario, Rural, Forestal y Pesquero, Juan Carlos Cort\u00e9s, el titular de la Sagarpa destac\u00f3 que ser\u00e1 de manera coordinada e integral como se instrumentar\u00e1n los diferentes esquemas de cr\u00e9ditos competitivos para detonar productividad en el sector agroalimentario mexicano.<\/p>\n<p>Acompa\u00f1ado por funcionarios de la dependencia, el secretario Enrique Mart\u00ednez y Mart\u00ednez inici\u00f3 los trabajos de gabinete entre la Saagrpa y Financiera Nacional, con el prop\u00f3sito de lograr la reestructuraci\u00f3n en el sistema financiero rural y revertir la operaci\u00f3n de una banca de desarrollo que presta cinco, seis o m\u00e1s d\u00edgitos arriba que la banca privada o comercial.<\/p>\n<p>Indic\u00f3 que se lograr\u00e1 dise\u00f1ar una banca de desarrollo que permita a los productores ser m\u00e1s productivos y competitivos, a trav\u00e9s de la relaci\u00f3n interinstitucional y constructiva con el nuevo director de esa instituci\u00f3n, quien tiene un amplio conocimiento profesional en la parte financiera y en el sector agroalimentario.<\/p>\n<p>Explic\u00f3 que de acuerdo a un an\u00e1lisis sobre pa\u00edses latinoamericanos y del mundo que otorgan cr\u00e9ditos y apoyos al sector primario, los nuestros son los m\u00e1s caros.<\/p>\n<p>&nbsp;<\/p>\n","protected":false},"excerpt":{"rendered":"<p>El sistema financiero rural es pilar fundamental en la conformaci\u00f3n de la reforma del campo y factor clave para cumplir con los objetivos del gobierno de la Rep\u00fablica de impulsar un campo m\u00e1s productivo, justo y competitivo, asegur\u00f3 el secretario de Agricultura, Ganader\u00eda, Desarrollo Rural, Pesca y Alimentaci\u00f3n, Enrique Mart\u00ednez y Mart\u00ednez.<\/p>\n","protected":false},"author":3,"featured_media":169710,"comment_status":"open","ping_status":"open","sticky":false,"template":"","format":"standard","meta":{"_monsterinsights_skip_tracking":false,"_monsterinsights_sitenote_active":false,"_monsterinsights_sitenote_note":"","_monsterinsights_sitenote_category":0,"footnotes":""},"categories":[3],"tags":[26416,43673,20091],"class_list":["post-169681","post","type-post","status-publish","format-standard","has-post-thumbnail","hentry","category-nacional","tag-enrique-martinez-y-martinez","tag-nacional","tag-sagarpa"],"_links":{"self":[{"href":"https:\/\/www.diarioimagen.net\/index.php?rest_route=\/wp\/v2\/posts\/169681","targetHints":{"allow":["GET"]}}],"collection":[{"href":"https:\/\/www.diarioimagen.net\/index.php?rest_route=\/wp\/v2\/posts"}],"about":[{"href":"https:\/\/www.diarioimagen.net\/index.php?rest_route=\/wp\/v2\/types\/post"}],"author":[{"embeddable":true,"href":"https:\/\/www.diarioimagen.net\/index.php?rest_route=\/wp\/v2\/users\/3"}],"replies":[{"embeddable":true,"href":"https:\/\/www.diarioimagen.net\/index.php?rest_route=%2Fwp%2Fv2%2Fcomments&post=169681"}],"version-history":[{"count":0,"href":"https:\/\/www.diarioimagen.net\/index.php?rest_route=\/wp\/v2\/posts\/169681\/revisions"}],"wp:featuredmedia":[{"embeddable":true,"href":"https:\/\/www.diarioimagen.net\/index.php?rest_route=\/wp\/v2\/media\/169710"}],"wp:attachment":[{"href":"https:\/\/www.diarioimagen.net\/index.php?rest_route=%2Fwp%2Fv2%2Fmedia&parent=169681"}],"wp:term":[{"taxonomy":"category","embeddable":true,"href":"https:\/\/www.diarioimagen.net\/index.php?rest_route=%2Fwp%2Fv2%2Fcategories&post=169681"},{"taxonomy":"post_tag","embeddable":true,"href":"https:\/\/www.diarioimagen.net\/index.php?rest_route=%2Fwp%2Fv2%2Ftags&post=169681"}],"curies":[{"name":"wp","href":"https:\/\/api.w.org\/{rel}","templated":true}]}}